{"id":57059,"date":"2025-05-09T06:54:13","date_gmt":"2025-05-09T09:54:13","guid":{"rendered":"https:\/\/www.pbagora.com.br\/?p=898993"},"modified":"2025-05-09T09:20:13","modified_gmt":"2025-05-09T12:20:13","slug":"policia-prende-homem-suspeito-de-agredir-e-manter-pai-amarrado-em-cama-na-cidade-de-arara","status":"publish","type":"post","link":"https:\/\/sindaopcpb.org.br\/index.php\/2025\/05\/09\/policia-prende-homem-suspeito-de-agredir-e-manter-pai-amarrado-em-cama-na-cidade-de-arara\/","title":{"rendered":"Pol\u00edcia prende homem suspeito de agredir e manter pai amarrado em cama na cidade de Arara"},"content":{"rendered":"<p><img width=\"949\" height=\"411\" src=\"https:\/\/www.pbagora.com.br\/storage\/2025\/05\/Sem-titulo-7.jpg\" class=\"attachment-large size-large wp-post-image\" alt=\"\" style=\"margin-bottom: 20px;\" decoding=\"async\" loading=\"lazy\" srcset=\"https:\/\/www.pbagora.com.br\/storage\/2025\/05\/Sem-titulo-7.jpg 949w, https:\/\/www.pbagora.com.br\/storage\/2025\/05\/Sem-titulo-7-300x130.jpg 300w, https:\/\/www.pbagora.com.br\/storage\/2025\/05\/Sem-titulo-7-150x65.jpg 150w, https:\/\/www.pbagora.com.br\/storage\/2025\/05\/Sem-titulo-7-768x333.jpg 768w, https:\/\/www.pbagora.com.br\/storage\/2025\/05\/Sem-titulo-7-380x165.jpg 380w, https:\/\/www.pbagora.com.br\/storage\/2025\/05\/Sem-titulo-7-800x346.jpg 800w, https:\/\/www.pbagora.com.br\/storage\/2025\/05\/Sem-titulo-7-80x35.jpg 80w, https:\/\/www.pbagora.com.br\/storage\/2025\/05\/Sem-titulo-7-760x329.jpg 760w, https:\/\/www.pbagora.com.br\/storage\/2025\/05\/Sem-titulo-7-600x260.jpg 600w\" sizes=\"auto, (max-width: 949px) 100vw, 949px\" \/><\/p>\n<p><\/p>\n\n\n\n<p>Uma opera\u00e7\u00e3o da pol\u00edcia, prendeu na \u00faltima quarta-feira (07), um homem, conhecido como &#8220;D\u00e9o Vaqueiro&#8221;, na cidade de Arara, na Para\u00edba, suspeito de agredir e amarrar o pr\u00f3prio pai. Segundo a Pol\u00edcia Civil, ele tamb\u00e9m teria amea\u00e7ado de morte e praticado agress\u00f5es f\u00edsicas e psicol\u00f3gicas contra a m\u00e3e.<\/p>\n\n\n\n<p>O pai do suspeito era amarrado \u00e0 cama onde dormia e, em um dos epis\u00f3dios de agress\u00e3o, chegou a se fingir de morto na tentativa de p\u00f4r fim \u00e0s viol\u00eancias. Ao acreditar que ele havia realmente falecido, o suspeito o desamarrou, momento em que a v\u00edtima aproveitou para fugir da situa\u00e7\u00e3o.<\/p>\n\n\n\n<p>O homem preso, que j\u00e1 possu\u00eda uma medida protetiva emitida pela Justi\u00e7a para que n\u00e3o se aproximasse dos pais, estava foragido desde uma tentativa de pris\u00e3o anterior realizada pela pol\u00edcia, relacionada \u00e0s suspeitas de agress\u00f5es.<\/p>\n\n\n\n<p>Al\u00e9m disso, h\u00e1 um inqu\u00e9rito em aberto na cidade de Rem\u00edgio, tamb\u00e9m na Para\u00edba, que investiga o suspeito por les\u00e3o corporal seguida de morte. &#8220;D\u00e9o Vaqueiro&#8221; foi submetido a audi\u00eancia de cust\u00f3dia e segue preso.<\/p>\n\n\n\n<p>Reda\u00e7\u00e3o<\/p>\n","protected":false},"excerpt":{"rendered":"<p><img decoding=\"async\" width=\"949\" height=\"411\" src=\"https:\/\/www.pbagora.com.br\/storage\/2025\/05\/Sem-titulo-7.jpg\" class=\"attachment-large size-large wp-post-image\" alt=\"\" loading=\"lazy\" srcset=\"https:\/\/www.pbagora.com.br\/storage\/2025\/05\/Sem-titulo-7.jpg 949w, https:\/\/www.pbagora.com.br\/storage\/2025\/05\/Sem-titulo-7-300x130.jpg 300w, https:\/\/www.pbagora.com.br\/storage\/2025\/05\/Sem-titulo-7-150x65.jpg 150w, https:\/\/www.pbagora.com.br\/storage\/2025\/05\/Sem-titulo-7-768x333.jpg 768w, https:\/\/www.pbagora.com.br\/storage\/2025\/05\/Sem-titulo-7-380x165.jpg 380w, https:\/\/www.pbagora.com.br\/storage\/2025\/05\/Sem-titulo-7-800x346.jpg 800w, https:\/\/www.pbagora.com.br\/storage\/2025\/05\/Sem-titulo-7-80x35.jpg 80w, https:\/\/www.pbagora.com.br\/storage\/2025\/05\/Sem-titulo-7-760x329.jpg 760w, https:\/\/www.pbagora.com.br\/storage\/2025\/05\/Sem-titulo-7-600x260.jpg 600w\" sizes=\"auto, (max-width: 949px) 100vw, 949px\"><\/p>\n<p>Uma opera\u00e7\u00e3o da pol\u00edcia, prendeu na \u00faltima quarta-feira (07), um homem, conhecido como \u201cD\u00e9o Vaqueiro\u201d, na cidade de\u2026<\/p>\n","protected":false},"author":123457,"featured_media":0,"comment_status":"closed","ping_status":"closed","sticky":false,"template":"","format":"standard","meta":{"advgb_blocks_editor_width":"","advgb_blocks_columns_visual_guide":"","footnotes":""},"categories":[34],"tags":[35,10839,10848],"class_list":["post-57059","post","type-post","status-publish","format-standard","hentry","category-g1","tag-g1","tag-policial","tag-rodape-01"],"author_meta":{"display_name":"Reda\u00e7\u00e3o","author_link":"https:\/\/sindaopcpb.org.br\/author\/redacao\/"},"featured_img":null,"coauthors":[],"tax_additional":{"categories":{"linked":["<a href=\"https:\/\/sindaopcpb.org.br\/g1\/\" class=\"advgb-post-tax-term\">G1<\/a>"],"unlinked":["<span class=\"advgb-post-tax-term\">G1<\/span>"]},"tags":{"linked":["<a href=\"https:\/\/sindaopcpb.org.br\/g1\/\" class=\"advgb-post-tax-term\">g1<\/a>","<a href=\"https:\/\/sindaopcpb.org.br\/g1\/\" class=\"advgb-post-tax-term\">Policial<\/a>","<a href=\"https:\/\/sindaopcpb.org.br\/g1\/\" class=\"advgb-post-tax-term\">Rodape 01<\/a>"],"unlinked":["<span class=\"advgb-post-tax-term\">g1<\/span>","<span class=\"advgb-post-tax-term\">Policial<\/span>","<span class=\"advgb-post-tax-term\">Rodape 01<\/span>"]}},"comment_count":"0","relative_dates":{"created":"Publicado 12 meses atr\u00e1s","modified":"Atualizado 12 meses atr\u00e1s"},"absolute_dates":{"created":"Publicado em 9 de maio de 2025","modified":"Atualizado em 9 de maio de 2025"},"absolute_dates_time":{"created":"Publicado em 9 de maio de 2025 06:54","modified":"Atualizado em 9 de maio de 2025 09:20"},"featured_img_caption":"","series_order":"","_links":{"self":[{"href":"https:\/\/sindaopcpb.org.br\/index.php\/wp-json\/wp\/v2\/posts\/57059","targetHints":{"allow":["GET"]}}],"collection":[{"href":"https:\/\/sindaopcpb.org.br\/index.php\/wp-json\/wp\/v2\/posts"}],"about":[{"href":"https:\/\/sindaopcpb.org.br\/index.php\/wp-json\/wp\/v2\/types\/post"}],"author":[{"embeddable":true,"href":"https:\/\/sindaopcpb.org.br\/index.php\/wp-json\/wp\/v2\/users\/123457"}],"replies":[{"embeddable":true,"href":"https:\/\/sindaopcpb.org.br\/index.php\/wp-json\/wp\/v2\/comments?post=57059"}],"version-history":[{"count":2,"href":"https:\/\/sindaopcpb.org.br\/index.php\/wp-json\/wp\/v2\/posts\/57059\/revisions"}],"predecessor-version":[{"id":57074,"href":"https:\/\/sindaopcpb.org.br\/index.php\/wp-json\/wp\/v2\/posts\/57059\/revisions\/57074"}],"wp:attachment":[{"href":"https:\/\/sindaopcpb.org.br\/index.php\/wp-json\/wp\/v2\/media?parent=57059"}],"wp:term":[{"taxonomy":"category","embeddable":true,"href":"https:\/\/sindaopcpb.org.br\/index.php\/wp-json\/wp\/v2\/categories?post=57059"},{"taxonomy":"post_tag","embeddable":true,"href":"https:\/\/sindaopcpb.org.br\/index.php\/wp-json\/wp\/v2\/tags?post=57059"}],"curies":[{"name":"wp","href":"https:\/\/api.w.org\/{rel}","templated":true}]}}