{"id":57057,"date":"2025-05-09T07:02:28","date_gmt":"2025-05-09T10:02:28","guid":{"rendered":"https:\/\/www.pbagora.com.br\/?p=898997"},"modified":"2025-05-09T09:02:28","modified_gmt":"2025-05-09T12:02:28","slug":"pc-prende-foragido-em-cajazeiras-com-11kg-de-pasta-base-de-cocaina","status":"publish","type":"post","link":"https:\/\/sindaopcpb.org.br\/index.php\/2025\/05\/09\/pc-prende-foragido-em-cajazeiras-com-11kg-de-pasta-base-de-cocaina\/","title":{"rendered":"PC prende foragido em Cajazeiras com 11kg de pasta base de coca\u00edna"},"content":{"rendered":"<p><img width=\"930\" height=\"410\" src=\"https:\/\/www.pbagora.com.br\/storage\/2025\/05\/Sem-titulo-8.jpg\" class=\"attachment-large size-large wp-post-image\" alt=\"\" style=\"margin-bottom: 20px;\" decoding=\"async\" loading=\"lazy\" srcset=\"https:\/\/www.pbagora.com.br\/storage\/2025\/05\/Sem-titulo-8.jpg 930w, https:\/\/www.pbagora.com.br\/storage\/2025\/05\/Sem-titulo-8-300x132.jpg 300w, https:\/\/www.pbagora.com.br\/storage\/2025\/05\/Sem-titulo-8-150x66.jpg 150w, https:\/\/www.pbagora.com.br\/storage\/2025\/05\/Sem-titulo-8-768x339.jpg 768w, https:\/\/www.pbagora.com.br\/storage\/2025\/05\/Sem-titulo-8-380x168.jpg 380w, https:\/\/www.pbagora.com.br\/storage\/2025\/05\/Sem-titulo-8-800x353.jpg 800w, https:\/\/www.pbagora.com.br\/storage\/2025\/05\/Sem-titulo-8-80x35.jpg 80w, https:\/\/www.pbagora.com.br\/storage\/2025\/05\/Sem-titulo-8-760x335.jpg 760w, https:\/\/www.pbagora.com.br\/storage\/2025\/05\/Sem-titulo-8-600x265.jpg 600w\" sizes=\"auto, (max-width: 930px) 100vw, 930px\" \/><\/p>\n<p><\/p>\n\n\n\n<p>Um foragido da Justi\u00e7a foi preso ontem (8) no munic\u00edpio de Cajazeiras, na Para\u00edba, em uma opera\u00e7\u00e3o conjunta entre a Pol\u00edcia Civil da Para\u00edba e as pol\u00edcias militares dos estados da Para\u00edba, Pernambuco, Cear\u00e1 e Bahia.<\/p>\n\n\n\n<p>Durante a abordagem, o suspeito foi flagrado portando 11 quilos de pasta base de coca\u00edna, al\u00e9m de carregadores e muni\u00e7\u00f5es.<\/p>\n\n\n\n<p>O material apreendido ser\u00e1 encaminhado ao Instituto de Pol\u00edcia Cient\u00edfica para an\u00e1lise. A pris\u00e3o foi formalmente comunicada \u00e0 justi\u00e7a.<\/p>\n\n\n\n<p>Reda\u00e7\u00e3o<\/p>\n","protected":false},"excerpt":{"rendered":"<p><img decoding=\"async\" width=\"930\" height=\"410\" src=\"https:\/\/www.pbagora.com.br\/storage\/2025\/05\/Sem-titulo-8.jpg\" class=\"attachment-large size-large wp-post-image\" alt=\"\" loading=\"lazy\" srcset=\"https:\/\/www.pbagora.com.br\/storage\/2025\/05\/Sem-titulo-8.jpg 930w, https:\/\/www.pbagora.com.br\/storage\/2025\/05\/Sem-titulo-8-300x132.jpg 300w, https:\/\/www.pbagora.com.br\/storage\/2025\/05\/Sem-titulo-8-150x66.jpg 150w, https:\/\/www.pbagora.com.br\/storage\/2025\/05\/Sem-titulo-8-768x339.jpg 768w, https:\/\/www.pbagora.com.br\/storage\/2025\/05\/Sem-titulo-8-380x168.jpg 380w, https:\/\/www.pbagora.com.br\/storage\/2025\/05\/Sem-titulo-8-800x353.jpg 800w, https:\/\/www.pbagora.com.br\/storage\/2025\/05\/Sem-titulo-8-80x35.jpg 80w, https:\/\/www.pbagora.com.br\/storage\/2025\/05\/Sem-titulo-8-760x335.jpg 760w, https:\/\/www.pbagora.com.br\/storage\/2025\/05\/Sem-titulo-8-600x265.jpg 600w\" sizes=\"auto, (max-width: 930px) 100vw, 930px\"><\/p>\n<p>Um foragido da Justi\u00e7a foi preso ontem (8) no munic\u00edpio de Cajazeiras, na Para\u00edba, em uma opera\u00e7\u00e3o conjunta\u2026<\/p>\n","protected":false},"author":123457,"featured_media":0,"comment_status":"closed","ping_status":"closed","sticky":false,"template":"","format":"standard","meta":{"advgb_blocks_editor_width":"","advgb_blocks_columns_visual_guide":"","footnotes":""},"categories":[34],"tags":[35,10839,10846],"class_list":["post-57057","post","type-post","status-publish","format-standard","hentry","category-g1","tag-g1","tag-policial","tag-rodape-02"],"author_meta":{"display_name":"Reda\u00e7\u00e3o","author_link":"https:\/\/sindaopcpb.org.br\/author\/redacao\/"},"featured_img":null,"coauthors":[],"tax_additional":{"categories":{"linked":["<a href=\"https:\/\/sindaopcpb.org.br\/g1\/\" class=\"advgb-post-tax-term\">G1<\/a>"],"unlinked":["<span class=\"advgb-post-tax-term\">G1<\/span>"]},"tags":{"linked":["<a href=\"https:\/\/sindaopcpb.org.br\/g1\/\" class=\"advgb-post-tax-term\">g1<\/a>","<a href=\"https:\/\/sindaopcpb.org.br\/g1\/\" class=\"advgb-post-tax-term\">Policial<\/a>","<a href=\"https:\/\/sindaopcpb.org.br\/g1\/\" class=\"advgb-post-tax-term\">Rodape 02<\/a>"],"unlinked":["<span class=\"advgb-post-tax-term\">g1<\/span>","<span class=\"advgb-post-tax-term\">Policial<\/span>","<span class=\"advgb-post-tax-term\">Rodape 02<\/span>"]}},"comment_count":"0","relative_dates":{"created":"Publicado 12 meses atr\u00e1s","modified":"Atualizado 12 meses atr\u00e1s"},"absolute_dates":{"created":"Publicado em 9 de maio de 2025","modified":"Atualizado em 9 de maio de 2025"},"absolute_dates_time":{"created":"Publicado em 9 de maio de 2025 07:02","modified":"Atualizado em 9 de maio de 2025 09:02"},"featured_img_caption":"","series_order":"","_links":{"self":[{"href":"https:\/\/sindaopcpb.org.br\/index.php\/wp-json\/wp\/v2\/posts\/57057","targetHints":{"allow":["GET"]}}],"collection":[{"href":"https:\/\/sindaopcpb.org.br\/index.php\/wp-json\/wp\/v2\/posts"}],"about":[{"href":"https:\/\/sindaopcpb.org.br\/index.php\/wp-json\/wp\/v2\/types\/post"}],"author":[{"embeddable":true,"href":"https:\/\/sindaopcpb.org.br\/index.php\/wp-json\/wp\/v2\/users\/123457"}],"replies":[{"embeddable":true,"href":"https:\/\/sindaopcpb.org.br\/index.php\/wp-json\/wp\/v2\/comments?post=57057"}],"version-history":[{"count":3,"href":"https:\/\/sindaopcpb.org.br\/index.php\/wp-json\/wp\/v2\/posts\/57057\/revisions"}],"predecessor-version":[{"id":57076,"href":"https:\/\/sindaopcpb.org.br\/index.php\/wp-json\/wp\/v2\/posts\/57057\/revisions\/57076"}],"wp:attachment":[{"href":"https:\/\/sindaopcpb.org.br\/index.php\/wp-json\/wp\/v2\/media?parent=57057"}],"wp:term":[{"taxonomy":"category","embeddable":true,"href":"https:\/\/sindaopcpb.org.br\/index.php\/wp-json\/wp\/v2\/categories?post=57057"},{"taxonomy":"post_tag","embeddable":true,"href":"https:\/\/sindaopcpb.org.br\/index.php\/wp-json\/wp\/v2\/tags?post=57057"}],"curies":[{"name":"wp","href":"https:\/\/api.w.org\/{rel}","templated":true}]}}