{"id":57051,"date":"2025-05-08T18:30:19","date_gmt":"2025-05-08T21:30:19","guid":{"rendered":"https:\/\/www.pbagora.com.br\/?p=898970"},"modified":"2025-05-08T18:30:19","modified_gmt":"2025-05-08T21:30:19","slug":"policia-prende-foragido-da-justica-com-11kg-de-pasta-base-de-cocaina-em-cajazeiras","status":"publish","type":"post","link":"https:\/\/sindaopcpb.org.br\/index.php\/2025\/05\/08\/policia-prende-foragido-da-justica-com-11kg-de-pasta-base-de-cocaina-em-cajazeiras\/","title":{"rendered":"Pol\u00edcia prende foragido da justi\u00e7a com 11kg de pasta base de coca\u00edna em Cajazeiras"},"content":{"rendered":"<p><img width=\"1024\" height=\"769\" src=\"https:\/\/www.pbagora.com.br\/storage\/2025\/05\/pasta-base-apreensao-1024x769.jpeg\" class=\"attachment-large size-large wp-post-image\" alt=\"\" style=\"margin-bottom: 20px;\" decoding=\"async\" srcset=\"https:\/\/www.pbagora.com.br\/storage\/2025\/05\/pasta-base-apreensao-1024x769.jpeg 1024w, https:\/\/www.pbagora.com.br\/storage\/2025\/05\/pasta-base-apreensao-300x225.jpeg 300w, https:\/\/www.pbagora.com.br\/storage\/2025\/05\/pasta-base-apreensao-150x113.jpeg 150w, https:\/\/www.pbagora.com.br\/storage\/2025\/05\/pasta-base-apreensao-768x576.jpeg 768w, https:\/\/www.pbagora.com.br\/storage\/2025\/05\/pasta-base-apreensao-1536x1153.jpeg 1536w, https:\/\/www.pbagora.com.br\/storage\/2025\/05\/pasta-base-apreensao-200x150.jpeg 200w, https:\/\/www.pbagora.com.br\/storage\/2025\/05\/pasta-base-apreensao-260x195.jpeg 260w, https:\/\/www.pbagora.com.br\/storage\/2025\/05\/pasta-base-apreensao-380x285.jpeg 380w, https:\/\/www.pbagora.com.br\/storage\/2025\/05\/pasta-base-apreensao-800x601.jpeg 800w, https:\/\/www.pbagora.com.br\/storage\/2025\/05\/pasta-base-apreensao-1160x871.jpeg 1160w, https:\/\/www.pbagora.com.br\/storage\/2025\/05\/pasta-base-apreensao-80x60.jpeg 80w, https:\/\/www.pbagora.com.br\/storage\/2025\/05\/pasta-base-apreensao-600x450.jpeg 600w, https:\/\/www.pbagora.com.br\/storage\/2025\/05\/pasta-base-apreensao-520x390.jpeg 520w, https:\/\/www.pbagora.com.br\/storage\/2025\/05\/pasta-base-apreensao-760x570.jpeg 760w, https:\/\/www.pbagora.com.br\/storage\/2025\/05\/pasta-base-apreensao.jpeg 1600w\" sizes=\"(max-width: 1024px) 100vw, 1024px\" \/><\/p>\n<p>Um foragido da justi\u00e7a foi preso nesta quinta-feira, 08 de maio, no munic\u00edpio de Cajazeiras\/PB, durante uma a\u00e7\u00e3o conjunta entre a Pol\u00edcia Civil da Para\u00edba e das pol\u00edcias militares da Para\u00edba, Pernambuco, Cear\u00e1 e Bahia.<\/p>\n\n\n\n<p>Durante a abordagem policial, o foragido foi flagrado com 11 quilos de pasta base de coca\u00edna, carregadores e muni\u00e7\u00f5es. <\/p>\n\n\n\n<p>O material apreendido ser\u00e1 analisado pelo Instituto de Pol\u00edcia Cient\u00edfica. A pris\u00e3o foi comunicada \u00e0 justi\u00e7a.<\/p>\n\n\n\n<p><\/p>\n\n\n\n<p><strong><em>Ascom \/ PCPB<\/em><\/strong><\/p>\n","protected":false},"excerpt":{"rendered":"<p><img loading=\"lazy\" decoding=\"async\" width=\"1024\" height=\"769\" src=\"https:\/\/www.pbagora.com.br\/storage\/2025\/05\/pasta-base-apreensao-1024x769.jpeg\" class=\"attachment-large size-large wp-post-image\" alt=\"\" srcset=\"https:\/\/www.pbagora.com.br\/storage\/2025\/05\/pasta-base-apreensao-1024x769.jpeg 1024w, https:\/\/www.pbagora.com.br\/storage\/2025\/05\/pasta-base-apreensao-300x225.jpeg 300w, https:\/\/www.pbagora.com.br\/storage\/2025\/05\/pasta-base-apreensao-150x113.jpeg 150w, https:\/\/www.pbagora.com.br\/storage\/2025\/05\/pasta-base-apreensao-768x576.jpeg 768w, https:\/\/www.pbagora.com.br\/storage\/2025\/05\/pasta-base-apreensao-1536x1153.jpeg 1536w, https:\/\/www.pbagora.com.br\/storage\/2025\/05\/pasta-base-apreensao-200x150.jpeg 200w, https:\/\/www.pbagora.com.br\/storage\/2025\/05\/pasta-base-apreensao-260x195.jpeg 260w, https:\/\/www.pbagora.com.br\/storage\/2025\/05\/pasta-base-apreensao-380x285.jpeg 380w, https:\/\/www.pbagora.com.br\/storage\/2025\/05\/pasta-base-apreensao-800x601.jpeg 800w, https:\/\/www.pbagora.com.br\/storage\/2025\/05\/pasta-base-apreensao-1160x871.jpeg 1160w, https:\/\/www.pbagora.com.br\/storage\/2025\/05\/pasta-base-apreensao-80x60.jpeg 80w, https:\/\/www.pbagora.com.br\/storage\/2025\/05\/pasta-base-apreensao-600x450.jpeg 600w, https:\/\/www.pbagora.com.br\/storage\/2025\/05\/pasta-base-apreensao-520x390.jpeg 520w, https:\/\/www.pbagora.com.br\/storage\/2025\/05\/pasta-base-apreensao-760x570.jpeg 760w, https:\/\/www.pbagora.com.br\/storage\/2025\/05\/pasta-base-apreensao.jpeg 1600w\" sizes=\"auto, (max-width: 1024px) 100vw, 1024px\"><\/p>\n<p>Um foragido da justi\u00e7a foi preso nesta quinta-feira, 08 de maio, no munic\u00edpio de Cajazeiras\/PB, durante uma a\u00e7\u00e3o\u2026<\/p>\n","protected":false},"author":123457,"featured_media":0,"comment_status":"closed","ping_status":"closed","sticky":false,"template":"","format":"standard","meta":{"advgb_blocks_editor_width":"","advgb_blocks_columns_visual_guide":"","footnotes":""},"categories":[34],"tags":[10841,35,10839],"class_list":["post-57051","post","type-post","status-publish","format-standard","hentry","category-g1","tag-destaque-centro-02","tag-g1","tag-policial"],"author_meta":{"display_name":"Reda\u00e7\u00e3o","author_link":"https:\/\/sindaopcpb.org.br\/author\/redacao\/"},"featured_img":null,"coauthors":[],"tax_additional":{"categories":{"linked":["<a href=\"https:\/\/sindaopcpb.org.br\/g1\/\" class=\"advgb-post-tax-term\">G1<\/a>"],"unlinked":["<span class=\"advgb-post-tax-term\">G1<\/span>"]},"tags":{"linked":["<a href=\"https:\/\/sindaopcpb.org.br\/g1\/\" class=\"advgb-post-tax-term\">Destaque Centro 02<\/a>","<a href=\"https:\/\/sindaopcpb.org.br\/g1\/\" class=\"advgb-post-tax-term\">g1<\/a>","<a href=\"https:\/\/sindaopcpb.org.br\/g1\/\" class=\"advgb-post-tax-term\">Policial<\/a>"],"unlinked":["<span class=\"advgb-post-tax-term\">Destaque Centro 02<\/span>","<span class=\"advgb-post-tax-term\">g1<\/span>","<span class=\"advgb-post-tax-term\">Policial<\/span>"]}},"comment_count":"0","relative_dates":{"created":"Publicado 12 meses atr\u00e1s","modified":"Atualizado 12 meses atr\u00e1s"},"absolute_dates":{"created":"Publicado em 8 de maio de 2025","modified":"Atualizado em 8 de maio de 2025"},"absolute_dates_time":{"created":"Publicado em 8 de maio de 2025 18:30","modified":"Atualizado em 8 de maio de 2025 18:30"},"featured_img_caption":"","series_order":"","_links":{"self":[{"href":"https:\/\/sindaopcpb.org.br\/index.php\/wp-json\/wp\/v2\/posts\/57051","targetHints":{"allow":["GET"]}}],"collection":[{"href":"https:\/\/sindaopcpb.org.br\/index.php\/wp-json\/wp\/v2\/posts"}],"about":[{"href":"https:\/\/sindaopcpb.org.br\/index.php\/wp-json\/wp\/v2\/types\/post"}],"author":[{"embeddable":true,"href":"https:\/\/sindaopcpb.org.br\/index.php\/wp-json\/wp\/v2\/users\/123457"}],"replies":[{"embeddable":true,"href":"https:\/\/sindaopcpb.org.br\/index.php\/wp-json\/wp\/v2\/comments?post=57051"}],"version-history":[{"count":2,"href":"https:\/\/sindaopcpb.org.br\/index.php\/wp-json\/wp\/v2\/posts\/57051\/revisions"}],"predecessor-version":[{"id":57061,"href":"https:\/\/sindaopcpb.org.br\/index.php\/wp-json\/wp\/v2\/posts\/57051\/revisions\/57061"}],"wp:attachment":[{"href":"https:\/\/sindaopcpb.org.br\/index.php\/wp-json\/wp\/v2\/media?parent=57051"}],"wp:term":[{"taxonomy":"category","embeddable":true,"href":"https:\/\/sindaopcpb.org.br\/index.php\/wp-json\/wp\/v2\/categories?post=57051"},{"taxonomy":"post_tag","embeddable":true,"href":"https:\/\/sindaopcpb.org.br\/index.php\/wp-json\/wp\/v2\/tags?post=57051"}],"curies":[{"name":"wp","href":"https:\/\/api.w.org\/{rel}","templated":true}]}}