{"id":57047,"date":"2025-05-08T09:30:17","date_gmt":"2025-05-08T12:30:17","guid":{"rendered":"https:\/\/www.pbagora.com.br\/?p=898863"},"modified":"2025-05-08T09:30:17","modified_gmt":"2025-05-08T12:30:17","slug":"defesa-vai-recorrer-de-progressao-de-regime-de-ruan-macario-apos-divulgacao-antecipada-de-liberdade","status":"publish","type":"post","link":"https:\/\/sindaopcpb.org.br\/index.php\/2025\/05\/08\/defesa-vai-recorrer-de-progressao-de-regime-de-ruan-macario-apos-divulgacao-antecipada-de-liberdade\/","title":{"rendered":"Defesa vai recorrer de progress\u00e3o de regime de Ruan Mac\u00e1rio ap\u00f3s divulga\u00e7\u00e3o antecipada de liberdade"},"content":{"rendered":"<p><img width=\"532\" height=\"400\" src=\"https:\/\/www.pbagora.com.br\/storage\/2025\/05\/ruan-macario-solto-070525-532x400-1.jpeg\" class=\"attachment-large size-large wp-post-image\" alt=\"\" style=\"margin-bottom: 20px;\" decoding=\"async\" loading=\"lazy\" srcset=\"https:\/\/www.pbagora.com.br\/storage\/2025\/05\/ruan-macario-solto-070525-532x400-1.jpeg 532w, https:\/\/www.pbagora.com.br\/storage\/2025\/05\/ruan-macario-solto-070525-532x400-1-300x226.jpeg 300w, https:\/\/www.pbagora.com.br\/storage\/2025\/05\/ruan-macario-solto-070525-532x400-1-150x113.jpeg 150w, https:\/\/www.pbagora.com.br\/storage\/2025\/05\/ruan-macario-solto-070525-532x400-1-200x150.jpeg 200w, https:\/\/www.pbagora.com.br\/storage\/2025\/05\/ruan-macario-solto-070525-532x400-1-260x195.jpeg 260w, https:\/\/www.pbagora.com.br\/storage\/2025\/05\/ruan-macario-solto-070525-532x400-1-380x286.jpeg 380w, https:\/\/www.pbagora.com.br\/storage\/2025\/05\/ruan-macario-solto-070525-532x400-1-80x60.jpeg 80w, https:\/\/www.pbagora.com.br\/storage\/2025\/05\/ruan-macario-solto-070525-532x400-1-520x390.jpeg 520w\" sizes=\"auto, (max-width: 532px) 100vw, 532px\" \/><\/p>\n<p>A defesa de Kelton Marques, motoboy morto em setembro de 2021 ap\u00f3s ser atropelado por Ruan Mac\u00e1rio, anunciou que vai recorrer da decis\u00e3o da Justi\u00e7a que concedeu ao r\u00e9u o direito de cumprir sua pena em regime semiaberto. A medida foi autorizada pela ju\u00edza Juliana Accioly Uch\u00f4a, titular da 1\u00aa Vara Mista da Comarca de Catol\u00e9 do Rocha.<\/p>\n\n\n\n<p>A decis\u00e3o judicial levou em considera\u00e7\u00e3o o tempo j\u00e1 cumprido em regime fechado, a remi\u00e7\u00e3o de pena por estudo e trabalho, e a aus\u00eancia de faltas graves durante o cumprimento da senten\u00e7a. No entanto, para a defesa da v\u00edtima, a forma como a progress\u00e3o foi efetivada gera questionamentos, principalmente porque a not\u00edcia da liberdade de Ruan circulou publicamente antes mesmo de a assist\u00eancia \u00e0 acusa\u00e7\u00e3o ser formalmente informada da decis\u00e3o.<\/p>\n\n\n\n<p>Em contato com o Portal Correio, o advogado Luiz Pereira, representante da fam\u00edlia de Kelton, criticou duramente a libera\u00e7\u00e3o de Ruan e classificou a decis\u00e3o como &#8220;lament\u00e1vel&#8221;. Ele tamb\u00e9m questionou a postura do r\u00e9u nas redes sociais, onde teria publicado fotos comemorando a liberdade em meio \u00e0 dor ainda viva da fam\u00edlia da v\u00edtima.<\/p>\n\n\n\n<p>\u201cA assist\u00eancia \u00e0 acusa\u00e7\u00e3o n\u00e3o teve acesso \u00e0 decis\u00e3o que colocou o Juan em liberdade, mas pretende recorrer dessa decis\u00e3o do Tribunal de Justi\u00e7a, e simplesmente lamenta pelo fato de uma pessoa que cometeu um horrendo crime estar agora solta e pode oferecer risco ao cidad\u00e3o, pai de fam\u00edlia, que sai para trabalhar\u201d, disse o advogado.<\/p>\n\n\n\n<p>Ruan Mac\u00e1rio foi condenado pelo atropelamento que resultou na morte de Kelton Marques no cruzamento entre as avenidas Fl\u00e1vio Ribeiro Coutinho e Esperan\u00e7a, no bairro Mana\u00edra, em Jo\u00e3o Pessoa. A Justi\u00e7a entendeu que, ap\u00f3s cumprir mais de 50% da pena imposta \u2014 somando-se o tempo de pris\u00e3o e os dias remidos \u2014, ele faz jus \u00e0 progress\u00e3o para o regime semiaberto, que ser\u00e1 cumprido mediante monitoramento eletr\u00f4nico.<\/p>\n\n\n\n<p>A defesa de Kelton Marques afirma que vai acionar inst\u00e2ncias superiores para reverter a decis\u00e3o, apontando, entre outros pontos, o impacto psicol\u00f3gico \u00e0 fam\u00edlia da v\u00edtima e a sensa\u00e7\u00e3o de impunidade provocada pela libera\u00e7\u00e3o antecipada, amplamente noticiada antes mesmo de ser formalizada \u00e0s partes envolvidas.<\/p>\n\n\n\n<p><strong><em>Reda\u00e7\u00e3o<\/em><\/strong><\/p>\n","protected":false},"excerpt":{"rendered":"<p><img decoding=\"async\" width=\"532\" height=\"400\" src=\"https:\/\/www.pbagora.com.br\/storage\/2025\/05\/ruan-macario-solto-070525-532x400-1.jpeg\" class=\"attachment-large size-large wp-post-image\" alt=\"\" loading=\"lazy\" srcset=\"https:\/\/www.pbagora.com.br\/storage\/2025\/05\/ruan-macario-solto-070525-532x400-1.jpeg 532w, https:\/\/www.pbagora.com.br\/storage\/2025\/05\/ruan-macario-solto-070525-532x400-1-300x226.jpeg 300w, https:\/\/www.pbagora.com.br\/storage\/2025\/05\/ruan-macario-solto-070525-532x400-1-150x113.jpeg 150w, https:\/\/www.pbagora.com.br\/storage\/2025\/05\/ruan-macario-solto-070525-532x400-1-200x150.jpeg 200w, https:\/\/www.pbagora.com.br\/storage\/2025\/05\/ruan-macario-solto-070525-532x400-1-260x195.jpeg 260w, https:\/\/www.pbagora.com.br\/storage\/2025\/05\/ruan-macario-solto-070525-532x400-1-380x286.jpeg 380w, https:\/\/www.pbagora.com.br\/storage\/2025\/05\/ruan-macario-solto-070525-532x400-1-80x60.jpeg 80w, https:\/\/www.pbagora.com.br\/storage\/2025\/05\/ruan-macario-solto-070525-532x400-1-520x390.jpeg 520w\" sizes=\"auto, (max-width: 532px) 100vw, 532px\"><\/p>\n<p>A defesa de Kelton Marques, motoboy morto em setembro de 2021 ap\u00f3s ser atropelado por Ruan Mac\u00e1rio, anunciou\u2026<\/p>\n","protected":false},"author":123457,"featured_media":0,"comment_status":"closed","ping_status":"closed","sticky":false,"template":"","format":"standard","meta":{"advgb_blocks_editor_width":"","advgb_blocks_columns_visual_guide":"","footnotes":""},"categories":[34],"tags":[35,10839,10842],"class_list":["post-57047","post","type-post","status-publish","format-standard","hentry","category-g1","tag-g1","tag-policial","tag-principal3"],"author_meta":{"display_name":"Reda\u00e7\u00e3o","author_link":"https:\/\/sindaopcpb.org.br\/author\/redacao\/"},"featured_img":null,"coauthors":[],"tax_additional":{"categories":{"linked":["<a href=\"https:\/\/sindaopcpb.org.br\/g1\/\" class=\"advgb-post-tax-term\">G1<\/a>"],"unlinked":["<span class=\"advgb-post-tax-term\">G1<\/span>"]},"tags":{"linked":["<a href=\"https:\/\/sindaopcpb.org.br\/g1\/\" class=\"advgb-post-tax-term\">g1<\/a>","<a href=\"https:\/\/sindaopcpb.org.br\/g1\/\" class=\"advgb-post-tax-term\">Policial<\/a>","<a href=\"https:\/\/sindaopcpb.org.br\/g1\/\" class=\"advgb-post-tax-term\">Principal3<\/a>"],"unlinked":["<span class=\"advgb-post-tax-term\">g1<\/span>","<span class=\"advgb-post-tax-term\">Policial<\/span>","<span class=\"advgb-post-tax-term\">Principal3<\/span>"]}},"comment_count":"0","relative_dates":{"created":"Publicado 12 meses atr\u00e1s","modified":"Atualizado 12 meses atr\u00e1s"},"absolute_dates":{"created":"Publicado em 8 de maio de 2025","modified":"Atualizado em 8 de maio de 2025"},"absolute_dates_time":{"created":"Publicado em 8 de maio de 2025 09:30","modified":"Atualizado em 8 de maio de 2025 09:30"},"featured_img_caption":"","series_order":"","_links":{"self":[{"href":"https:\/\/sindaopcpb.org.br\/index.php\/wp-json\/wp\/v2\/posts\/57047","targetHints":{"allow":["GET"]}}],"collection":[{"href":"https:\/\/sindaopcpb.org.br\/index.php\/wp-json\/wp\/v2\/posts"}],"about":[{"href":"https:\/\/sindaopcpb.org.br\/index.php\/wp-json\/wp\/v2\/types\/post"}],"author":[{"embeddable":true,"href":"https:\/\/sindaopcpb.org.br\/index.php\/wp-json\/wp\/v2\/users\/123457"}],"replies":[{"embeddable":true,"href":"https:\/\/sindaopcpb.org.br\/index.php\/wp-json\/wp\/v2\/comments?post=57047"}],"version-history":[{"count":1,"href":"https:\/\/sindaopcpb.org.br\/index.php\/wp-json\/wp\/v2\/posts\/57047\/revisions"}],"predecessor-version":[{"id":57048,"href":"https:\/\/sindaopcpb.org.br\/index.php\/wp-json\/wp\/v2\/posts\/57047\/revisions\/57048"}],"wp:attachment":[{"href":"https:\/\/sindaopcpb.org.br\/index.php\/wp-json\/wp\/v2\/media?parent=57047"}],"wp:term":[{"taxonomy":"category","embeddable":true,"href":"https:\/\/sindaopcpb.org.br\/index.php\/wp-json\/wp\/v2\/categories?post=57047"},{"taxonomy":"post_tag","embeddable":true,"href":"https:\/\/sindaopcpb.org.br\/index.php\/wp-json\/wp\/v2\/tags?post=57047"}],"curies":[{"name":"wp","href":"https:\/\/api.w.org\/{rel}","templated":true}]}}