{"id":57045,"date":"2025-05-08T09:59:19","date_gmt":"2025-05-08T12:59:19","guid":{"rendered":"https:\/\/www.pbagora.com.br\/?p=898886"},"modified":"2025-05-08T09:59:19","modified_gmt":"2025-05-08T12:59:19","slug":"preso-suspeito-de-tentativa-de-homicidio-na-praia-do-bessa-em-jp","status":"publish","type":"post","link":"https:\/\/sindaopcpb.org.br\/index.php\/2025\/05\/08\/preso-suspeito-de-tentativa-de-homicidio-na-praia-do-bessa-em-jp\/","title":{"rendered":"Preso suspeito de tentativa de homic\u00eddio na Praia do Bessa, em JP"},"content":{"rendered":"<p><img width=\"517\" height=\"336\" src=\"https:\/\/www.pbagora.com.br\/storage\/2025\/03\/policia-civil.jpg\" class=\"attachment-large size-large wp-post-image\" alt=\"\" style=\"margin-bottom: 20px;\" decoding=\"async\" loading=\"lazy\" srcset=\"https:\/\/www.pbagora.com.br\/storage\/2025\/03\/policia-civil.jpg 517w, https:\/\/www.pbagora.com.br\/storage\/2025\/03\/policia-civil-300x195.jpg 300w, https:\/\/www.pbagora.com.br\/storage\/2025\/03\/policia-civil-150x97.jpg 150w, https:\/\/www.pbagora.com.br\/storage\/2025\/03\/policia-civil-380x247.jpg 380w, https:\/\/www.pbagora.com.br\/storage\/2025\/03\/policia-civil-80x52.jpg 80w\" sizes=\"auto, (max-width: 517px) 100vw, 517px\" \/><\/p>\n<p>A Pol\u00edcia Civil da Para\u00edba, por meio da Delegacia de Crimes Contra o Patrim\u00f4nio (DCCPAT), prendeu, na tarde desta quarta-feira (7), um homem de 28 anos suspeito de tentativa de homic\u00eddio contra um ex-colega de trabalho. O mandado de pris\u00e3o preventiva foi expedido pela 1\u00aa Vara do Tribunal do J\u00fari da Capital.<\/p>\n\n\n\n<p>O crime aconteceu por volta das 10h da manh\u00e3 do dia 7 de junho de 2024, nas depend\u00eancias de um bar localizado na Praia do Bessa, em Jo\u00e3o Pessoa. De acordo com a investiga\u00e7\u00e3o, o suspeito atacou a v\u00edtima pelas costas com golpes de tesoura, atingindo o pesco\u00e7o, o t\u00f3rax e o bra\u00e7o da v\u00edtima, que tinha 21 anos no dia do fato. O homem atingido pelos golpes foi socorrido e sobreviveu ao ataque.<\/p>\n\n\n\n<p>Durante interrogat\u00f3rio, o investigado confessou o crime e afirmou que pretendia matar a v\u00edtima, mas n\u00e3o conseguiu consumar o ato gra\u00e7as \u00e0 interven\u00e7\u00e3o de outros funcion\u00e1rios do estabelecimento.<\/p>\n\n\n\n<p>A captura foi realizada por investigadores da DCCPAT no munic\u00edpio de Conde, litoral sul paraibano, ap\u00f3s levantamento de informa\u00e7\u00f5es que indicaram o paradeiro do foragido.<\/p>\n\n\n\n<p><strong><em>Reda\u00e7\u00e3o<\/em><\/strong><\/p>\n","protected":false},"excerpt":{"rendered":"<p><img loading=\"lazy\" decoding=\"async\" width=\"517\" height=\"336\" src=\"https:\/\/www.pbagora.com.br\/storage\/2025\/03\/policia-civil.jpg\" class=\"attachment-large size-large wp-post-image\" alt=\"\" srcset=\"https:\/\/www.pbagora.com.br\/storage\/2025\/03\/policia-civil.jpg 517w, https:\/\/www.pbagora.com.br\/storage\/2025\/03\/policia-civil-300x195.jpg 300w, https:\/\/www.pbagora.com.br\/storage\/2025\/03\/policia-civil-150x97.jpg 150w, https:\/\/www.pbagora.com.br\/storage\/2025\/03\/policia-civil-380x247.jpg 380w, https:\/\/www.pbagora.com.br\/storage\/2025\/03\/policia-civil-80x52.jpg 80w\" sizes=\"auto, (max-width: 517px) 100vw, 517px\"><\/p>\n<p>A Pol\u00edcia Civil da Para\u00edba, por meio da Delegacia de Crimes Contra o Patrim\u00f4nio (DCCPAT), prendeu, na tarde\u2026<\/p>\n","protected":false},"author":123457,"featured_media":0,"comment_status":"closed","ping_status":"closed","sticky":false,"template":"","format":"standard","meta":{"advgb_blocks_editor_width":"","advgb_blocks_columns_visual_guide":"","footnotes":""},"categories":[34],"tags":[10840,35,10839],"class_list":["post-57045","post","type-post","status-publish","format-standard","hentry","category-g1","tag-destaque-centro-03","tag-g1","tag-policial"],"author_meta":{"display_name":"Reda\u00e7\u00e3o","author_link":"https:\/\/sindaopcpb.org.br\/author\/redacao\/"},"featured_img":null,"coauthors":[],"tax_additional":{"categories":{"linked":["<a href=\"https:\/\/sindaopcpb.org.br\/g1\/\" class=\"advgb-post-tax-term\">G1<\/a>"],"unlinked":["<span class=\"advgb-post-tax-term\">G1<\/span>"]},"tags":{"linked":["<a href=\"https:\/\/sindaopcpb.org.br\/g1\/\" class=\"advgb-post-tax-term\">Destaque Centro 03<\/a>","<a href=\"https:\/\/sindaopcpb.org.br\/g1\/\" class=\"advgb-post-tax-term\">g1<\/a>","<a href=\"https:\/\/sindaopcpb.org.br\/g1\/\" class=\"advgb-post-tax-term\">Policial<\/a>"],"unlinked":["<span class=\"advgb-post-tax-term\">Destaque Centro 03<\/span>","<span class=\"advgb-post-tax-term\">g1<\/span>","<span class=\"advgb-post-tax-term\">Policial<\/span>"]}},"comment_count":"0","relative_dates":{"created":"Publicado 12 meses atr\u00e1s","modified":"Atualizado 12 meses atr\u00e1s"},"absolute_dates":{"created":"Publicado em 8 de maio de 2025","modified":"Atualizado em 8 de maio de 2025"},"absolute_dates_time":{"created":"Publicado em 8 de maio de 2025 09:59","modified":"Atualizado em 8 de maio de 2025 09:59"},"featured_img_caption":"","series_order":"","_links":{"self":[{"href":"https:\/\/sindaopcpb.org.br\/index.php\/wp-json\/wp\/v2\/posts\/57045","targetHints":{"allow":["GET"]}}],"collection":[{"href":"https:\/\/sindaopcpb.org.br\/index.php\/wp-json\/wp\/v2\/posts"}],"about":[{"href":"https:\/\/sindaopcpb.org.br\/index.php\/wp-json\/wp\/v2\/types\/post"}],"author":[{"embeddable":true,"href":"https:\/\/sindaopcpb.org.br\/index.php\/wp-json\/wp\/v2\/users\/123457"}],"replies":[{"embeddable":true,"href":"https:\/\/sindaopcpb.org.br\/index.php\/wp-json\/wp\/v2\/comments?post=57045"}],"version-history":[{"count":2,"href":"https:\/\/sindaopcpb.org.br\/index.php\/wp-json\/wp\/v2\/posts\/57045\/revisions"}],"predecessor-version":[{"id":57054,"href":"https:\/\/sindaopcpb.org.br\/index.php\/wp-json\/wp\/v2\/posts\/57045\/revisions\/57054"}],"wp:attachment":[{"href":"https:\/\/sindaopcpb.org.br\/index.php\/wp-json\/wp\/v2\/media?parent=57045"}],"wp:term":[{"taxonomy":"category","embeddable":true,"href":"https:\/\/sindaopcpb.org.br\/index.php\/wp-json\/wp\/v2\/categories?post=57045"},{"taxonomy":"post_tag","embeddable":true,"href":"https:\/\/sindaopcpb.org.br\/index.php\/wp-json\/wp\/v2\/tags?post=57045"}],"curies":[{"name":"wp","href":"https:\/\/api.w.org\/{rel}","templated":true}]}}