{"id":57043,"date":"2025-05-08T10:14:29","date_gmt":"2025-05-08T13:14:29","guid":{"rendered":"https:\/\/www.pbagora.com.br\/?p=898825"},"modified":"2025-05-08T10:14:29","modified_gmt":"2025-05-08T13:14:29","slug":"operacao-conjunta-das-policias-prendem-suspeitos-de-envolvimento-com-homicidio-e-trafico-em-santa-rita-e-lucena","status":"publish","type":"post","link":"https:\/\/sindaopcpb.org.br\/index.php\/2025\/05\/08\/operacao-conjunta-das-policias-prendem-suspeitos-de-envolvimento-com-homicidio-e-trafico-em-santa-rita-e-lucena\/","title":{"rendered":"Opera\u00e7\u00e3o conjunta das policias prendem suspeitos de envolvimento com homic\u00eddio e tr\u00e1fico em Santa Rita e Lucena"},"content":{"rendered":"<p><img width=\"941\" height=\"425\" src=\"https:\/\/www.pbagora.com.br\/storage\/2025\/05\/Sem-titulo-5.jpg\" class=\"attachment-large size-large wp-post-image\" alt=\"\" style=\"margin-bottom: 20px;\" decoding=\"async\" srcset=\"https:\/\/www.pbagora.com.br\/storage\/2025\/05\/Sem-titulo-5.jpg 941w, https:\/\/www.pbagora.com.br\/storage\/2025\/05\/Sem-titulo-5-300x135.jpg 300w, https:\/\/www.pbagora.com.br\/storage\/2025\/05\/Sem-titulo-5-150x68.jpg 150w, https:\/\/www.pbagora.com.br\/storage\/2025\/05\/Sem-titulo-5-768x347.jpg 768w, https:\/\/www.pbagora.com.br\/storage\/2025\/05\/Sem-titulo-5-380x172.jpg 380w, https:\/\/www.pbagora.com.br\/storage\/2025\/05\/Sem-titulo-5-800x361.jpg 800w, https:\/\/www.pbagora.com.br\/storage\/2025\/05\/Sem-titulo-5-80x36.jpg 80w, https:\/\/www.pbagora.com.br\/storage\/2025\/05\/Sem-titulo-5-760x343.jpg 760w, https:\/\/www.pbagora.com.br\/storage\/2025\/05\/Sem-titulo-5-600x271.jpg 600w\" sizes=\"(max-width: 941px) 100vw, 941px\" \/><\/p>\n<p><\/p>\n\n\n\n<p>Uma opera\u00e7\u00e3o conjunta das pol\u00edcias Militar e Civil foi deflagrada nas primeiras horas da manh\u00e3 de hoje (08) nos munic\u00edpios de Santa Rita e Lucena, na Regi\u00e3o Metropolitana de Jo\u00e3o Pessoa, prendeu suspeitos de homic\u00eddio e tr\u00e1fico de drogas.<\/p>\n\n\n\n<p>Equipes da For\u00e7a Regional da Pol\u00edcia Militar e agentes da 5\u00aa Delegacia de Pol\u00edcia Civil participaram da opera\u00e7\u00e3o, que teve in\u00edcio com o cumprimento de mandados judiciais. At\u00e9 a \u00faltima atualiza\u00e7\u00e3o desta reportagem, pelo menos quatro pessoas haviam sido presas.<\/p>\n\n\n\n<p>Durante as dilig\u00eancias, os policiais tamb\u00e9m apreenderam diversos materiais, incluindo duas armas de fogo, muni\u00e7\u00e3o, celulares e tamb\u00e9m uma c\u00e2mera de circuito de seguran\u00e7a. A opera\u00e7\u00e3o segue em andamento.<\/p>\n\n\n\n<p>Reda\u00e7\u00e3o<\/p>\n","protected":false},"excerpt":{"rendered":"<p><img loading=\"lazy\" decoding=\"async\" width=\"941\" height=\"425\" src=\"https:\/\/www.pbagora.com.br\/storage\/2025\/05\/Sem-titulo-5.jpg\" class=\"attachment-large size-large wp-post-image\" alt=\"\" srcset=\"https:\/\/www.pbagora.com.br\/storage\/2025\/05\/Sem-titulo-5.jpg 941w, https:\/\/www.pbagora.com.br\/storage\/2025\/05\/Sem-titulo-5-300x135.jpg 300w, https:\/\/www.pbagora.com.br\/storage\/2025\/05\/Sem-titulo-5-150x68.jpg 150w, https:\/\/www.pbagora.com.br\/storage\/2025\/05\/Sem-titulo-5-768x347.jpg 768w, https:\/\/www.pbagora.com.br\/storage\/2025\/05\/Sem-titulo-5-380x172.jpg 380w, https:\/\/www.pbagora.com.br\/storage\/2025\/05\/Sem-titulo-5-800x361.jpg 800w, https:\/\/www.pbagora.com.br\/storage\/2025\/05\/Sem-titulo-5-80x36.jpg 80w, https:\/\/www.pbagora.com.br\/storage\/2025\/05\/Sem-titulo-5-760x343.jpg 760w, https:\/\/www.pbagora.com.br\/storage\/2025\/05\/Sem-titulo-5-600x271.jpg 600w\" sizes=\"auto, (max-width: 941px) 100vw, 941px\"><\/p>\n<p>Uma opera\u00e7\u00e3o conjunta das pol\u00edcias Militar e Civil foi deflagrada nas primeiras horas da manh\u00e3 de hoje (08)\u2026<\/p>\n","protected":false},"author":123457,"featured_media":0,"comment_status":"closed","ping_status":"closed","sticky":false,"template":"","format":"standard","meta":{"advgb_blocks_editor_width":"","advgb_blocks_columns_visual_guide":"","footnotes":""},"categories":[34],"tags":[35,10839,10847],"class_list":["post-57043","post","type-post","status-publish","format-standard","hentry","category-g1","tag-g1","tag-policial","tag-rodape-03"],"author_meta":{"display_name":"Reda\u00e7\u00e3o","author_link":"https:\/\/sindaopcpb.org.br\/author\/redacao\/"},"featured_img":null,"coauthors":[],"tax_additional":{"categories":{"linked":["<a href=\"https:\/\/sindaopcpb.org.br\/g1\/\" class=\"advgb-post-tax-term\">G1<\/a>"],"unlinked":["<span class=\"advgb-post-tax-term\">G1<\/span>"]},"tags":{"linked":["<a href=\"https:\/\/sindaopcpb.org.br\/g1\/\" class=\"advgb-post-tax-term\">g1<\/a>","<a href=\"https:\/\/sindaopcpb.org.br\/g1\/\" class=\"advgb-post-tax-term\">Policial<\/a>","<a href=\"https:\/\/sindaopcpb.org.br\/g1\/\" class=\"advgb-post-tax-term\">Rodape 03<\/a>"],"unlinked":["<span class=\"advgb-post-tax-term\">g1<\/span>","<span class=\"advgb-post-tax-term\">Policial<\/span>","<span class=\"advgb-post-tax-term\">Rodape 03<\/span>"]}},"comment_count":"0","relative_dates":{"created":"Publicado 12 meses atr\u00e1s","modified":"Atualizado 12 meses atr\u00e1s"},"absolute_dates":{"created":"Publicado em 8 de maio de 2025","modified":"Atualizado em 8 de maio de 2025"},"absolute_dates_time":{"created":"Publicado em 8 de maio de 2025 10:14","modified":"Atualizado em 8 de maio de 2025 10:14"},"featured_img_caption":"","series_order":"","_links":{"self":[{"href":"https:\/\/sindaopcpb.org.br\/index.php\/wp-json\/wp\/v2\/posts\/57043","targetHints":{"allow":["GET"]}}],"collection":[{"href":"https:\/\/sindaopcpb.org.br\/index.php\/wp-json\/wp\/v2\/posts"}],"about":[{"href":"https:\/\/sindaopcpb.org.br\/index.php\/wp-json\/wp\/v2\/types\/post"}],"author":[{"embeddable":true,"href":"https:\/\/sindaopcpb.org.br\/index.php\/wp-json\/wp\/v2\/users\/123457"}],"replies":[{"embeddable":true,"href":"https:\/\/sindaopcpb.org.br\/index.php\/wp-json\/wp\/v2\/comments?post=57043"}],"version-history":[{"count":3,"href":"https:\/\/sindaopcpb.org.br\/index.php\/wp-json\/wp\/v2\/posts\/57043\/revisions"}],"predecessor-version":[{"id":57062,"href":"https:\/\/sindaopcpb.org.br\/index.php\/wp-json\/wp\/v2\/posts\/57043\/revisions\/57062"}],"wp:attachment":[{"href":"https:\/\/sindaopcpb.org.br\/index.php\/wp-json\/wp\/v2\/media?parent=57043"}],"wp:term":[{"taxonomy":"category","embeddable":true,"href":"https:\/\/sindaopcpb.org.br\/index.php\/wp-json\/wp\/v2\/categories?post=57043"},{"taxonomy":"post_tag","embeddable":true,"href":"https:\/\/sindaopcpb.org.br\/index.php\/wp-json\/wp\/v2\/tags?post=57043"}],"curies":[{"name":"wp","href":"https:\/\/api.w.org\/{rel}","templated":true}]}}