{"id":57039,"date":"2025-05-08T06:33:58","date_gmt":"2025-05-08T09:33:58","guid":{"rendered":"https:\/\/www.pbagora.com.br\/?p=898815"},"modified":"2025-05-08T06:33:58","modified_gmt":"2025-05-08T09:33:58","slug":"motorista-fica-ferido-apos-carreta-tombar-no-km-95-da-br-101-no-sentido-recife-joao-pessoa","status":"publish","type":"post","link":"https:\/\/sindaopcpb.org.br\/index.php\/2025\/05\/08\/motorista-fica-ferido-apos-carreta-tombar-no-km-95-da-br-101-no-sentido-recife-joao-pessoa\/","title":{"rendered":"Motorista fica ferido ap\u00f3s carreta tombar no km 95 da BR-101, no sentido Recife\u2013Jo\u00e3o Pessoa"},"content":{"rendered":"<p><img width=\"1024\" height=\"733\" src=\"https:\/\/www.pbagora.com.br\/storage\/2025\/03\/PRF-1024x733.jpeg\" class=\"attachment-large size-large wp-post-image\" alt=\"\" style=\"margin-bottom: 20px;\" decoding=\"async\" loading=\"lazy\" srcset=\"https:\/\/www.pbagora.com.br\/storage\/2025\/03\/PRF-1024x733.jpeg 1024w, https:\/\/www.pbagora.com.br\/storage\/2025\/03\/PRF-300x215.jpeg 300w, https:\/\/www.pbagora.com.br\/storage\/2025\/03\/PRF-150x107.jpeg 150w, https:\/\/www.pbagora.com.br\/storage\/2025\/03\/PRF-768x550.jpeg 768w, https:\/\/www.pbagora.com.br\/storage\/2025\/03\/PRF-380x272.jpeg 380w, https:\/\/www.pbagora.com.br\/storage\/2025\/03\/PRF-800x572.jpeg 800w, https:\/\/www.pbagora.com.br\/storage\/2025\/03\/PRF-80x58.jpeg 80w, https:\/\/www.pbagora.com.br\/storage\/2025\/03\/PRF-760x544.jpeg 760w, https:\/\/www.pbagora.com.br\/storage\/2025\/03\/PRF-600x429.jpeg 600w, https:\/\/www.pbagora.com.br\/storage\/2025\/03\/PRF.jpeg 1118w\" sizes=\"auto, (max-width: 1024px) 100vw, 1024px\" \/><\/p>\n<p><\/p>\n\n\n\n<p>Uma carreta carregada de areia tombou na tarde de ontem (7) na BR-101, na altura do munic\u00edpio de Alhandra. O motorista do ve\u00edculo ficou ferido devido ao acidente e foi socorrido para o Hospital de Emerg\u00eancia e Trauma de Jo\u00e3o Pessoa.<\/p>\n\n\n\n<figure class=\"wp-block-image size-full\"><img  loading=\"lazy\"  decoding=\"async\"  width=\"859\"  height=\"379\"  src=\"https:\/\/www.pbagora.com.br\/storage\/2025\/05\/Sem-titulo-4.jpg\"  alt=\"\"  class=\"wp-image-898816\"  srcset=\"https:\/\/www.pbagora.com.br\/storage\/2025\/05\/Sem-titulo-4.jpg 859w, https:\/\/www.pbagora.com.br\/storage\/2025\/05\/Sem-titulo-4-300x132.jpg 300w, https:\/\/www.pbagora.com.br\/storage\/2025\/05\/Sem-titulo-4-150x66.jpg 150w, https:\/\/www.pbagora.com.br\/storage\/2025\/05\/Sem-titulo-4-768x339.jpg 768w, https:\/\/www.pbagora.com.br\/storage\/2025\/05\/Sem-titulo-4-380x168.jpg 380w, https:\/\/www.pbagora.com.br\/storage\/2025\/05\/Sem-titulo-4-800x353.jpg 800w, https:\/\/www.pbagora.com.br\/storage\/2025\/05\/Sem-titulo-4-80x35.jpg 80w, https:\/\/www.pbagora.com.br\/storage\/2025\/05\/Sem-titulo-4-760x335.jpg 760w, https:\/\/www.pbagora.com.br\/storage\/2025\/05\/Sem-titulo-4-600x265.jpg 600w\"  sizes=\"auto, (max-width: 859px) 100vw, 859px\" ><\/figure>\n\n\n\n<p>O acidente ocorreu no km 95 da BR-101, no sentido Recife\u2013Jo\u00e3o Pessoa. O motorista teria perdido o controle da carreta, que tombou e s\u00f3 parou ao atingir o muro de uma distribuidora de bebidas \u00e0s margens da rodovia.<\/p>\n\n\n\n<p>Segundo ainda a PRF, Com o tombamento, a carga da carreta ficou espalhada pelo local do fato e parte da estrutura da ca\u00e7amba acabou destru\u00edda, permanecendo ca\u00edda no acostamento. Ainda n\u00e3o se sabe o que teria provocado o incidente.<\/p>\n\n\n\n<p>O motorista, ainda n\u00e3o identificado, sofreu ferimentos na cabe\u00e7a e foi socorrido por equipes do Corpo de Bombeiros e do Samu. Ele foi encaminhado ao Hospital de Trauma da Capital, onde est\u00e1 internado em estado regular.<\/p>\n\n\n\n<p>Reda\u00e7\u00e3o<\/p>\n","protected":false},"excerpt":{"rendered":"<p><img loading=\"lazy\" decoding=\"async\" width=\"1024\" height=\"733\" src=\"https:\/\/www.pbagora.com.br\/storage\/2025\/03\/PRF-1024x733.jpeg\" class=\"attachment-large size-large wp-post-image\" alt=\"\" srcset=\"https:\/\/www.pbagora.com.br\/storage\/2025\/03\/PRF-1024x733.jpeg 1024w, https:\/\/www.pbagora.com.br\/storage\/2025\/03\/PRF-300x215.jpeg 300w, https:\/\/www.pbagora.com.br\/storage\/2025\/03\/PRF-150x107.jpeg 150w, https:\/\/www.pbagora.com.br\/storage\/2025\/03\/PRF-768x550.jpeg 768w, https:\/\/www.pbagora.com.br\/storage\/2025\/03\/PRF-380x272.jpeg 380w, https:\/\/www.pbagora.com.br\/storage\/2025\/03\/PRF-800x572.jpeg 800w, https:\/\/www.pbagora.com.br\/storage\/2025\/03\/PRF-80x58.jpeg 80w, https:\/\/www.pbagora.com.br\/storage\/2025\/03\/PRF-760x544.jpeg 760w, https:\/\/www.pbagora.com.br\/storage\/2025\/03\/PRF-600x429.jpeg 600w, https:\/\/www.pbagora.com.br\/storage\/2025\/03\/PRF.jpeg 1118w\" sizes=\"auto, (max-width: 1024px) 100vw, 1024px\"><\/p>\n<p>Uma carreta carregada de areia tombou na tarde de ontem (7) na BR-101, na altura do munic\u00edpio de\u2026<\/p>\n","protected":false},"author":123457,"featured_media":0,"comment_status":"closed","ping_status":"closed","sticky":false,"template":"","format":"standard","meta":{"advgb_blocks_editor_width":"","advgb_blocks_columns_visual_guide":"","footnotes":""},"categories":[34],"tags":[35,10839,10844],"class_list":["post-57039","post","type-post","status-publish","format-standard","hentry","category-g1","tag-g1","tag-policial","tag-principal2"],"author_meta":{"display_name":"Reda\u00e7\u00e3o","author_link":"https:\/\/sindaopcpb.org.br\/author\/redacao\/"},"featured_img":null,"coauthors":[],"tax_additional":{"categories":{"linked":["<a href=\"https:\/\/sindaopcpb.org.br\/g1\/\" class=\"advgb-post-tax-term\">G1<\/a>"],"unlinked":["<span class=\"advgb-post-tax-term\">G1<\/span>"]},"tags":{"linked":["<a href=\"https:\/\/sindaopcpb.org.br\/g1\/\" class=\"advgb-post-tax-term\">g1<\/a>","<a href=\"https:\/\/sindaopcpb.org.br\/g1\/\" class=\"advgb-post-tax-term\">Policial<\/a>","<a href=\"https:\/\/sindaopcpb.org.br\/g1\/\" class=\"advgb-post-tax-term\">Principal2<\/a>"],"unlinked":["<span class=\"advgb-post-tax-term\">g1<\/span>","<span class=\"advgb-post-tax-term\">Policial<\/span>","<span class=\"advgb-post-tax-term\">Principal2<\/span>"]}},"comment_count":"0","relative_dates":{"created":"Publicado 12 meses atr\u00e1s","modified":"Atualizado 12 meses atr\u00e1s"},"absolute_dates":{"created":"Publicado em 8 de maio de 2025","modified":"Atualizado em 8 de maio de 2025"},"absolute_dates_time":{"created":"Publicado em 8 de maio de 2025 06:33","modified":"Atualizado em 8 de maio de 2025 06:33"},"featured_img_caption":"","series_order":"","_links":{"self":[{"href":"https:\/\/sindaopcpb.org.br\/index.php\/wp-json\/wp\/v2\/posts\/57039","targetHints":{"allow":["GET"]}}],"collection":[{"href":"https:\/\/sindaopcpb.org.br\/index.php\/wp-json\/wp\/v2\/posts"}],"about":[{"href":"https:\/\/sindaopcpb.org.br\/index.php\/wp-json\/wp\/v2\/types\/post"}],"author":[{"embeddable":true,"href":"https:\/\/sindaopcpb.org.br\/index.php\/wp-json\/wp\/v2\/users\/123457"}],"replies":[{"embeddable":true,"href":"https:\/\/sindaopcpb.org.br\/index.php\/wp-json\/wp\/v2\/comments?post=57039"}],"version-history":[{"count":2,"href":"https:\/\/sindaopcpb.org.br\/index.php\/wp-json\/wp\/v2\/posts\/57039\/revisions"}],"predecessor-version":[{"id":57050,"href":"https:\/\/sindaopcpb.org.br\/index.php\/wp-json\/wp\/v2\/posts\/57039\/revisions\/57050"}],"wp:attachment":[{"href":"https:\/\/sindaopcpb.org.br\/index.php\/wp-json\/wp\/v2\/media?parent=57039"}],"wp:term":[{"taxonomy":"category","embeddable":true,"href":"https:\/\/sindaopcpb.org.br\/index.php\/wp-json\/wp\/v2\/categories?post=57039"},{"taxonomy":"post_tag","embeddable":true,"href":"https:\/\/sindaopcpb.org.br\/index.php\/wp-json\/wp\/v2\/tags?post=57039"}],"curies":[{"name":"wp","href":"https:\/\/api.w.org\/{rel}","templated":true}]}}