{"id":57033,"date":"2025-05-07T18:20:06","date_gmt":"2025-05-07T21:20:06","guid":{"rendered":"https:\/\/www.pbagora.com.br\/?p=898754"},"modified":"2025-05-07T18:20:06","modified_gmt":"2025-05-07T21:20:06","slug":"foragido-de-goias-e-preso-pela-policia-civil-em-joao-pessoa","status":"publish","type":"post","link":"https:\/\/sindaopcpb.org.br\/index.php\/2025\/05\/07\/foragido-de-goias-e-preso-pela-policia-civil-em-joao-pessoa\/","title":{"rendered":"Foragido de Goi\u00e1s \u00e9 preso pela pol\u00edcia civil, em Jo\u00e3o Pessoa"},"content":{"rendered":"<p><img width=\"517\" height=\"336\" src=\"https:\/\/www.pbagora.com.br\/storage\/2025\/03\/policia-civil.jpg\" class=\"attachment-large size-large wp-post-image\" alt=\"\" style=\"margin-bottom: 20px;\" decoding=\"async\" loading=\"lazy\" srcset=\"https:\/\/www.pbagora.com.br\/storage\/2025\/03\/policia-civil.jpg 517w, https:\/\/www.pbagora.com.br\/storage\/2025\/03\/policia-civil-300x195.jpg 300w, https:\/\/www.pbagora.com.br\/storage\/2025\/03\/policia-civil-150x97.jpg 150w, https:\/\/www.pbagora.com.br\/storage\/2025\/03\/policia-civil-380x247.jpg 380w, https:\/\/www.pbagora.com.br\/storage\/2025\/03\/policia-civil-80x52.jpg 80w\" sizes=\"auto, (max-width: 517px) 100vw, 517px\" \/><\/p>\n<p>A Pol\u00edcia Civil da Para\u00edba, por meio da Delegacia de Repress\u00e3o ao Crime Organizado (DRACO), prendeu, na manh\u00e3 desta quarta-feira (7), um homem foragido do Estado de Goi\u00e1s, condenado a 14 anos de reclus\u00e3o por crimes como tr\u00e1fico de drogas, porte ilegal de arma de fogo, recepta\u00e7\u00e3o, roubo e adultera\u00e7\u00e3o de sinal identificador de ve\u00edculo automotor.<\/p>\n\n\n\n<p>A captura ocorreu ap\u00f3s troca de informa\u00e7\u00f5es entre a For\u00e7a Integrada de Combate ao Crime Organizado (FICCO) de Goi\u00e1s e da Para\u00edba. O investigado foi localizado em um im\u00f3vel de alto padr\u00e3o \u00e0 beira-mar, no bairro do Bessa, em Jo\u00e3o Pessoa. No momento da abordagem, o suspeito apresentou documento de identidade falso e tamb\u00e9m foi autuado em flagrante por esse crime.<\/p>\n\n\n\n<p>Conhecido como \u201cCoringa\u201d, o homem \u00e9 apontado como integrante da fac\u00e7\u00e3o criminosa Comando Vermelho em Goi\u00e1s. Natural de Ner\u00f3polis, ele exercia influ\u00eancia direta na distribui\u00e7\u00e3o de drogas em outras cidades do estado, como Nova Veneza, Santo Ant\u00f4nio do Goi\u00e1s e Goianira.<\/p>\n\n\n\n<p>A pris\u00e3o \u00e9 considerada estrat\u00e9gica pelas for\u00e7as de seguran\u00e7a, por atingir diretamente o n\u00facleo de atua\u00e7\u00e3o da fac\u00e7\u00e3o no Centro-Oeste do pa\u00eds.<\/p>\n","protected":false},"excerpt":{"rendered":"<p><img loading=\"lazy\" decoding=\"async\" width=\"517\" height=\"336\" src=\"https:\/\/www.pbagora.com.br\/storage\/2025\/03\/policia-civil.jpg\" class=\"attachment-large size-large wp-post-image\" alt=\"\" srcset=\"https:\/\/www.pbagora.com.br\/storage\/2025\/03\/policia-civil.jpg 517w, https:\/\/www.pbagora.com.br\/storage\/2025\/03\/policia-civil-300x195.jpg 300w, https:\/\/www.pbagora.com.br\/storage\/2025\/03\/policia-civil-150x97.jpg 150w, https:\/\/www.pbagora.com.br\/storage\/2025\/03\/policia-civil-380x247.jpg 380w, https:\/\/www.pbagora.com.br\/storage\/2025\/03\/policia-civil-80x52.jpg 80w\" sizes=\"auto, (max-width: 517px) 100vw, 517px\"><\/p>\n<p>A Pol\u00edcia Civil da Para\u00edba, por meio da Delegacia de Repress\u00e3o ao Crime Organizado (DRACO), prendeu, na manh\u00e3\u2026<\/p>\n","protected":false},"author":123457,"featured_media":0,"comment_status":"closed","ping_status":"closed","sticky":false,"template":"","format":"standard","meta":{"advgb_blocks_editor_width":"","advgb_blocks_columns_visual_guide":"","footnotes":""},"categories":[34],"tags":[10841,35,10839],"class_list":["post-57033","post","type-post","status-publish","format-standard","hentry","category-g1","tag-destaque-centro-02","tag-g1","tag-policial"],"author_meta":{"display_name":"Reda\u00e7\u00e3o","author_link":"https:\/\/sindaopcpb.org.br\/author\/redacao\/"},"featured_img":null,"coauthors":[],"tax_additional":{"categories":{"linked":["<a href=\"https:\/\/sindaopcpb.org.br\/g1\/\" class=\"advgb-post-tax-term\">G1<\/a>"],"unlinked":["<span class=\"advgb-post-tax-term\">G1<\/span>"]},"tags":{"linked":["<a href=\"https:\/\/sindaopcpb.org.br\/g1\/\" class=\"advgb-post-tax-term\">Destaque Centro 02<\/a>","<a href=\"https:\/\/sindaopcpb.org.br\/g1\/\" class=\"advgb-post-tax-term\">g1<\/a>","<a href=\"https:\/\/sindaopcpb.org.br\/g1\/\" class=\"advgb-post-tax-term\">Policial<\/a>"],"unlinked":["<span class=\"advgb-post-tax-term\">Destaque Centro 02<\/span>","<span class=\"advgb-post-tax-term\">g1<\/span>","<span class=\"advgb-post-tax-term\">Policial<\/span>"]}},"comment_count":"0","relative_dates":{"created":"Publicado 12 meses atr\u00e1s","modified":"Atualizado 12 meses atr\u00e1s"},"absolute_dates":{"created":"Publicado em 7 de maio de 2025","modified":"Atualizado em 7 de maio de 2025"},"absolute_dates_time":{"created":"Publicado em 7 de maio de 2025 18:20","modified":"Atualizado em 7 de maio de 2025 18:20"},"featured_img_caption":"","series_order":"","_links":{"self":[{"href":"https:\/\/sindaopcpb.org.br\/index.php\/wp-json\/wp\/v2\/posts\/57033","targetHints":{"allow":["GET"]}}],"collection":[{"href":"https:\/\/sindaopcpb.org.br\/index.php\/wp-json\/wp\/v2\/posts"}],"about":[{"href":"https:\/\/sindaopcpb.org.br\/index.php\/wp-json\/wp\/v2\/types\/post"}],"author":[{"embeddable":true,"href":"https:\/\/sindaopcpb.org.br\/index.php\/wp-json\/wp\/v2\/users\/123457"}],"replies":[{"embeddable":true,"href":"https:\/\/sindaopcpb.org.br\/index.php\/wp-json\/wp\/v2\/comments?post=57033"}],"version-history":[{"count":2,"href":"https:\/\/sindaopcpb.org.br\/index.php\/wp-json\/wp\/v2\/posts\/57033\/revisions"}],"predecessor-version":[{"id":57042,"href":"https:\/\/sindaopcpb.org.br\/index.php\/wp-json\/wp\/v2\/posts\/57033\/revisions\/57042"}],"wp:attachment":[{"href":"https:\/\/sindaopcpb.org.br\/index.php\/wp-json\/wp\/v2\/media?parent=57033"}],"wp:term":[{"taxonomy":"category","embeddable":true,"href":"https:\/\/sindaopcpb.org.br\/index.php\/wp-json\/wp\/v2\/categories?post=57033"},{"taxonomy":"post_tag","embeddable":true,"href":"https:\/\/sindaopcpb.org.br\/index.php\/wp-json\/wp\/v2\/tags?post=57033"}],"curies":[{"name":"wp","href":"https:\/\/api.w.org\/{rel}","templated":true}]}}