{"id":57031,"date":"2025-05-07T18:20:31","date_gmt":"2025-05-07T21:20:31","guid":{"rendered":"https:\/\/www.pbagora.com.br\/?p=898768"},"modified":"2025-05-07T18:20:31","modified_gmt":"2025-05-07T21:20:31","slug":"tentativa-de-feminicidio-mulher-e-atacada-a-pedradas-em-joao-pessoa-e-companheiro-e-suspeito-do-crime","status":"publish","type":"post","link":"https:\/\/sindaopcpb.org.br\/index.php\/2025\/05\/07\/tentativa-de-feminicidio-mulher-e-atacada-a-pedradas-em-joao-pessoa-e-companheiro-e-suspeito-do-crime\/","title":{"rendered":"Tentativa de feminic\u00eddio: mulher \u00e9 atacada a pedradas em Jo\u00e3o Pessoa e companheiro \u00e9 suspeito do crime"},"content":{"rendered":"<p><img width=\"1024\" height=\"683\" src=\"https:\/\/www.pbagora.com.br\/storage\/2022\/09\/trauminha_fachada_foto_julianasantos-15-scaled-1-1024x683.jpg\" class=\"attachment-large size-large wp-post-image\" alt=\"\" style=\"margin-bottom: 20px;\" decoding=\"async\" srcset=\"https:\/\/www.pbagora.com.br\/storage\/2022\/09\/trauminha_fachada_foto_julianasantos-15-scaled-1-1024x683.jpg 1024w, https:\/\/www.pbagora.com.br\/storage\/2022\/09\/trauminha_fachada_foto_julianasantos-15-scaled-1-300x200.jpg 300w, https:\/\/www.pbagora.com.br\/storage\/2022\/09\/trauminha_fachada_foto_julianasantos-15-scaled-1-150x100.jpg 150w, https:\/\/www.pbagora.com.br\/storage\/2022\/09\/trauminha_fachada_foto_julianasantos-15-scaled-1-768x512.jpg 768w, https:\/\/www.pbagora.com.br\/storage\/2022\/09\/trauminha_fachada_foto_julianasantos-15-scaled-1-1536x1025.jpg 1536w, https:\/\/www.pbagora.com.br\/storage\/2022\/09\/trauminha_fachada_foto_julianasantos-15-scaled-1-2048x1366.jpg 2048w, https:\/\/www.pbagora.com.br\/storage\/2022\/09\/trauminha_fachada_foto_julianasantos-15-scaled-1-380x254.jpg 380w, https:\/\/www.pbagora.com.br\/storage\/2022\/09\/trauminha_fachada_foto_julianasantos-15-scaled-1-800x534.jpg 800w, https:\/\/www.pbagora.com.br\/storage\/2022\/09\/trauminha_fachada_foto_julianasantos-15-scaled-1-1160x774.jpg 1160w, https:\/\/www.pbagora.com.br\/storage\/2022\/09\/trauminha_fachada_foto_julianasantos-15-scaled-1-80x53.jpg 80w, https:\/\/www.pbagora.com.br\/storage\/2022\/09\/trauminha_fachada_foto_julianasantos-15-scaled-1-760x507.jpg 760w, https:\/\/www.pbagora.com.br\/storage\/2022\/09\/trauminha_fachada_foto_julianasantos-15-scaled-1-600x400.jpg 600w, https:\/\/www.pbagora.com.br\/storage\/2022\/09\/trauminha_fachada_foto_julianasantos-15-scaled-1.jpg 2560w\" sizes=\"(max-width: 1024px) 100vw, 1024px\" \/><\/p>\n<p>Na manh\u00e3 desta quarta-feira (7), uma mulher foi atacada a pedradas no bairro de Mangabeira em Jo\u00e3o Pessoa. De acordo com a pol\u00edcia, o suspeito teria sido o homem com o qual ela mantinha um relacionamento.<\/p>\n\n\n\n<p>A ocorr\u00eancia de tentativa de feminic\u00eddio foi registrada na comunidade do Aratu. Uma jovem de 23 anos foi atingida na cabe\u00e7a com v\u00e1rias pedradas por um homem que segue sendo procurado pela pol\u00edcia.<\/p>\n\n\n\n<p>Ao chegarem ao local, os policiais encontraram a jovem ferida e sendo amparada por moradores. Ela foi conduzida para o Trauminha de Mangabeira. De acordo com a assessoria da unidade de sa\u00fade, embora as les\u00f5es tenham sido graves, a jovem n\u00e3o precisou de cirurgia.<\/p>\n\n\n\n<p>Testemunhas informaram aos policiais que o suspeito fez amea\u00e7a de mortes enquanto agredia a v\u00edtima. A motiva\u00e7\u00e3o para o atentado contra a vida da jovem ainda n\u00e3o foi revelado.<\/p>\n\n\n\n<p><\/p>\n\n\n\n<p><strong><em>PB Agora<\/em><\/strong><\/p>\n","protected":false},"excerpt":{"rendered":"<p><img loading=\"lazy\" decoding=\"async\" width=\"1024\" height=\"683\" src=\"https:\/\/www.pbagora.com.br\/storage\/2022\/09\/trauminha_fachada_foto_julianasantos-15-scaled-1-1024x683.jpg\" class=\"attachment-large size-large wp-post-image\" alt=\"\" srcset=\"https:\/\/www.pbagora.com.br\/storage\/2022\/09\/trauminha_fachada_foto_julianasantos-15-scaled-1-1024x683.jpg 1024w, https:\/\/www.pbagora.com.br\/storage\/2022\/09\/trauminha_fachada_foto_julianasantos-15-scaled-1-300x200.jpg 300w, https:\/\/www.pbagora.com.br\/storage\/2022\/09\/trauminha_fachada_foto_julianasantos-15-scaled-1-150x100.jpg 150w, https:\/\/www.pbagora.com.br\/storage\/2022\/09\/trauminha_fachada_foto_julianasantos-15-scaled-1-768x512.jpg 768w, https:\/\/www.pbagora.com.br\/storage\/2022\/09\/trauminha_fachada_foto_julianasantos-15-scaled-1-1536x1025.jpg 1536w, https:\/\/www.pbagora.com.br\/storage\/2022\/09\/trauminha_fachada_foto_julianasantos-15-scaled-1-2048x1366.jpg 2048w, https:\/\/www.pbagora.com.br\/storage\/2022\/09\/trauminha_fachada_foto_julianasantos-15-scaled-1-380x254.jpg 380w, https:\/\/www.pbagora.com.br\/storage\/2022\/09\/trauminha_fachada_foto_julianasantos-15-scaled-1-800x534.jpg 800w, https:\/\/www.pbagora.com.br\/storage\/2022\/09\/trauminha_fachada_foto_julianasantos-15-scaled-1-1160x774.jpg 1160w, https:\/\/www.pbagora.com.br\/storage\/2022\/09\/trauminha_fachada_foto_julianasantos-15-scaled-1-80x53.jpg 80w, https:\/\/www.pbagora.com.br\/storage\/2022\/09\/trauminha_fachada_foto_julianasantos-15-scaled-1-760x507.jpg 760w, https:\/\/www.pbagora.com.br\/storage\/2022\/09\/trauminha_fachada_foto_julianasantos-15-scaled-1-600x400.jpg 600w, https:\/\/www.pbagora.com.br\/storage\/2022\/09\/trauminha_fachada_foto_julianasantos-15-scaled-1.jpg 2560w\" sizes=\"auto, (max-width: 1024px) 100vw, 1024px\"><\/p>\n<p>Na manh\u00e3 desta quarta-feira (7), uma mulher foi atacada a pedradas no bairro de Mangabeira em Jo\u00e3o Pessoa.\u2026<\/p>\n","protected":false},"author":123457,"featured_media":0,"comment_status":"closed","ping_status":"closed","sticky":false,"template":"","format":"standard","meta":{"advgb_blocks_editor_width":"","advgb_blocks_columns_visual_guide":"","footnotes":""},"categories":[34],"tags":[10845,35,10839],"class_list":["post-57031","post","type-post","status-publish","format-standard","hentry","category-g1","tag-destaque-centro-01","tag-g1","tag-policial"],"author_meta":{"display_name":"Reda\u00e7\u00e3o","author_link":"https:\/\/sindaopcpb.org.br\/author\/redacao\/"},"featured_img":null,"coauthors":[],"tax_additional":{"categories":{"linked":["<a href=\"https:\/\/sindaopcpb.org.br\/g1\/\" class=\"advgb-post-tax-term\">G1<\/a>"],"unlinked":["<span class=\"advgb-post-tax-term\">G1<\/span>"]},"tags":{"linked":["<a href=\"https:\/\/sindaopcpb.org.br\/g1\/\" class=\"advgb-post-tax-term\">Destaque Centro 01<\/a>","<a href=\"https:\/\/sindaopcpb.org.br\/g1\/\" class=\"advgb-post-tax-term\">g1<\/a>","<a href=\"https:\/\/sindaopcpb.org.br\/g1\/\" class=\"advgb-post-tax-term\">Policial<\/a>"],"unlinked":["<span class=\"advgb-post-tax-term\">Destaque Centro 01<\/span>","<span class=\"advgb-post-tax-term\">g1<\/span>","<span class=\"advgb-post-tax-term\">Policial<\/span>"]}},"comment_count":"0","relative_dates":{"created":"Publicado 12 meses atr\u00e1s","modified":"Atualizado 12 meses atr\u00e1s"},"absolute_dates":{"created":"Publicado em 7 de maio de 2025","modified":"Atualizado em 7 de maio de 2025"},"absolute_dates_time":{"created":"Publicado em 7 de maio de 2025 18:20","modified":"Atualizado em 7 de maio de 2025 18:20"},"featured_img_caption":"","series_order":"","_links":{"self":[{"href":"https:\/\/sindaopcpb.org.br\/index.php\/wp-json\/wp\/v2\/posts\/57031","targetHints":{"allow":["GET"]}}],"collection":[{"href":"https:\/\/sindaopcpb.org.br\/index.php\/wp-json\/wp\/v2\/posts"}],"about":[{"href":"https:\/\/sindaopcpb.org.br\/index.php\/wp-json\/wp\/v2\/types\/post"}],"author":[{"embeddable":true,"href":"https:\/\/sindaopcpb.org.br\/index.php\/wp-json\/wp\/v2\/users\/123457"}],"replies":[{"embeddable":true,"href":"https:\/\/sindaopcpb.org.br\/index.php\/wp-json\/wp\/v2\/comments?post=57031"}],"version-history":[{"count":2,"href":"https:\/\/sindaopcpb.org.br\/index.php\/wp-json\/wp\/v2\/posts\/57031\/revisions"}],"predecessor-version":[{"id":57041,"href":"https:\/\/sindaopcpb.org.br\/index.php\/wp-json\/wp\/v2\/posts\/57031\/revisions\/57041"}],"wp:attachment":[{"href":"https:\/\/sindaopcpb.org.br\/index.php\/wp-json\/wp\/v2\/media?parent=57031"}],"wp:term":[{"taxonomy":"category","embeddable":true,"href":"https:\/\/sindaopcpb.org.br\/index.php\/wp-json\/wp\/v2\/categories?post=57031"},{"taxonomy":"post_tag","embeddable":true,"href":"https:\/\/sindaopcpb.org.br\/index.php\/wp-json\/wp\/v2\/tags?post=57031"}],"curies":[{"name":"wp","href":"https:\/\/api.w.org\/{rel}","templated":true}]}}