{"id":57028,"date":"2025-05-07T17:25:31","date_gmt":"2025-05-07T20:25:31","guid":{"rendered":"https:\/\/www.pbagora.com.br\/?p=898759"},"modified":"2025-05-07T17:25:31","modified_gmt":"2025-05-07T20:25:31","slug":"tres-sao-presos-por-tentativa-de-feminicidio-e-violencia-domestica-em-apenas-dois-dias-na-pb","status":"publish","type":"post","link":"https:\/\/sindaopcpb.org.br\/index.php\/2025\/05\/07\/tres-sao-presos-por-tentativa-de-feminicidio-e-violencia-domestica-em-apenas-dois-dias-na-pb\/","title":{"rendered":"Tr\u00eas s\u00e3o presos por tentativa de feminic\u00eddio e viol\u00eancia dom\u00e9stica em apenas dois dias, na PB"},"content":{"rendered":"<p><img width=\"984\" height=\"646\" src=\"https:\/\/www.pbagora.com.br\/storage\/2024\/06\/policia-civil-na-pb.jpg\" class=\"attachment-large size-large wp-post-image\" alt=\"\" style=\"margin-bottom: 20px;\" decoding=\"async\" srcset=\"https:\/\/www.pbagora.com.br\/storage\/2024\/06\/policia-civil-na-pb.jpg 984w, https:\/\/www.pbagora.com.br\/storage\/2024\/06\/policia-civil-na-pb-300x197.jpg 300w, https:\/\/www.pbagora.com.br\/storage\/2024\/06\/policia-civil-na-pb-150x98.jpg 150w, https:\/\/www.pbagora.com.br\/storage\/2024\/06\/policia-civil-na-pb-768x504.jpg 768w, https:\/\/www.pbagora.com.br\/storage\/2024\/06\/policia-civil-na-pb-380x249.jpg 380w, https:\/\/www.pbagora.com.br\/storage\/2024\/06\/policia-civil-na-pb-800x525.jpg 800w, https:\/\/www.pbagora.com.br\/storage\/2024\/06\/policia-civil-na-pb-80x53.jpg 80w, https:\/\/www.pbagora.com.br\/storage\/2024\/06\/policia-civil-na-pb-760x499.jpg 760w, https:\/\/www.pbagora.com.br\/storage\/2024\/06\/policia-civil-na-pb-600x394.jpg 600w\" sizes=\"(max-width: 984px) 100vw, 984px\" \/><\/p>\n<p>A Pol\u00edcia Civil da Para\u00edba, por meio da Delegacia Especializada de Atendimento \u00e0 Mulher de Santa Rita (DEAM), prendeu em flagrante, na tarde dessa ter\u00e7a-feira (6), um homem investigado por tentativa de feminic\u00eddio e amea\u00e7a. Ele teria jogado gasolina sobre a companheira e tentado atear fogo, mas a v\u00edtima conseguiu fugir ao pular o muro da resid\u00eancia e procurou imediatamente a delegacia. As equipes da Pol\u00edcia Civil se dirigiram at\u00e9 o local do fato e realizaram a pris\u00e3o em flagrante do acusado. O indiv\u00edduo foi recolhido e est\u00e1 \u00e0 disposi\u00e7\u00e3o da Justi\u00e7a;<\/p>\n\n\n\n<p>Tamb\u00e9m nessa ter\u00e7a-feira (6), uma a\u00e7\u00e3o conjunta entre a DEAM Norte, em Jo\u00e3o Pessoa, e a DEAM Guarabira resultou na pris\u00e3o de mais um investigado por viol\u00eancia dom\u00e9stica. Na semana anterior, a v\u00edtima havia procurado atendimento na unidade da Capital, onde a equipe identificou um mandado de pris\u00e3o em aberto contra o suspeito. Como ele estava na cidade de Bel\u00e9m (PB), a DEAM Guarabira foi acionada e realizou a captura.<\/p>\n\n\n\n<p>J\u00e1 na segunda-feira (5), a DEAM Norte cumpriu tr\u00eas mandados de pris\u00e3o contra um foragido da Justi\u00e7a, investigado por viol\u00eancia dom\u00e9stica e tr\u00e1fico de drogas. O homem rompeu a tornozeleira eletr\u00f4nica e estava em situa\u00e7\u00e3o de rua. Ap\u00f3s trabalho de intelig\u00eancia e dilig\u00eancias da equipe, ele foi localizado e preso.<\/p>\n\n\n\n<p>Segundo a delegada Maria Sileide Azevedo, coordenadora das Delegacias Especializadas de Atendimento \u00e0 Mulher (Coordeam\/PB), al\u00e9m do acolhimento \u00e0s v\u00edtimas, as DEAMs mant\u00eam atua\u00e7\u00e3o firme na investiga\u00e7\u00e3o dos casos, resultando em pris\u00f5es semanais e a\u00e7\u00f5es efetivas de prote\u00e7\u00e3o \u00e0s mulheres.<\/p>\n\n\n\n<p>A Pol\u00edcia Civil refor\u00e7a que den\u00fancias de viol\u00eancia contra a mulher podem ser feitas, inclusive de forma an\u00f4nima, pelos n\u00fameros 180 e 197. Em casos de emerg\u00eancia, a orienta\u00e7\u00e3o \u00e9 acionar a Pol\u00edcia Militar pelo 190.<\/p>\n\n\n\n<p><\/p>\n","protected":false},"excerpt":{"rendered":"<p><img loading=\"lazy\" decoding=\"async\" width=\"984\" height=\"646\" src=\"https:\/\/www.pbagora.com.br\/storage\/2024\/06\/policia-civil-na-pb.jpg\" class=\"attachment-large size-large wp-post-image\" alt=\"\" srcset=\"https:\/\/www.pbagora.com.br\/storage\/2024\/06\/policia-civil-na-pb.jpg 984w, https:\/\/www.pbagora.com.br\/storage\/2024\/06\/policia-civil-na-pb-300x197.jpg 300w, https:\/\/www.pbagora.com.br\/storage\/2024\/06\/policia-civil-na-pb-150x98.jpg 150w, https:\/\/www.pbagora.com.br\/storage\/2024\/06\/policia-civil-na-pb-768x504.jpg 768w, https:\/\/www.pbagora.com.br\/storage\/2024\/06\/policia-civil-na-pb-380x249.jpg 380w, https:\/\/www.pbagora.com.br\/storage\/2024\/06\/policia-civil-na-pb-800x525.jpg 800w, https:\/\/www.pbagora.com.br\/storage\/2024\/06\/policia-civil-na-pb-80x53.jpg 80w, https:\/\/www.pbagora.com.br\/storage\/2024\/06\/policia-civil-na-pb-760x499.jpg 760w, https:\/\/www.pbagora.com.br\/storage\/2024\/06\/policia-civil-na-pb-600x394.jpg 600w\" sizes=\"auto, (max-width: 984px) 100vw, 984px\"><\/p>\n<p>A Pol\u00edcia Civil da Para\u00edba, por meio da Delegacia Especializada de Atendimento \u00e0 Mulher de Santa Rita (DEAM),\u2026<\/p>\n","protected":false},"author":123457,"featured_media":0,"comment_status":"closed","ping_status":"closed","sticky":false,"template":"","format":"standard","meta":{"advgb_blocks_editor_width":"","advgb_blocks_columns_visual_guide":"","footnotes":""},"categories":[34],"tags":[10845,35,10839],"class_list":["post-57028","post","type-post","status-publish","format-standard","hentry","category-g1","tag-destaque-centro-01","tag-g1","tag-policial"],"author_meta":{"display_name":"Reda\u00e7\u00e3o","author_link":"https:\/\/sindaopcpb.org.br\/author\/redacao\/"},"featured_img":null,"coauthors":[],"tax_additional":{"categories":{"linked":["<a href=\"https:\/\/sindaopcpb.org.br\/g1\/\" class=\"advgb-post-tax-term\">G1<\/a>"],"unlinked":["<span class=\"advgb-post-tax-term\">G1<\/span>"]},"tags":{"linked":["<a href=\"https:\/\/sindaopcpb.org.br\/g1\/\" class=\"advgb-post-tax-term\">Destaque Centro 01<\/a>","<a href=\"https:\/\/sindaopcpb.org.br\/g1\/\" class=\"advgb-post-tax-term\">g1<\/a>","<a href=\"https:\/\/sindaopcpb.org.br\/g1\/\" class=\"advgb-post-tax-term\">Policial<\/a>"],"unlinked":["<span class=\"advgb-post-tax-term\">Destaque Centro 01<\/span>","<span class=\"advgb-post-tax-term\">g1<\/span>","<span class=\"advgb-post-tax-term\">Policial<\/span>"]}},"comment_count":"0","relative_dates":{"created":"Publicado 12 meses atr\u00e1s","modified":"Atualizado 12 meses atr\u00e1s"},"absolute_dates":{"created":"Publicado em 7 de maio de 2025","modified":"Atualizado em 7 de maio de 2025"},"absolute_dates_time":{"created":"Publicado em 7 de maio de 2025 17:25","modified":"Atualizado em 7 de maio de 2025 17:25"},"featured_img_caption":"","series_order":"","_links":{"self":[{"href":"https:\/\/sindaopcpb.org.br\/index.php\/wp-json\/wp\/v2\/posts\/57028","targetHints":{"allow":["GET"]}}],"collection":[{"href":"https:\/\/sindaopcpb.org.br\/index.php\/wp-json\/wp\/v2\/posts"}],"about":[{"href":"https:\/\/sindaopcpb.org.br\/index.php\/wp-json\/wp\/v2\/types\/post"}],"author":[{"embeddable":true,"href":"https:\/\/sindaopcpb.org.br\/index.php\/wp-json\/wp\/v2\/users\/123457"}],"replies":[{"embeddable":true,"href":"https:\/\/sindaopcpb.org.br\/index.php\/wp-json\/wp\/v2\/comments?post=57028"}],"version-history":[{"count":2,"href":"https:\/\/sindaopcpb.org.br\/index.php\/wp-json\/wp\/v2\/posts\/57028\/revisions"}],"predecessor-version":[{"id":57035,"href":"https:\/\/sindaopcpb.org.br\/index.php\/wp-json\/wp\/v2\/posts\/57028\/revisions\/57035"}],"wp:attachment":[{"href":"https:\/\/sindaopcpb.org.br\/index.php\/wp-json\/wp\/v2\/media?parent=57028"}],"wp:term":[{"taxonomy":"category","embeddable":true,"href":"https:\/\/sindaopcpb.org.br\/index.php\/wp-json\/wp\/v2\/categories?post=57028"},{"taxonomy":"post_tag","embeddable":true,"href":"https:\/\/sindaopcpb.org.br\/index.php\/wp-json\/wp\/v2\/tags?post=57028"}],"curies":[{"name":"wp","href":"https:\/\/api.w.org\/{rel}","templated":true}]}}