{"id":57024,"date":"2025-05-07T15:34:08","date_gmt":"2025-05-07T18:34:08","guid":{"rendered":"https:\/\/www.pbagora.com.br\/?p=898757"},"modified":"2025-05-07T15:34:08","modified_gmt":"2025-05-07T18:34:08","slug":"condenado-por-morte-de-motoboy-ruan-macario-deixa-prisao-e-vai-para-o-semiaberto","status":"publish","type":"post","link":"https:\/\/sindaopcpb.org.br\/index.php\/2025\/05\/07\/condenado-por-morte-de-motoboy-ruan-macario-deixa-prisao-e-vai-para-o-semiaberto\/","title":{"rendered":"Condenado por morte de motoboy, Ruan Mac\u00e1rio deixa pris\u00e3o e vai para o semiaberto"},"content":{"rendered":"<p><img width=\"876\" height=\"585\" src=\"https:\/\/www.pbagora.com.br\/storage\/2022\/11\/ruan_macario.jpeg\" class=\"attachment-large size-large wp-post-image\" alt=\"\" style=\"margin-bottom: 20px;\" decoding=\"async\" srcset=\"https:\/\/www.pbagora.com.br\/storage\/2022\/11\/ruan_macario.jpeg 876w, https:\/\/www.pbagora.com.br\/storage\/2022\/11\/ruan_macario-300x200.jpeg 300w, https:\/\/www.pbagora.com.br\/storage\/2022\/11\/ruan_macario-150x100.jpeg 150w, https:\/\/www.pbagora.com.br\/storage\/2022\/11\/ruan_macario-768x513.jpeg 768w, https:\/\/www.pbagora.com.br\/storage\/2022\/11\/ruan_macario-380x254.jpeg 380w, https:\/\/www.pbagora.com.br\/storage\/2022\/11\/ruan_macario-800x534.jpeg 800w, https:\/\/www.pbagora.com.br\/storage\/2022\/11\/ruan_macario-80x53.jpeg 80w, https:\/\/www.pbagora.com.br\/storage\/2022\/11\/ruan_macario-760x508.jpeg 760w, https:\/\/www.pbagora.com.br\/storage\/2022\/11\/ruan_macario-600x401.jpeg 600w\" sizes=\"(max-width: 876px) 100vw, 876px\" \/><\/p>\n<p>Ruan Ferreira de Oliveira, conhecido como Ruan Mac\u00e1rio, foi colocado em liberdade nesta quarta-feira (7) ap\u00f3s decis\u00e3o judicial que o transferiu para o regime semiaberto. O alvar\u00e1 de soltura foi expedido pela ju\u00edza Juliana Accioly Uch\u00f4a, e ele deixou a unidade prisional de Catol\u00e9 do Rocha, onde estava detido.<\/p>\n\n\n\n<p>Em abril deste ano, a C\u00e2mara Criminal do Tribunal de Justi\u00e7a da Para\u00edba (TJPB) havia reduzido sua pena de 13 anos para 8 anos e 4 meses de reclus\u00e3o. Na ocasi\u00e3o, no entanto, o colegiado manteve o cumprimento inicial da pena em regime fechado.<\/p>\n\n\n\n<p>Ruan foi condenado em dezembro de 2023 pelo homic\u00eddio qualificado com dolo eventual do motoboy Kelton Marques, de 33 anos, atropelado em setembro de 2021 no Ret\u00e3o de Mana\u00edra, em Jo\u00e3o Pessoa. De acordo com a investiga\u00e7\u00e3o policial e v\u00eddeos divulgados na \u00e9poca do caso, Ruan trafegava a mais de 160 km\/h quando avan\u00e7ou um sinal vermelho e colidiu contra a moto e acabou provocando a morte de Kelton Marques. O motoboy havia encerrado o trabalho e estava se deslocando para casa durante a madrugada.<\/p>\n\n\n\n<p>O caso gerou grande como\u00e7\u00e3o na \u00e9poca e mobilizou manifesta\u00e7\u00f5es por justi\u00e7a.<\/p>\n\n\n\n<figure class=\"wp-block-image size-full is-resized\"><img  decoding=\"async\"  width=\"532\"  height=\"400\"  src=\"https:\/\/www.pbagora.com.br\/storage\/2025\/05\/ruan-macario-solto-070525-532x400-1.jpeg\"  alt=\"\"  class=\"wp-image-898765\"  style=\"width:700px;height:auto\"  srcset=\"https:\/\/www.pbagora.com.br\/storage\/2025\/05\/ruan-macario-solto-070525-532x400-1.jpeg 532w, https:\/\/www.pbagora.com.br\/storage\/2025\/05\/ruan-macario-solto-070525-532x400-1-300x226.jpeg 300w, https:\/\/www.pbagora.com.br\/storage\/2025\/05\/ruan-macario-solto-070525-532x400-1-150x113.jpeg 150w, https:\/\/www.pbagora.com.br\/storage\/2025\/05\/ruan-macario-solto-070525-532x400-1-200x150.jpeg 200w, https:\/\/www.pbagora.com.br\/storage\/2025\/05\/ruan-macario-solto-070525-532x400-1-260x195.jpeg 260w, https:\/\/www.pbagora.com.br\/storage\/2025\/05\/ruan-macario-solto-070525-532x400-1-380x286.jpeg 380w, https:\/\/www.pbagora.com.br\/storage\/2025\/05\/ruan-macario-solto-070525-532x400-1-80x60.jpeg 80w, https:\/\/www.pbagora.com.br\/storage\/2025\/05\/ruan-macario-solto-070525-532x400-1-520x390.jpeg 520w\"  sizes=\"(max-width: 532px) 100vw, 532px\" ><figcaption class=\"wp-element-caption\">Ruan Mac\u00e1rio, solto ap\u00f3s ser condenado por matar o motoboy Kelton Marques, no Ret\u00e3o de Mana\u00edra &#8211; Foto: Reprodu\u00e7\u00e3o\/Redes sociais<\/figcaption><\/figure>\n\n\n\n<p><\/p>\n\n\n\n<p><strong><em>Reda\u00e7\u00e3o<\/em><\/strong><\/p>\n","protected":false},"excerpt":{"rendered":"<p><img loading=\"lazy\" decoding=\"async\" width=\"876\" height=\"585\" src=\"https:\/\/www.pbagora.com.br\/storage\/2022\/11\/ruan_macario.jpeg\" class=\"attachment-large size-large wp-post-image\" alt=\"\" srcset=\"https:\/\/www.pbagora.com.br\/storage\/2022\/11\/ruan_macario.jpeg 876w, https:\/\/www.pbagora.com.br\/storage\/2022\/11\/ruan_macario-300x200.jpeg 300w, https:\/\/www.pbagora.com.br\/storage\/2022\/11\/ruan_macario-150x100.jpeg 150w, https:\/\/www.pbagora.com.br\/storage\/2022\/11\/ruan_macario-768x513.jpeg 768w, https:\/\/www.pbagora.com.br\/storage\/2022\/11\/ruan_macario-380x254.jpeg 380w, https:\/\/www.pbagora.com.br\/storage\/2022\/11\/ruan_macario-800x534.jpeg 800w, https:\/\/www.pbagora.com.br\/storage\/2022\/11\/ruan_macario-80x53.jpeg 80w, https:\/\/www.pbagora.com.br\/storage\/2022\/11\/ruan_macario-760x508.jpeg 760w, https:\/\/www.pbagora.com.br\/storage\/2022\/11\/ruan_macario-600x401.jpeg 600w\" sizes=\"auto, (max-width: 876px) 100vw, 876px\"><\/p>\n<p>Ruan Ferreira de Oliveira, conhecido como Ruan Mac\u00e1rio, foi colocado em liberdade nesta quarta-feira (7) ap\u00f3s decis\u00e3o judicial\u2026<\/p>\n","protected":false},"author":123457,"featured_media":0,"comment_status":"closed","ping_status":"closed","sticky":false,"template":"","format":"standard","meta":{"advgb_blocks_editor_width":"","advgb_blocks_columns_visual_guide":"","footnotes":""},"categories":[34],"tags":[35,10839,10842],"class_list":["post-57024","post","type-post","status-publish","format-standard","hentry","category-g1","tag-g1","tag-policial","tag-principal3"],"author_meta":{"display_name":"Reda\u00e7\u00e3o","author_link":"https:\/\/sindaopcpb.org.br\/author\/redacao\/"},"featured_img":null,"coauthors":[],"tax_additional":{"categories":{"linked":["<a href=\"https:\/\/sindaopcpb.org.br\/g1\/\" class=\"advgb-post-tax-term\">G1<\/a>"],"unlinked":["<span class=\"advgb-post-tax-term\">G1<\/span>"]},"tags":{"linked":["<a href=\"https:\/\/sindaopcpb.org.br\/g1\/\" class=\"advgb-post-tax-term\">g1<\/a>","<a href=\"https:\/\/sindaopcpb.org.br\/g1\/\" class=\"advgb-post-tax-term\">Policial<\/a>","<a href=\"https:\/\/sindaopcpb.org.br\/g1\/\" class=\"advgb-post-tax-term\">Principal3<\/a>"],"unlinked":["<span class=\"advgb-post-tax-term\">g1<\/span>","<span class=\"advgb-post-tax-term\">Policial<\/span>","<span class=\"advgb-post-tax-term\">Principal3<\/span>"]}},"comment_count":"0","relative_dates":{"created":"Publicado 12 meses atr\u00e1s","modified":"Atualizado 12 meses atr\u00e1s"},"absolute_dates":{"created":"Publicado em 7 de maio de 2025","modified":"Atualizado em 7 de maio de 2025"},"absolute_dates_time":{"created":"Publicado em 7 de maio de 2025 15:34","modified":"Atualizado em 7 de maio de 2025 15:34"},"featured_img_caption":"","series_order":"","_links":{"self":[{"href":"https:\/\/sindaopcpb.org.br\/index.php\/wp-json\/wp\/v2\/posts\/57024","targetHints":{"allow":["GET"]}}],"collection":[{"href":"https:\/\/sindaopcpb.org.br\/index.php\/wp-json\/wp\/v2\/posts"}],"about":[{"href":"https:\/\/sindaopcpb.org.br\/index.php\/wp-json\/wp\/v2\/types\/post"}],"author":[{"embeddable":true,"href":"https:\/\/sindaopcpb.org.br\/index.php\/wp-json\/wp\/v2\/users\/123457"}],"replies":[{"embeddable":true,"href":"https:\/\/sindaopcpb.org.br\/index.php\/wp-json\/wp\/v2\/comments?post=57024"}],"version-history":[{"count":3,"href":"https:\/\/sindaopcpb.org.br\/index.php\/wp-json\/wp\/v2\/posts\/57024\/revisions"}],"predecessor-version":[{"id":57036,"href":"https:\/\/sindaopcpb.org.br\/index.php\/wp-json\/wp\/v2\/posts\/57024\/revisions\/57036"}],"wp:attachment":[{"href":"https:\/\/sindaopcpb.org.br\/index.php\/wp-json\/wp\/v2\/media?parent=57024"}],"wp:term":[{"taxonomy":"category","embeddable":true,"href":"https:\/\/sindaopcpb.org.br\/index.php\/wp-json\/wp\/v2\/categories?post=57024"},{"taxonomy":"post_tag","embeddable":true,"href":"https:\/\/sindaopcpb.org.br\/index.php\/wp-json\/wp\/v2\/tags?post=57024"}],"curies":[{"name":"wp","href":"https:\/\/api.w.org\/{rel}","templated":true}]}}