{"id":57004,"date":"2025-05-07T07:56:31","date_gmt":"2025-05-07T10:56:31","guid":{"rendered":"https:\/\/www.pbagora.com.br\/?p=898636"},"modified":"2025-05-07T07:56:31","modified_gmt":"2025-05-07T10:56:31","slug":"sargento-e-preso-suspeito-de-matar-ex-companheira-e-comerciante-no-sertao-paraibano","status":"publish","type":"post","link":"https:\/\/sindaopcpb.org.br\/index.php\/2025\/05\/07\/sargento-e-preso-suspeito-de-matar-ex-companheira-e-comerciante-no-sertao-paraibano\/","title":{"rendered":"Sargento \u00e9 preso suspeito de matar ex-companheira e comerciante no Sert\u00e3o paraibano"},"content":{"rendered":"<p><img width=\"855\" height=\"476\" src=\"https:\/\/www.pbagora.com.br\/storage\/2024\/10\/Policia-Militar.jpeg\" class=\"attachment-large size-large wp-post-image\" alt=\"\" style=\"margin-bottom: 20px;\" decoding=\"async\" srcset=\"https:\/\/www.pbagora.com.br\/storage\/2024\/10\/Policia-Militar.jpeg 855w, https:\/\/www.pbagora.com.br\/storage\/2024\/10\/Policia-Militar-300x167.jpeg 300w, https:\/\/www.pbagora.com.br\/storage\/2024\/10\/Policia-Militar-150x84.jpeg 150w, https:\/\/www.pbagora.com.br\/storage\/2024\/10\/Policia-Militar-768x428.jpeg 768w, https:\/\/www.pbagora.com.br\/storage\/2024\/10\/Policia-Militar-380x212.jpeg 380w, https:\/\/www.pbagora.com.br\/storage\/2024\/10\/Policia-Militar-800x445.jpeg 800w, https:\/\/www.pbagora.com.br\/storage\/2024\/10\/Policia-Militar-80x46.jpeg 80w, https:\/\/www.pbagora.com.br\/storage\/2024\/10\/Policia-Militar-760x423.jpeg 760w, https:\/\/www.pbagora.com.br\/storage\/2024\/10\/Policia-Militar-600x334.jpeg 600w\" sizes=\"(max-width: 855px) 100vw, 855px\" \/><\/p>\n<p><\/p>\n\n\n\n<p>O sargento Pinheiro, da Pol\u00edcia Militar da Para\u00edba, foi detido horas depois do crime na cidade de Iguatu, no estado do Cear\u00e1, suspeito de matar a tiros a ex-companheira, Carla Ver\u00edssimo Ramalho, de 30 anos, e o comerciante Adriano Pereira Alves, de 34. Os dois foram assassinados na noite desta ter\u00e7a-feira (06), em uma a\u00e7aiteria no Centro de Mariz\u00f3polis, no Sert\u00e3o paraibano.<\/p>\n\n\n\n<p>Imagens de c\u00e2meras de seguran\u00e7a mostram o momento em que o sargento chega ao local em um carro preto, desce do ve\u00edculo, saca uma pistola calibre .45 e efetua diversos disparos contra Carla, que estava sentada \u00e0 mesa com crian\u00e7as e adolescentes, que fogem correndo ap\u00f3s os tiros. Carla morreu no local.<\/p>\n\n\n\n<p>Na sequ\u00eancia, o suspeito entra no estabelecimento e atira contra Adriano, propriet\u00e1rio do com\u00e9rcio e de uma oficina. Ele tamb\u00e9m morreu no local. Ap\u00f3s os assassinatos, o sargento fugiu, mas foi localizado e preso horas depois em uma opera\u00e7\u00e3o conjunta entre as pol\u00edcias militares da Para\u00edba e do Cear\u00e1.<\/p>\n\n\n\n<p>De acordo com as investiga\u00e7\u00f5es repassadas pela pol\u00edcia, uma das linhas de investiga\u00e7\u00e3o \u00e9 de que o crime foi motivado por ci\u00fames, j\u00e1 que o suspeito teve um relacionamento com Carla. A v\u00edtima havia sido recentemente contratada para trabalhar na a\u00e7aiteria. Ningu\u00e9m confirmou se havia v\u00ednculo afetivo entre os dois. O sargento deve responder por feminic\u00eddio e homic\u00eddio qualificado, e ser\u00e1 apresentado \u00e0 Justi\u00e7a em audi\u00eancia de cust\u00f3dia.<\/p>\n\n\n\n<p>Reda\u00e7\u00e3o<\/p>\n","protected":false},"excerpt":{"rendered":"<p><img loading=\"lazy\" decoding=\"async\" width=\"855\" height=\"476\" src=\"https:\/\/www.pbagora.com.br\/storage\/2024\/10\/Policia-Militar.jpeg\" class=\"attachment-large size-large wp-post-image\" alt=\"\" srcset=\"https:\/\/www.pbagora.com.br\/storage\/2024\/10\/Policia-Militar.jpeg 855w, https:\/\/www.pbagora.com.br\/storage\/2024\/10\/Policia-Militar-300x167.jpeg 300w, https:\/\/www.pbagora.com.br\/storage\/2024\/10\/Policia-Militar-150x84.jpeg 150w, https:\/\/www.pbagora.com.br\/storage\/2024\/10\/Policia-Militar-768x428.jpeg 768w, https:\/\/www.pbagora.com.br\/storage\/2024\/10\/Policia-Militar-380x212.jpeg 380w, https:\/\/www.pbagora.com.br\/storage\/2024\/10\/Policia-Militar-800x445.jpeg 800w, https:\/\/www.pbagora.com.br\/storage\/2024\/10\/Policia-Militar-80x46.jpeg 80w, https:\/\/www.pbagora.com.br\/storage\/2024\/10\/Policia-Militar-760x423.jpeg 760w, https:\/\/www.pbagora.com.br\/storage\/2024\/10\/Policia-Militar-600x334.jpeg 600w\" sizes=\"auto, (max-width: 855px) 100vw, 855px\"><\/p>\n<p>O sargento Pinheiro, da Pol\u00edcia Militar da Para\u00edba, foi detido horas depois do crime na cidade de Iguatu,\u2026<\/p>\n","protected":false},"author":123457,"featured_media":0,"comment_status":"closed","ping_status":"closed","sticky":false,"template":"","format":"standard","meta":{"advgb_blocks_editor_width":"","advgb_blocks_columns_visual_guide":"","footnotes":""},"categories":[34],"tags":[10840,35,10839],"class_list":["post-57004","post","type-post","status-publish","format-standard","hentry","category-g1","tag-destaque-centro-03","tag-g1","tag-policial"],"author_meta":{"display_name":"Reda\u00e7\u00e3o","author_link":"https:\/\/sindaopcpb.org.br\/author\/redacao\/"},"featured_img":null,"coauthors":[],"tax_additional":{"categories":{"linked":["<a href=\"https:\/\/sindaopcpb.org.br\/g1\/\" class=\"advgb-post-tax-term\">G1<\/a>"],"unlinked":["<span class=\"advgb-post-tax-term\">G1<\/span>"]},"tags":{"linked":["<a href=\"https:\/\/sindaopcpb.org.br\/g1\/\" class=\"advgb-post-tax-term\">Destaque Centro 03<\/a>","<a href=\"https:\/\/sindaopcpb.org.br\/g1\/\" class=\"advgb-post-tax-term\">g1<\/a>","<a href=\"https:\/\/sindaopcpb.org.br\/g1\/\" class=\"advgb-post-tax-term\">Policial<\/a>"],"unlinked":["<span class=\"advgb-post-tax-term\">Destaque Centro 03<\/span>","<span class=\"advgb-post-tax-term\">g1<\/span>","<span class=\"advgb-post-tax-term\">Policial<\/span>"]}},"comment_count":"0","relative_dates":{"created":"Publicado 12 meses atr\u00e1s","modified":"Atualizado 12 meses atr\u00e1s"},"absolute_dates":{"created":"Publicado em 7 de maio de 2025","modified":"Atualizado em 7 de maio de 2025"},"absolute_dates_time":{"created":"Publicado em 7 de maio de 2025 07:56","modified":"Atualizado em 7 de maio de 2025 07:56"},"featured_img_caption":"","series_order":"","_links":{"self":[{"href":"https:\/\/sindaopcpb.org.br\/index.php\/wp-json\/wp\/v2\/posts\/57004","targetHints":{"allow":["GET"]}}],"collection":[{"href":"https:\/\/sindaopcpb.org.br\/index.php\/wp-json\/wp\/v2\/posts"}],"about":[{"href":"https:\/\/sindaopcpb.org.br\/index.php\/wp-json\/wp\/v2\/types\/post"}],"author":[{"embeddable":true,"href":"https:\/\/sindaopcpb.org.br\/index.php\/wp-json\/wp\/v2\/users\/123457"}],"replies":[{"embeddable":true,"href":"https:\/\/sindaopcpb.org.br\/index.php\/wp-json\/wp\/v2\/comments?post=57004"}],"version-history":[{"count":2,"href":"https:\/\/sindaopcpb.org.br\/index.php\/wp-json\/wp\/v2\/posts\/57004\/revisions"}],"predecessor-version":[{"id":57014,"href":"https:\/\/sindaopcpb.org.br\/index.php\/wp-json\/wp\/v2\/posts\/57004\/revisions\/57014"}],"wp:attachment":[{"href":"https:\/\/sindaopcpb.org.br\/index.php\/wp-json\/wp\/v2\/media?parent=57004"}],"wp:term":[{"taxonomy":"category","embeddable":true,"href":"https:\/\/sindaopcpb.org.br\/index.php\/wp-json\/wp\/v2\/categories?post=57004"},{"taxonomy":"post_tag","embeddable":true,"href":"https:\/\/sindaopcpb.org.br\/index.php\/wp-json\/wp\/v2\/tags?post=57004"}],"curies":[{"name":"wp","href":"https:\/\/api.w.org\/{rel}","templated":true}]}}