{"id":56941,"date":"2025-05-04T14:57:43","date_gmt":"2025-05-04T17:57:43","guid":{"rendered":"https:\/\/www.pbagora.com.br\/?p=898246"},"modified":"2025-05-04T14:57:43","modified_gmt":"2025-05-04T17:57:43","slug":"pai-de-delegada-morre-apos-ser-atropelado-por-motociclista-embriagado-em-cg","status":"publish","type":"post","link":"https:\/\/sindaopcpb.org.br\/index.php\/2025\/05\/04\/pai-de-delegada-morre-apos-ser-atropelado-por-motociclista-embriagado-em-cg\/","title":{"rendered":"Pai de delegada morre ap\u00f3s ser atropelado por motociclista embriagado em CG"},"content":{"rendered":"<p><img width=\"984\" height=\"554\" src=\"https:\/\/www.pbagora.com.br\/storage\/2023\/08\/TRAUMA.webp\" class=\"attachment-large size-large wp-post-image\" alt=\"\" style=\"margin-bottom: 20px;\" decoding=\"async\" loading=\"lazy\" srcset=\"https:\/\/www.pbagora.com.br\/storage\/2023\/08\/TRAUMA.webp 984w, https:\/\/www.pbagora.com.br\/storage\/2023\/08\/TRAUMA-300x169.webp 300w, https:\/\/www.pbagora.com.br\/storage\/2023\/08\/TRAUMA-150x84.webp 150w, https:\/\/www.pbagora.com.br\/storage\/2023\/08\/TRAUMA-768x432.webp 768w, https:\/\/www.pbagora.com.br\/storage\/2023\/08\/TRAUMA-380x214.webp 380w, https:\/\/www.pbagora.com.br\/storage\/2023\/08\/TRAUMA-800x450.webp 800w, https:\/\/www.pbagora.com.br\/storage\/2023\/08\/TRAUMA-80x46.webp 80w, https:\/\/www.pbagora.com.br\/storage\/2023\/08\/TRAUMA-760x428.webp 760w, https:\/\/www.pbagora.com.br\/storage\/2023\/08\/TRAUMA-600x338.webp 600w\" sizes=\"auto, (max-width: 984px) 100vw, 984px\" \/><\/p>\n<p><\/p>\n\n\n\n<p>Faleceu na manh\u00e3 deste domingo (4), no Hospital de Emerg\u00eancia e Trauma de Campina Grande, o idoso Manoel Gomes Ferreira, de 81 anos. Ele foi atropelado na madrugada da \u00faltima quinta-feira (1\u00ba), por volta das 4h30, no bairro do Tambor, quando atravessava uma rua e foi atingido por uma motocicleta em alta velocidade.<\/p>\n\n\n\n<p>A v\u00edtima era pai da delegada Mairam Moura. Segundo informa\u00e7\u00f5es da Pol\u00edcia Civil, o motociclista respons\u00e1vel pelo acidente estava embriagado no momento da colis\u00e3o. Com o impacto, Manoel foi arremessado por alguns metros, assim como o condutor e a pr\u00f3pria motocicleta, que tamb\u00e9m ca\u00edram no ch\u00e3o.<\/p>\n\n\n\n<p><\/p>\n\n\n<div class=\"wp-block-image\">\n<figure class=\"aligncenter size-full\"><img  loading=\"lazy\"  decoding=\"async\"  width=\"309\"  height=\"400\"  src=\"https:\/\/www.pbagora.com.br\/storage\/2025\/05\/pai.jpg\"  alt=\"\"  class=\"wp-image-898248\"  srcset=\"https:\/\/www.pbagora.com.br\/storage\/2025\/05\/pai.jpg 309w, https:\/\/www.pbagora.com.br\/storage\/2025\/05\/pai-232x300.jpg 232w, https:\/\/www.pbagora.com.br\/storage\/2025\/05\/pai-116x150.jpg 116w, https:\/\/www.pbagora.com.br\/storage\/2025\/05\/pai-80x104.jpg 80w, https:\/\/www.pbagora.com.br\/storage\/2025\/05\/pai-62x80.jpg 62w\"  sizes=\"auto, (max-width: 309px) 100vw, 309px\" ><\/figure><\/div>\n\n\n<p>C\u00e2meras de seguran\u00e7a de uma resid\u00eancia pr\u00f3xima registraram o momento do acidente e mostram o idoso sendo brutalmente atingido. Ap\u00f3s o ocorrido, moradores da \u00e1rea prestaram socorro \u00e0s v\u00edtimas, que foram levadas ao Hospital de Trauma. Manoel deu entrada em estado grave e permaneceu internado at\u00e9 n\u00e3o resistir aos ferimentos. J\u00e1 o motociclista foi atendido com ferimentos leves, permanecendo consciente e orientado.<\/p>\n\n\n\n<p>O condutor foi preso em flagrante e encaminhado \u00e0 Central de Pol\u00edcia Civil de Campina Grande. Ele segue detido de forma preventiva enquanto o caso \u00e9 investigado.<\/p>\n","protected":false},"excerpt":{"rendered":"<p><img loading=\"lazy\" decoding=\"async\" width=\"984\" height=\"554\" src=\"https:\/\/www.pbagora.com.br\/storage\/2023\/08\/TRAUMA.webp\" class=\"attachment-large size-large wp-post-image\" alt=\"\" srcset=\"https:\/\/www.pbagora.com.br\/storage\/2023\/08\/TRAUMA.webp 984w, https:\/\/www.pbagora.com.br\/storage\/2023\/08\/TRAUMA-300x169.webp 300w, https:\/\/www.pbagora.com.br\/storage\/2023\/08\/TRAUMA-150x84.webp 150w, https:\/\/www.pbagora.com.br\/storage\/2023\/08\/TRAUMA-768x432.webp 768w, https:\/\/www.pbagora.com.br\/storage\/2023\/08\/TRAUMA-380x214.webp 380w, https:\/\/www.pbagora.com.br\/storage\/2023\/08\/TRAUMA-800x450.webp 800w, https:\/\/www.pbagora.com.br\/storage\/2023\/08\/TRAUMA-80x46.webp 80w, https:\/\/www.pbagora.com.br\/storage\/2023\/08\/TRAUMA-760x428.webp 760w, https:\/\/www.pbagora.com.br\/storage\/2023\/08\/TRAUMA-600x338.webp 600w\" sizes=\"auto, (max-width: 984px) 100vw, 984px\"><\/p>\n<p>Faleceu na manh\u00e3 deste domingo (4), no Hospital de Emerg\u00eancia e Trauma de Campina Grande, o idoso Manoel\u2026<\/p>\n","protected":false},"author":123457,"featured_media":0,"comment_status":"closed","ping_status":"closed","sticky":false,"template":"","format":"standard","meta":{"advgb_blocks_editor_width":"","advgb_blocks_columns_visual_guide":"","footnotes":""},"categories":[34],"tags":[10845,35,10839],"class_list":["post-56941","post","type-post","status-publish","format-standard","hentry","category-g1","tag-destaque-centro-01","tag-g1","tag-policial"],"author_meta":{"display_name":"Reda\u00e7\u00e3o","author_link":"https:\/\/sindaopcpb.org.br\/author\/redacao\/"},"featured_img":null,"coauthors":[],"tax_additional":{"categories":{"linked":["<a href=\"https:\/\/sindaopcpb.org.br\/g1\/\" class=\"advgb-post-tax-term\">G1<\/a>"],"unlinked":["<span class=\"advgb-post-tax-term\">G1<\/span>"]},"tags":{"linked":["<a href=\"https:\/\/sindaopcpb.org.br\/g1\/\" class=\"advgb-post-tax-term\">Destaque Centro 01<\/a>","<a href=\"https:\/\/sindaopcpb.org.br\/g1\/\" class=\"advgb-post-tax-term\">g1<\/a>","<a href=\"https:\/\/sindaopcpb.org.br\/g1\/\" class=\"advgb-post-tax-term\">Policial<\/a>"],"unlinked":["<span class=\"advgb-post-tax-term\">Destaque Centro 01<\/span>","<span class=\"advgb-post-tax-term\">g1<\/span>","<span class=\"advgb-post-tax-term\">Policial<\/span>"]}},"comment_count":"0","relative_dates":{"created":"Publicado 12 meses atr\u00e1s","modified":"Atualizado 12 meses atr\u00e1s"},"absolute_dates":{"created":"Publicado em 4 de maio de 2025","modified":"Atualizado em 4 de maio de 2025"},"absolute_dates_time":{"created":"Publicado em 4 de maio de 2025 14:57","modified":"Atualizado em 4 de maio de 2025 14:57"},"featured_img_caption":"","series_order":"","_links":{"self":[{"href":"https:\/\/sindaopcpb.org.br\/index.php\/wp-json\/wp\/v2\/posts\/56941","targetHints":{"allow":["GET"]}}],"collection":[{"href":"https:\/\/sindaopcpb.org.br\/index.php\/wp-json\/wp\/v2\/posts"}],"about":[{"href":"https:\/\/sindaopcpb.org.br\/index.php\/wp-json\/wp\/v2\/types\/post"}],"author":[{"embeddable":true,"href":"https:\/\/sindaopcpb.org.br\/index.php\/wp-json\/wp\/v2\/users\/123457"}],"replies":[{"embeddable":true,"href":"https:\/\/sindaopcpb.org.br\/index.php\/wp-json\/wp\/v2\/comments?post=56941"}],"version-history":[{"count":2,"href":"https:\/\/sindaopcpb.org.br\/index.php\/wp-json\/wp\/v2\/posts\/56941\/revisions"}],"predecessor-version":[{"id":56949,"href":"https:\/\/sindaopcpb.org.br\/index.php\/wp-json\/wp\/v2\/posts\/56941\/revisions\/56949"}],"wp:attachment":[{"href":"https:\/\/sindaopcpb.org.br\/index.php\/wp-json\/wp\/v2\/media?parent=56941"}],"wp:term":[{"taxonomy":"category","embeddable":true,"href":"https:\/\/sindaopcpb.org.br\/index.php\/wp-json\/wp\/v2\/categories?post=56941"},{"taxonomy":"post_tag","embeddable":true,"href":"https:\/\/sindaopcpb.org.br\/index.php\/wp-json\/wp\/v2\/tags?post=56941"}],"curies":[{"name":"wp","href":"https:\/\/api.w.org\/{rel}","templated":true}]}}