{"id":56884,"date":"2025-05-02T06:08:37","date_gmt":"2025-05-02T09:08:37","guid":{"rendered":"https:\/\/www.pbagora.com.br\/?p=898000"},"modified":"2025-05-02T06:08:37","modified_gmt":"2025-05-02T09:08:37","slug":"vitima-de-acidente-de-moto-na-br-101-morre-no-hospital-de-trauma-em-jp","status":"publish","type":"post","link":"https:\/\/sindaopcpb.org.br\/index.php\/2025\/05\/02\/vitima-de-acidente-de-moto-na-br-101-morre-no-hospital-de-trauma-em-jp\/","title":{"rendered":"V\u00edtima de acidente de moto na BR-101 morre no Hospital de Trauma, em JP"},"content":{"rendered":"<p><img width=\"687\" height=\"463\" src=\"https:\/\/www.pbagora.com.br\/storage\/2023\/11\/csm_samu_no_hospital_de_trauma_JP_702d9f635d.jpeg\" class=\"attachment-large size-large wp-post-image\" alt=\"\" style=\"margin-bottom: 20px;\" decoding=\"async\" srcset=\"https:\/\/www.pbagora.com.br\/storage\/2023\/11\/csm_samu_no_hospital_de_trauma_JP_702d9f635d.jpeg 687w, https:\/\/www.pbagora.com.br\/storage\/2023\/11\/csm_samu_no_hospital_de_trauma_JP_702d9f635d-300x202.jpeg 300w, https:\/\/www.pbagora.com.br\/storage\/2023\/11\/csm_samu_no_hospital_de_trauma_JP_702d9f635d-150x101.jpeg 150w, https:\/\/www.pbagora.com.br\/storage\/2023\/11\/csm_samu_no_hospital_de_trauma_JP_702d9f635d-380x256.jpeg 380w, https:\/\/www.pbagora.com.br\/storage\/2023\/11\/csm_samu_no_hospital_de_trauma_JP_702d9f635d-80x54.jpeg 80w, https:\/\/www.pbagora.com.br\/storage\/2023\/11\/csm_samu_no_hospital_de_trauma_JP_702d9f635d-600x404.jpeg 600w\" sizes=\"(max-width: 687px) 100vw, 687px\" \/><\/p>\n<p><\/p>\n\n\n\n<p>N\u00e3o resistindo aos ferimentos, morreu no Hospital de Emerg\u00eancia e Trauma de Jo\u00e3o Pessoa a mulher de 31 anos que havia ficado gravemente ferida em um acidente de moto ocorrido no dia 4 de fevereiro, na BR-101, nas proximidades de Bayeux, na Regi\u00e3o Metropolitana da capital paraibana. A v\u00edtima foi identificada como Ana Cl\u00e1udia Herculano da Silva, conhecida por familiares e amigos como Aninha.<\/p>\n\n\n\n<p>Segundo as investiga\u00e7\u00f5es, Ana Cl\u00e1udia teria parado sob uma marquise de uma loja para se proteger de uma chuva intensa. Quando o volume da chuva diminuiu, ela retomou o trajeto em dire\u00e7\u00e3o a Jo\u00e3o Pessoa, onde trabalhava. No momento em que acessava a rodovia novamente, ela perdeu o controle da motocicleta, caiu e acabou sendo atingida por um caminh\u00e3o ca\u00e7amba que trafegava pela via.<\/p>\n\n\n\n<p>O acidente ocorreu em um trecho alagado da BR-101, o que dificultou o resgate. A v\u00edtima foi retirada de dentro da \u00e1gua por uma equipe da Pol\u00edcia Rodovi\u00e1ria Federal (PRF), com o apoio de profissionais do SAMU. Na ocasi\u00e3o, Ana Cl\u00e1udia foi socorrida consciente e levada ao hospital, gerando expectativa de recupera\u00e7\u00e3o. No entanto, devido \u00e0 gravidade das les\u00f5es, ela n\u00e3o resistiu e faleceu entre a noite de quarta-feira (30) e a madrugada desta quinta-feira (1\u00ba).<\/p>\n\n\n\n<p>O corpo foi levado ao Instituto de Medicina Legal (IML), de onde foi liberado pela manh\u00e3. O vel\u00f3rio e o sepultamento devem ocorrer ainda nesta quinta-feira (1\u00ba), no Cemit\u00e9rio Cristo Redentor, em Jo\u00e3o Pessoa.<\/p>\n\n\n\n<p>Reda\u00e7\u00e3o<\/p>\n","protected":false},"excerpt":{"rendered":"<p><img loading=\"lazy\" decoding=\"async\" width=\"687\" height=\"463\" src=\"https:\/\/www.pbagora.com.br\/storage\/2023\/11\/csm_samu_no_hospital_de_trauma_JP_702d9f635d.jpeg\" class=\"attachment-large size-large wp-post-image\" alt=\"\" srcset=\"https:\/\/www.pbagora.com.br\/storage\/2023\/11\/csm_samu_no_hospital_de_trauma_JP_702d9f635d.jpeg 687w, https:\/\/www.pbagora.com.br\/storage\/2023\/11\/csm_samu_no_hospital_de_trauma_JP_702d9f635d-300x202.jpeg 300w, https:\/\/www.pbagora.com.br\/storage\/2023\/11\/csm_samu_no_hospital_de_trauma_JP_702d9f635d-150x101.jpeg 150w, https:\/\/www.pbagora.com.br\/storage\/2023\/11\/csm_samu_no_hospital_de_trauma_JP_702d9f635d-380x256.jpeg 380w, https:\/\/www.pbagora.com.br\/storage\/2023\/11\/csm_samu_no_hospital_de_trauma_JP_702d9f635d-80x54.jpeg 80w, https:\/\/www.pbagora.com.br\/storage\/2023\/11\/csm_samu_no_hospital_de_trauma_JP_702d9f635d-600x404.jpeg 600w\" sizes=\"auto, (max-width: 687px) 100vw, 687px\"><\/p>\n<p>N\u00e3o resistindo aos ferimentos, morreu no Hospital de Emerg\u00eancia e Trauma de Jo\u00e3o Pessoa a mulher de 31\u2026<\/p>\n","protected":false},"author":123457,"featured_media":0,"comment_status":"closed","ping_status":"closed","sticky":false,"template":"","format":"standard","meta":{"advgb_blocks_editor_width":"","advgb_blocks_columns_visual_guide":"","footnotes":""},"categories":[34],"tags":[35,10839,10842],"class_list":["post-56884","post","type-post","status-publish","format-standard","hentry","category-g1","tag-g1","tag-policial","tag-principal3"],"author_meta":{"display_name":"Reda\u00e7\u00e3o","author_link":"https:\/\/sindaopcpb.org.br\/author\/redacao\/"},"featured_img":null,"coauthors":[],"tax_additional":{"categories":{"linked":["<a href=\"https:\/\/sindaopcpb.org.br\/g1\/\" class=\"advgb-post-tax-term\">G1<\/a>"],"unlinked":["<span class=\"advgb-post-tax-term\">G1<\/span>"]},"tags":{"linked":["<a href=\"https:\/\/sindaopcpb.org.br\/g1\/\" class=\"advgb-post-tax-term\">g1<\/a>","<a href=\"https:\/\/sindaopcpb.org.br\/g1\/\" class=\"advgb-post-tax-term\">Policial<\/a>","<a href=\"https:\/\/sindaopcpb.org.br\/g1\/\" class=\"advgb-post-tax-term\">Principal3<\/a>"],"unlinked":["<span class=\"advgb-post-tax-term\">g1<\/span>","<span class=\"advgb-post-tax-term\">Policial<\/span>","<span class=\"advgb-post-tax-term\">Principal3<\/span>"]}},"comment_count":"0","relative_dates":{"created":"Publicado 12 meses atr\u00e1s","modified":"Atualizado 12 meses atr\u00e1s"},"absolute_dates":{"created":"Publicado em 2 de maio de 2025","modified":"Atualizado em 2 de maio de 2025"},"absolute_dates_time":{"created":"Publicado em 2 de maio de 2025 06:08","modified":"Atualizado em 2 de maio de 2025 06:08"},"featured_img_caption":"","series_order":"","_links":{"self":[{"href":"https:\/\/sindaopcpb.org.br\/index.php\/wp-json\/wp\/v2\/posts\/56884","targetHints":{"allow":["GET"]}}],"collection":[{"href":"https:\/\/sindaopcpb.org.br\/index.php\/wp-json\/wp\/v2\/posts"}],"about":[{"href":"https:\/\/sindaopcpb.org.br\/index.php\/wp-json\/wp\/v2\/types\/post"}],"author":[{"embeddable":true,"href":"https:\/\/sindaopcpb.org.br\/index.php\/wp-json\/wp\/v2\/users\/123457"}],"replies":[{"embeddable":true,"href":"https:\/\/sindaopcpb.org.br\/index.php\/wp-json\/wp\/v2\/comments?post=56884"}],"version-history":[{"count":2,"href":"https:\/\/sindaopcpb.org.br\/index.php\/wp-json\/wp\/v2\/posts\/56884\/revisions"}],"predecessor-version":[{"id":56891,"href":"https:\/\/sindaopcpb.org.br\/index.php\/wp-json\/wp\/v2\/posts\/56884\/revisions\/56891"}],"wp:attachment":[{"href":"https:\/\/sindaopcpb.org.br\/index.php\/wp-json\/wp\/v2\/media?parent=56884"}],"wp:term":[{"taxonomy":"category","embeddable":true,"href":"https:\/\/sindaopcpb.org.br\/index.php\/wp-json\/wp\/v2\/categories?post=56884"},{"taxonomy":"post_tag","embeddable":true,"href":"https:\/\/sindaopcpb.org.br\/index.php\/wp-json\/wp\/v2\/tags?post=56884"}],"curies":[{"name":"wp","href":"https:\/\/api.w.org\/{rel}","templated":true}]}}