{"id":56867,"date":"2025-05-01T14:30:57","date_gmt":"2025-05-01T17:30:57","guid":{"rendered":"https:\/\/www.pbagora.com.br\/?p=897964"},"modified":"2025-05-01T17:45:57","modified_gmt":"2025-05-01T20:45:57","slug":"jovem-e-suspeito-de-esfaquear-adolescente-de-17-anos-em-jp-apos-ve-la-em-foto-com-outro-homem-suspeito-usou-a-mesma-faca-para-se-ferir","status":"publish","type":"post","link":"https:\/\/sindaopcpb.org.br\/index.php\/2025\/05\/01\/jovem-e-suspeito-de-esfaquear-adolescente-de-17-anos-em-jp-apos-ve-la-em-foto-com-outro-homem-suspeito-usou-a-mesma-faca-para-se-ferir\/","title":{"rendered":"Jovem \u00e9 suspeito de esfaquear adolescente de 17 anos, em bairro de Jo\u00e3o Pessoa, ap\u00f3s v\u00ea-la em foto com outro homem"},"content":{"rendered":"<p><img width=\"1024\" height=\"585\" src=\"https:\/\/www.pbagora.com.br\/storage\/2024\/04\/trauminha-1024x585.jpeg\" class=\"attachment-large size-large wp-post-image\" alt=\"\" style=\"margin-bottom: 20px;\" decoding=\"async\" loading=\"lazy\" srcset=\"https:\/\/www.pbagora.com.br\/storage\/2024\/04\/trauminha-1024x585.jpeg 1024w, https:\/\/www.pbagora.com.br\/storage\/2024\/04\/trauminha-300x171.jpeg 300w, https:\/\/www.pbagora.com.br\/storage\/2024\/04\/trauminha-150x86.jpeg 150w, https:\/\/www.pbagora.com.br\/storage\/2024\/04\/trauminha-768x438.jpeg 768w, https:\/\/www.pbagora.com.br\/storage\/2024\/04\/trauminha-380x217.jpeg 380w, https:\/\/www.pbagora.com.br\/storage\/2024\/04\/trauminha-800x457.jpeg 800w, https:\/\/www.pbagora.com.br\/storage\/2024\/04\/trauminha-1160x662.jpeg 1160w, https:\/\/www.pbagora.com.br\/storage\/2024\/04\/trauminha-80x46.jpeg 80w, https:\/\/www.pbagora.com.br\/storage\/2024\/04\/trauminha-760x434.jpeg 760w, https:\/\/www.pbagora.com.br\/storage\/2024\/04\/trauminha-600x342.jpeg 600w, https:\/\/www.pbagora.com.br\/storage\/2024\/04\/trauminha.jpeg 1179w\" sizes=\"auto, (max-width: 1024px) 100vw, 1024px\" \/><\/p>\n<p>Na noite desta quarta-feira (30), uma adolescente de 17 anos foi esfaqueada no bairro de Mangabeira, em Jo\u00e3o Pessoa. Testemunhas relatam que um jovem de 21 anos seia o principal suspeito da tentativa de assassinato.<\/p>\n\n\n\n<p>De acordo com informa\u00e7\u00f5es repassadas a pol\u00edcia, a agress\u00e3o aconteceu ap\u00f3s o jovem ter visto uma foto na qual a adolescente aparece ao lado de um outro homem. Uma discuss\u00e3o entre o casal teria culminado na agress\u00e3o. <\/p>\n\n\n\n<p>Testemunhas disseram ainda que, ap\u00f3s atacar a v\u00edtima, o suposto agressor teria utilizado a mesma faca para provocar ferimentos em si mesmo. Ambos foram socorridos por terceiros para o hospital.<\/p>\n\n\n\n<p>A pol\u00edcia teve acesso \u00e0 ocorr\u00eancia ap\u00f3s o casal dar entrada na \u00e1rea vermelha do Complexo Hospitalar Tarc\u00edsio de Miranda Burity (Trauminha de Mangabeira).<\/p>\n\n\n\n<p>A adolescente, segundo a Pol\u00edcia Militar, chegou ao hospital acompanhada pela m\u00e3e e com ferimentos na regi\u00e3o do t\u00f3rax, peito e ombro. A PM afirmou que a jovem foi atingida com golpes de faca no t\u00f3rax, peito e ombro. <\/p>\n\n\n\n<p>O suspeito apresentava ferimentos no lado esquerdo do t\u00f3rax, com perfura\u00e7\u00e3o no pulm\u00e3o. O estado de sa\u00fade de ambos n\u00e3o foi divulgado. <\/p>\n\n\n\n<p>Familiares relataram que o casal mantinha um relacionamento h\u00e1 cerca de dois anos, entretanto, afirmaram desconhecer hist\u00f3rico de viol\u00eancia.<\/p>\n\n\n\n<p>Internado, o suspeito segue mantido sob cust\u00f3dia policial e ser\u00e1 conduzido \u00e0 pris\u00e3o logo ap\u00f3s receber alta m\u00e9dica, segundo a pol\u00edcia.<\/p>\n\n\n\n<p><\/p>\n\n\n\n<p><strong><em><span style=\"text-decoration: underline;\">PB Agora<\/span><\/em><\/strong><\/p>\n","protected":false},"excerpt":{"rendered":"<p><img decoding=\"async\" width=\"1024\" height=\"585\" src=\"https:\/\/www.pbagora.com.br\/storage\/2024\/04\/trauminha-1024x585.jpeg\" class=\"attachment-large size-large wp-post-image\" alt=\"\" loading=\"lazy\" srcset=\"https:\/\/www.pbagora.com.br\/storage\/2024\/04\/trauminha-1024x585.jpeg 1024w, https:\/\/www.pbagora.com.br\/storage\/2024\/04\/trauminha-300x171.jpeg 300w, https:\/\/www.pbagora.com.br\/storage\/2024\/04\/trauminha-150x86.jpeg 150w, https:\/\/www.pbagora.com.br\/storage\/2024\/04\/trauminha-768x438.jpeg 768w, https:\/\/www.pbagora.com.br\/storage\/2024\/04\/trauminha-380x217.jpeg 380w, https:\/\/www.pbagora.com.br\/storage\/2024\/04\/trauminha-800x457.jpeg 800w, https:\/\/www.pbagora.com.br\/storage\/2024\/04\/trauminha-1160x662.jpeg 1160w, https:\/\/www.pbagora.com.br\/storage\/2024\/04\/trauminha-80x46.jpeg 80w, https:\/\/www.pbagora.com.br\/storage\/2024\/04\/trauminha-760x434.jpeg 760w, https:\/\/www.pbagora.com.br\/storage\/2024\/04\/trauminha-600x342.jpeg 600w, https:\/\/www.pbagora.com.br\/storage\/2024\/04\/trauminha.jpeg 1179w\" sizes=\"auto, (max-width: 1024px) 100vw, 1024px\"><\/p>\n<p>Na noite desta quarta-feira (30), uma adolescente de 17 anos foi esfaqueada no bairro de Mangabeira, em Jo\u00e3o\u2026<\/p>\n","protected":false},"author":123457,"featured_media":0,"comment_status":"closed","ping_status":"closed","sticky":false,"template":"","format":"standard","meta":{"advgb_blocks_editor_width":"","advgb_blocks_columns_visual_guide":"","footnotes":""},"categories":[34],"tags":[35,10839,10842],"class_list":["post-56867","post","type-post","status-publish","format-standard","hentry","category-g1","tag-g1","tag-policial","tag-principal3"],"author_meta":{"display_name":"Reda\u00e7\u00e3o","author_link":"https:\/\/sindaopcpb.org.br\/author\/redacao\/"},"featured_img":null,"coauthors":[],"tax_additional":{"categories":{"linked":["<a href=\"https:\/\/sindaopcpb.org.br\/g1\/\" class=\"advgb-post-tax-term\">G1<\/a>"],"unlinked":["<span class=\"advgb-post-tax-term\">G1<\/span>"]},"tags":{"linked":["<a href=\"https:\/\/sindaopcpb.org.br\/g1\/\" class=\"advgb-post-tax-term\">g1<\/a>","<a href=\"https:\/\/sindaopcpb.org.br\/g1\/\" class=\"advgb-post-tax-term\">Policial<\/a>","<a href=\"https:\/\/sindaopcpb.org.br\/g1\/\" class=\"advgb-post-tax-term\">Principal3<\/a>"],"unlinked":["<span class=\"advgb-post-tax-term\">g1<\/span>","<span class=\"advgb-post-tax-term\">Policial<\/span>","<span class=\"advgb-post-tax-term\">Principal3<\/span>"]}},"comment_count":"0","relative_dates":{"created":"Publicado 12 meses atr\u00e1s","modified":"Atualizado 12 meses atr\u00e1s"},"absolute_dates":{"created":"Publicado em 1 de maio de 2025","modified":"Atualizado em 1 de maio de 2025"},"absolute_dates_time":{"created":"Publicado em 1 de maio de 2025 14:30","modified":"Atualizado em 1 de maio de 2025 17:45"},"featured_img_caption":"","series_order":"","_links":{"self":[{"href":"https:\/\/sindaopcpb.org.br\/index.php\/wp-json\/wp\/v2\/posts\/56867","targetHints":{"allow":["GET"]}}],"collection":[{"href":"https:\/\/sindaopcpb.org.br\/index.php\/wp-json\/wp\/v2\/posts"}],"about":[{"href":"https:\/\/sindaopcpb.org.br\/index.php\/wp-json\/wp\/v2\/types\/post"}],"author":[{"embeddable":true,"href":"https:\/\/sindaopcpb.org.br\/index.php\/wp-json\/wp\/v2\/users\/123457"}],"replies":[{"embeddable":true,"href":"https:\/\/sindaopcpb.org.br\/index.php\/wp-json\/wp\/v2\/comments?post=56867"}],"version-history":[{"count":4,"href":"https:\/\/sindaopcpb.org.br\/index.php\/wp-json\/wp\/v2\/posts\/56867\/revisions"}],"predecessor-version":[{"id":56883,"href":"https:\/\/sindaopcpb.org.br\/index.php\/wp-json\/wp\/v2\/posts\/56867\/revisions\/56883"}],"wp:attachment":[{"href":"https:\/\/sindaopcpb.org.br\/index.php\/wp-json\/wp\/v2\/media?parent=56867"}],"wp:term":[{"taxonomy":"category","embeddable":true,"href":"https:\/\/sindaopcpb.org.br\/index.php\/wp-json\/wp\/v2\/categories?post=56867"},{"taxonomy":"post_tag","embeddable":true,"href":"https:\/\/sindaopcpb.org.br\/index.php\/wp-json\/wp\/v2\/tags?post=56867"}],"curies":[{"name":"wp","href":"https:\/\/api.w.org\/{rel}","templated":true}]}}