{"id":56831,"date":"2025-04-29T11:40:52","date_gmt":"2025-04-29T14:40:52","guid":{"rendered":"https:\/\/www.pbagora.com.br\/?p=897587"},"modified":"2025-04-29T11:40:52","modified_gmt":"2025-04-29T14:40:52","slug":"bebe-cai-de-varanda-com-3-metros-de-altura-no-bairro-do-cuia-na-capital","status":"publish","type":"post","link":"https:\/\/sindaopcpb.org.br\/index.php\/2025\/04\/29\/bebe-cai-de-varanda-com-3-metros-de-altura-no-bairro-do-cuia-na-capital\/","title":{"rendered":"Beb\u00ea cai de varanda com 3 metros de altura no bairro do Cui\u00e1, na capital"},"content":{"rendered":"<p><img width=\"1024\" height=\"679\" src=\"https:\/\/www.pbagora.com.br\/storage\/2024\/07\/SAMU-JP-02-1024x679.jpg\" class=\"attachment-large size-large wp-post-image\" alt=\"\" style=\"margin-bottom: 20px;\" decoding=\"async\" loading=\"lazy\" srcset=\"https:\/\/www.pbagora.com.br\/storage\/2024\/07\/SAMU-JP-02-1024x679.jpg 1024w, https:\/\/www.pbagora.com.br\/storage\/2024\/07\/SAMU-JP-02-300x199.jpg 300w, https:\/\/www.pbagora.com.br\/storage\/2024\/07\/SAMU-JP-02-150x99.jpg 150w, https:\/\/www.pbagora.com.br\/storage\/2024\/07\/SAMU-JP-02-768x509.jpg 768w, https:\/\/www.pbagora.com.br\/storage\/2024\/07\/SAMU-JP-02-380x252.jpg 380w, https:\/\/www.pbagora.com.br\/storage\/2024\/07\/SAMU-JP-02-800x530.jpg 800w, https:\/\/www.pbagora.com.br\/storage\/2024\/07\/SAMU-JP-02-1160x769.jpg 1160w, https:\/\/www.pbagora.com.br\/storage\/2024\/07\/SAMU-JP-02-80x53.jpg 80w, https:\/\/www.pbagora.com.br\/storage\/2024\/07\/SAMU-JP-02-760x504.jpg 760w, https:\/\/www.pbagora.com.br\/storage\/2024\/07\/SAMU-JP-02-600x398.jpg 600w, https:\/\/www.pbagora.com.br\/storage\/2024\/07\/SAMU-JP-02.jpg 1500w\" sizes=\"auto, (max-width: 1024px) 100vw, 1024px\" \/><\/p>\n<p><\/p>\n\n\n\n<p>Uma crian\u00e7a caiu de uma varanda com cerca de 3 metros de altura no bairro do Cui\u00e1, na capital paraibana, no final da tarde de ontem (28). Uma viatura do Samu foi chamado e a crian\u00e7a foi socorrida e levada para o Hospital de Emerg\u00eancia e Trauma Senador Humberto Lucena. As circunst\u00e2ncias da queda ainda est\u00e3o sendo apuradas pela pol\u00edcia.<\/p>\n\n\n\n<p>Dados iniciais informam que n\u00e3o havia cerca de prote\u00e7\u00e3o no local da queda. A suspeita \u00e9 que a aus\u00eancia desse item tenha contribu\u00eddo para o acidente. As autoridades seguem investigando o caso para esclarecer o que teria motivado a queda.<\/p>\n\n\n\n<p>A fam\u00edlia ainda n\u00e3o se pronunciou publicamente. O hospital n\u00e3o divulgou detalhes sobre o tempo estimado de recupera\u00e7\u00e3o.<\/p>\n\n\n\n<p>Reda\u00e7\u00e3o<\/p>\n","protected":false},"excerpt":{"rendered":"<p><img decoding=\"async\" width=\"1024\" height=\"679\" src=\"https:\/\/www.pbagora.com.br\/storage\/2024\/07\/SAMU-JP-02-1024x679.jpg\" class=\"attachment-large size-large wp-post-image\" alt=\"\" loading=\"lazy\" srcset=\"https:\/\/www.pbagora.com.br\/storage\/2024\/07\/SAMU-JP-02-1024x679.jpg 1024w, https:\/\/www.pbagora.com.br\/storage\/2024\/07\/SAMU-JP-02-300x199.jpg 300w, https:\/\/www.pbagora.com.br\/storage\/2024\/07\/SAMU-JP-02-150x99.jpg 150w, https:\/\/www.pbagora.com.br\/storage\/2024\/07\/SAMU-JP-02-768x509.jpg 768w, https:\/\/www.pbagora.com.br\/storage\/2024\/07\/SAMU-JP-02-380x252.jpg 380w, https:\/\/www.pbagora.com.br\/storage\/2024\/07\/SAMU-JP-02-800x530.jpg 800w, https:\/\/www.pbagora.com.br\/storage\/2024\/07\/SAMU-JP-02-1160x769.jpg 1160w, https:\/\/www.pbagora.com.br\/storage\/2024\/07\/SAMU-JP-02-80x53.jpg 80w, https:\/\/www.pbagora.com.br\/storage\/2024\/07\/SAMU-JP-02-760x504.jpg 760w, https:\/\/www.pbagora.com.br\/storage\/2024\/07\/SAMU-JP-02-600x398.jpg 600w, https:\/\/www.pbagora.com.br\/storage\/2024\/07\/SAMU-JP-02.jpg 1500w\" sizes=\"auto, (max-width: 1024px) 100vw, 1024px\"><\/p>\n<p>Uma crian\u00e7a caiu de uma varanda com cerca de 3 metros de altura no bairro do Cui\u00e1, na\u2026<\/p>\n","protected":false},"author":123457,"featured_media":0,"comment_status":"closed","ping_status":"closed","sticky":false,"template":"","format":"standard","meta":{"advgb_blocks_editor_width":"","advgb_blocks_columns_visual_guide":"","footnotes":""},"categories":[34],"tags":[35,10839],"class_list":["post-56831","post","type-post","status-publish","format-standard","hentry","category-g1","tag-g1","tag-policial"],"author_meta":{"display_name":"Reda\u00e7\u00e3o","author_link":"https:\/\/sindaopcpb.org.br\/author\/redacao\/"},"featured_img":null,"coauthors":[],"tax_additional":{"categories":{"linked":["<a href=\"https:\/\/sindaopcpb.org.br\/g1\/\" class=\"advgb-post-tax-term\">G1<\/a>"],"unlinked":["<span class=\"advgb-post-tax-term\">G1<\/span>"]},"tags":{"linked":["<a href=\"https:\/\/sindaopcpb.org.br\/g1\/\" class=\"advgb-post-tax-term\">g1<\/a>","<a href=\"https:\/\/sindaopcpb.org.br\/g1\/\" class=\"advgb-post-tax-term\">Policial<\/a>"],"unlinked":["<span class=\"advgb-post-tax-term\">g1<\/span>","<span class=\"advgb-post-tax-term\">Policial<\/span>"]}},"comment_count":"0","relative_dates":{"created":"Publicado 1 ano atr\u00e1s","modified":"Atualizado 1 ano atr\u00e1s"},"absolute_dates":{"created":"Publicado em 29 de abril de 2025","modified":"Atualizado em 29 de abril de 2025"},"absolute_dates_time":{"created":"Publicado em 29 de abril de 2025 11:40","modified":"Atualizado em 29 de abril de 2025 11:40"},"featured_img_caption":"","series_order":"","_links":{"self":[{"href":"https:\/\/sindaopcpb.org.br\/index.php\/wp-json\/wp\/v2\/posts\/56831","targetHints":{"allow":["GET"]}}],"collection":[{"href":"https:\/\/sindaopcpb.org.br\/index.php\/wp-json\/wp\/v2\/posts"}],"about":[{"href":"https:\/\/sindaopcpb.org.br\/index.php\/wp-json\/wp\/v2\/types\/post"}],"author":[{"embeddable":true,"href":"https:\/\/sindaopcpb.org.br\/index.php\/wp-json\/wp\/v2\/users\/123457"}],"replies":[{"embeddable":true,"href":"https:\/\/sindaopcpb.org.br\/index.php\/wp-json\/wp\/v2\/comments?post=56831"}],"version-history":[{"count":1,"href":"https:\/\/sindaopcpb.org.br\/index.php\/wp-json\/wp\/v2\/posts\/56831\/revisions"}],"predecessor-version":[{"id":56832,"href":"https:\/\/sindaopcpb.org.br\/index.php\/wp-json\/wp\/v2\/posts\/56831\/revisions\/56832"}],"wp:attachment":[{"href":"https:\/\/sindaopcpb.org.br\/index.php\/wp-json\/wp\/v2\/media?parent=56831"}],"wp:term":[{"taxonomy":"category","embeddable":true,"href":"https:\/\/sindaopcpb.org.br\/index.php\/wp-json\/wp\/v2\/categories?post=56831"},{"taxonomy":"post_tag","embeddable":true,"href":"https:\/\/sindaopcpb.org.br\/index.php\/wp-json\/wp\/v2\/tags?post=56831"}],"curies":[{"name":"wp","href":"https:\/\/api.w.org\/{rel}","templated":true}]}}