{"id":56828,"date":"2025-04-29T12:22:30","date_gmt":"2025-04-29T15:22:30","guid":{"rendered":"https:\/\/www.pbagora.com.br\/?p=897646"},"modified":"2025-04-29T12:22:30","modified_gmt":"2025-04-29T15:22:30","slug":"incendio-destroi-casa-e-deixa-idoso-ferido-no-bairro-de-mangabeira","status":"publish","type":"post","link":"https:\/\/sindaopcpb.org.br\/index.php\/2025\/04\/29\/incendio-destroi-casa-e-deixa-idoso-ferido-no-bairro-de-mangabeira\/","title":{"rendered":"Inc\u00eandio destr\u00f3i casa e deixa idoso ferido no bairro de Mangabeira"},"content":{"rendered":"<p><img width=\"1000\" height=\"562\" src=\"https:\/\/www.pbagora.com.br\/storage\/2025\/04\/incendio-mangabeira.avif\" class=\"attachment-large size-large wp-post-image\" alt=\"\" style=\"margin-bottom: 20px;\" decoding=\"async\" loading=\"lazy\" srcset=\"https:\/\/www.pbagora.com.br\/storage\/2025\/04\/incendio-mangabeira.avif 1000w, https:\/\/www.pbagora.com.br\/storage\/2025\/04\/incendio-mangabeira-300x169.avif 300w, https:\/\/www.pbagora.com.br\/storage\/2025\/04\/incendio-mangabeira-150x84.avif 150w, https:\/\/www.pbagora.com.br\/storage\/2025\/04\/incendio-mangabeira-768x432.avif 768w, https:\/\/www.pbagora.com.br\/storage\/2025\/04\/incendio-mangabeira-380x214.avif 380w, https:\/\/www.pbagora.com.br\/storage\/2025\/04\/incendio-mangabeira-800x450.avif 800w, https:\/\/www.pbagora.com.br\/storage\/2025\/04\/incendio-mangabeira-80x46.avif 80w, https:\/\/www.pbagora.com.br\/storage\/2025\/04\/incendio-mangabeira-760x427.avif 760w, https:\/\/www.pbagora.com.br\/storage\/2025\/04\/incendio-mangabeira-600x337.avif 600w\" sizes=\"auto, (max-width: 1000px) 100vw, 1000px\" \/><\/p>\n<p>Um idoso de 76 anos ficou ferido ap\u00f3s um inc\u00eandio atingir sua resid\u00eancia na manh\u00e3 desta ter\u00e7a-feira (29), no bairro de Mangabeira 4, na Zona Sul de Jo\u00e3o Pessoa. O Corpo de Bombeiros foi acionado e conseguiu controlar as chamas, mas o im\u00f3vel e todos os m\u00f3veis foram completamente destru\u00eddos.<\/p>\n\n\n\n<p>De acordo com os bombeiros, a casa tem cerca de 30 metros quadrados e foi totalmente consumida pelo fogo. Vizinhos ajudaram a retirar o idoso do local e ainda tentaram conter o inc\u00eandio antes da chegada da equipe de emerg\u00eancia.<\/p>\n\n\n\n<p>A v\u00edtima foi socorrida por uma ambul\u00e2ncia do Servi\u00e7o de Atendimento M\u00f3vel de Urg\u00eancia (Samu) e levada ao Hospital de Emerg\u00eancia e Trauma Senador Humberto Lucena, na capital. At\u00e9 a \u00faltima atualiza\u00e7\u00e3o, o estado de sa\u00fade do idoso ainda estava sendo avaliado.<\/p>\n\n\n\n<p>Ainda n\u00e3o h\u00e1 informa\u00e7\u00f5es sobre o que teria causado as chamas.<\/p>\n\n\n\n<p><strong><em>PB Agora<\/em><\/strong><\/p>\n","protected":false},"excerpt":{"rendered":"<p><img decoding=\"async\" width=\"1000\" height=\"562\" src=\"https:\/\/www.pbagora.com.br\/storage\/2025\/04\/incendio-mangabeira.avif\" class=\"attachment-large size-large wp-post-image\" alt=\"\" loading=\"lazy\" srcset=\"https:\/\/www.pbagora.com.br\/storage\/2025\/04\/incendio-mangabeira.avif 1000w, https:\/\/www.pbagora.com.br\/storage\/2025\/04\/incendio-mangabeira-300x169.avif 300w, https:\/\/www.pbagora.com.br\/storage\/2025\/04\/incendio-mangabeira-150x84.avif 150w, https:\/\/www.pbagora.com.br\/storage\/2025\/04\/incendio-mangabeira-768x432.avif 768w, https:\/\/www.pbagora.com.br\/storage\/2025\/04\/incendio-mangabeira-380x214.avif 380w, https:\/\/www.pbagora.com.br\/storage\/2025\/04\/incendio-mangabeira-800x450.avif 800w, https:\/\/www.pbagora.com.br\/storage\/2025\/04\/incendio-mangabeira-80x46.avif 80w, https:\/\/www.pbagora.com.br\/storage\/2025\/04\/incendio-mangabeira-760x427.avif 760w, https:\/\/www.pbagora.com.br\/storage\/2025\/04\/incendio-mangabeira-600x337.avif 600w\" sizes=\"auto, (max-width: 1000px) 100vw, 1000px\"><\/p>\n<p>Um idoso de 76 anos ficou ferido ap\u00f3s um inc\u00eandio atingir sua resid\u00eancia na manh\u00e3 desta ter\u00e7a-feira (29),\u2026<\/p>\n","protected":false},"author":123457,"featured_media":0,"comment_status":"closed","ping_status":"closed","sticky":false,"template":"","format":"standard","meta":{"advgb_blocks_editor_width":"","advgb_blocks_columns_visual_guide":"","footnotes":""},"categories":[34],"tags":[10841,35,10839],"class_list":["post-56828","post","type-post","status-publish","format-standard","hentry","category-g1","tag-destaque-centro-02","tag-g1","tag-policial"],"author_meta":{"display_name":"Reda\u00e7\u00e3o","author_link":"https:\/\/sindaopcpb.org.br\/author\/redacao\/"},"featured_img":null,"coauthors":[],"tax_additional":{"categories":{"linked":["<a href=\"https:\/\/sindaopcpb.org.br\/g1\/\" class=\"advgb-post-tax-term\">G1<\/a>"],"unlinked":["<span class=\"advgb-post-tax-term\">G1<\/span>"]},"tags":{"linked":["<a href=\"https:\/\/sindaopcpb.org.br\/g1\/\" class=\"advgb-post-tax-term\">Destaque Centro 02<\/a>","<a href=\"https:\/\/sindaopcpb.org.br\/g1\/\" class=\"advgb-post-tax-term\">g1<\/a>","<a href=\"https:\/\/sindaopcpb.org.br\/g1\/\" class=\"advgb-post-tax-term\">Policial<\/a>"],"unlinked":["<span class=\"advgb-post-tax-term\">Destaque Centro 02<\/span>","<span class=\"advgb-post-tax-term\">g1<\/span>","<span class=\"advgb-post-tax-term\">Policial<\/span>"]}},"comment_count":"0","relative_dates":{"created":"Publicado 1 ano atr\u00e1s","modified":"Atualizado 1 ano atr\u00e1s"},"absolute_dates":{"created":"Publicado em 29 de abril de 2025","modified":"Atualizado em 29 de abril de 2025"},"absolute_dates_time":{"created":"Publicado em 29 de abril de 2025 12:22","modified":"Atualizado em 29 de abril de 2025 12:22"},"featured_img_caption":"","series_order":"","_links":{"self":[{"href":"https:\/\/sindaopcpb.org.br\/index.php\/wp-json\/wp\/v2\/posts\/56828","targetHints":{"allow":["GET"]}}],"collection":[{"href":"https:\/\/sindaopcpb.org.br\/index.php\/wp-json\/wp\/v2\/posts"}],"about":[{"href":"https:\/\/sindaopcpb.org.br\/index.php\/wp-json\/wp\/v2\/types\/post"}],"author":[{"embeddable":true,"href":"https:\/\/sindaopcpb.org.br\/index.php\/wp-json\/wp\/v2\/users\/123457"}],"replies":[{"embeddable":true,"href":"https:\/\/sindaopcpb.org.br\/index.php\/wp-json\/wp\/v2\/comments?post=56828"}],"version-history":[{"count":1,"href":"https:\/\/sindaopcpb.org.br\/index.php\/wp-json\/wp\/v2\/posts\/56828\/revisions"}],"predecessor-version":[{"id":56829,"href":"https:\/\/sindaopcpb.org.br\/index.php\/wp-json\/wp\/v2\/posts\/56828\/revisions\/56829"}],"wp:attachment":[{"href":"https:\/\/sindaopcpb.org.br\/index.php\/wp-json\/wp\/v2\/media?parent=56828"}],"wp:term":[{"taxonomy":"category","embeddable":true,"href":"https:\/\/sindaopcpb.org.br\/index.php\/wp-json\/wp\/v2\/categories?post=56828"},{"taxonomy":"post_tag","embeddable":true,"href":"https:\/\/sindaopcpb.org.br\/index.php\/wp-json\/wp\/v2\/tags?post=56828"}],"curies":[{"name":"wp","href":"https:\/\/api.w.org\/{rel}","templated":true}]}}