{"id":56818,"date":"2025-04-29T11:00:42","date_gmt":"2025-04-29T14:00:42","guid":{"rendered":"https:\/\/www.pbagora.com.br\/?p=897614"},"modified":"2025-04-29T11:00:42","modified_gmt":"2025-04-29T14:00:42","slug":"veiculo-escolar-e-usado-irregularmente-em-pedro-regis-e-caso-vai-ao-mp","status":"publish","type":"post","link":"https:\/\/sindaopcpb.org.br\/index.php\/2025\/04\/29\/veiculo-escolar-e-usado-irregularmente-em-pedro-regis-e-caso-vai-ao-mp\/","title":{"rendered":"Ve\u00edculo escolar \u00e9 usado irregularmente em Pedro R\u00e9gis e caso vai ao MP"},"content":{"rendered":"<p><img width=\"876\" height=\"656\" src=\"https:\/\/www.pbagora.com.br\/storage\/2025\/04\/onibus-escolar.jpg\" class=\"attachment-large size-large wp-post-image\" alt=\"\" style=\"margin-bottom: 20px;\" decoding=\"async\" loading=\"lazy\" srcset=\"https:\/\/www.pbagora.com.br\/storage\/2025\/04\/onibus-escolar.jpg 876w, https:\/\/www.pbagora.com.br\/storage\/2025\/04\/onibus-escolar-300x225.jpg 300w, https:\/\/www.pbagora.com.br\/storage\/2025\/04\/onibus-escolar-150x112.jpg 150w, https:\/\/www.pbagora.com.br\/storage\/2025\/04\/onibus-escolar-768x575.jpg 768w, https:\/\/www.pbagora.com.br\/storage\/2025\/04\/onibus-escolar-200x150.jpg 200w, https:\/\/www.pbagora.com.br\/storage\/2025\/04\/onibus-escolar-260x195.jpg 260w, https:\/\/www.pbagora.com.br\/storage\/2025\/04\/onibus-escolar-380x285.jpg 380w, https:\/\/www.pbagora.com.br\/storage\/2025\/04\/onibus-escolar-800x599.jpg 800w, https:\/\/www.pbagora.com.br\/storage\/2025\/04\/onibus-escolar-80x60.jpg 80w, https:\/\/www.pbagora.com.br\/storage\/2025\/04\/onibus-escolar-600x449.jpg 600w, https:\/\/www.pbagora.com.br\/storage\/2025\/04\/onibus-escolar-520x390.jpg 520w, https:\/\/www.pbagora.com.br\/storage\/2025\/04\/onibus-escolar-760x569.jpg 760w\" sizes=\"auto, (max-width: 876px) 100vw, 876px\" \/><\/p>\n<p>A Pol\u00edcia Rodovi\u00e1ria Federal (PRF) na Para\u00edba realizou, por meio de esfor\u00e7os empregados na \u00faltima segunda-feira (28), no litoral norte paraibano, o flagrante de um \u00f4nibus escolar exclusivo para estudantes do ensino m\u00e9dio e fundamental, adquirido com verba do programa Caminho da Escola, sendo utilizado para dar carona a adultos. Em outra a\u00e7\u00e3o, uma motocicleta que circulava adulterada na rodovia federal foi apreendida, e o condutor foi detido por adultera\u00e7\u00e3o.<\/p>\n\n\n\n<p>Em Mamanguape-PB, na BR-101, km 36, por volta das 7h35, ap\u00f3s den\u00fancia an\u00f4nima, a PRF abordou um \u00f4nibus escolar &#8220;amarelinho&#8221; pertencente ao munic\u00edpio de Pedro R\u00e9gis-PB. Durante a fiscaliza\u00e7\u00e3o, constatou-se que o ve\u00edculo estava sendo utilizado para levar universit\u00e1rios e outros adultos para a cidade de Mamanguape, dando carona at\u00e9 para moradores do munic\u00edpio de Jacara\u00fa-PB, inclusive durante o hor\u00e1rio de aulas regulares. Por se tratar de um \u00f4nibus do programa Caminho da Escola, adquirido com verba do Fundo Nacional de Desenvolvimento da Educa\u00e7\u00e3o (FNDE) e destinado ao uso exclusivo do transporte de estudantes matriculados nas escolas das redes p\u00fablicas de ensino, o ve\u00edculo n\u00e3o poderia estar sendo empregado no transporte de universit\u00e1rios e para dar carona a pessoas adultas no hor\u00e1rio das aulas do ensino fundamental e m\u00e9dio. Diante da poss\u00edvel pr\u00e1tica de improbidade administrativa com preju\u00edzo ao er\u00e1rio, a ocorr\u00eancia foi registrada e um relat\u00f3rio ser\u00e1 encaminhado ao Minist\u00e9rio P\u00fablico Estadual para as devidas provid\u00eancias.<\/p>\n\n\n\n<p>A segunda ocorr\u00eancia se desenvolveu em Mataraca-PB, na BR-101, quil\u00f4metro seis, por volta das 10h30. Durante uma ronda da PRF, foi abordada uma motocicleta Honda CG 160 Fan com placa em desacordo com as normas do Contran. O condutor, um homem de 36 anos sem CNH, informou ter adquirido o ve\u00edculo h\u00e1 cerca de um ano por meio de an\u00fancio na internet. Ao verificar os sinais identificadores, os policiais constataram ind\u00edcios de adultera\u00e7\u00e3o. Diante dos fatos observados, o condutor e a motocicleta foram encaminhados \u00e0 Delegacia de Pol\u00edcia Judici\u00e1ria de Mamanguape para as provid\u00eancias legais cab\u00edveis. Ele poder\u00e1 responder criminalmente por adultera\u00e7\u00e3o de sinal identificador.<\/p>\n\n\n\n<p><strong><em>PB Agora<\/em><\/strong><\/p>\n","protected":false},"excerpt":{"rendered":"<p><img decoding=\"async\" width=\"876\" height=\"656\" src=\"https:\/\/www.pbagora.com.br\/storage\/2025\/04\/onibus-escolar.jpg\" class=\"attachment-large size-large wp-post-image\" alt=\"\" loading=\"lazy\" srcset=\"https:\/\/www.pbagora.com.br\/storage\/2025\/04\/onibus-escolar.jpg 876w, https:\/\/www.pbagora.com.br\/storage\/2025\/04\/onibus-escolar-300x225.jpg 300w, https:\/\/www.pbagora.com.br\/storage\/2025\/04\/onibus-escolar-150x112.jpg 150w, https:\/\/www.pbagora.com.br\/storage\/2025\/04\/onibus-escolar-768x575.jpg 768w, https:\/\/www.pbagora.com.br\/storage\/2025\/04\/onibus-escolar-200x150.jpg 200w, https:\/\/www.pbagora.com.br\/storage\/2025\/04\/onibus-escolar-260x195.jpg 260w, https:\/\/www.pbagora.com.br\/storage\/2025\/04\/onibus-escolar-380x285.jpg 380w, https:\/\/www.pbagora.com.br\/storage\/2025\/04\/onibus-escolar-800x599.jpg 800w, https:\/\/www.pbagora.com.br\/storage\/2025\/04\/onibus-escolar-80x60.jpg 80w, https:\/\/www.pbagora.com.br\/storage\/2025\/04\/onibus-escolar-600x449.jpg 600w, https:\/\/www.pbagora.com.br\/storage\/2025\/04\/onibus-escolar-520x390.jpg 520w, https:\/\/www.pbagora.com.br\/storage\/2025\/04\/onibus-escolar-760x569.jpg 760w\" sizes=\"auto, (max-width: 876px) 100vw, 876px\"><\/p>\n<p>A Pol\u00edcia Rodovi\u00e1ria Federal (PRF) na Para\u00edba realizou, por meio de esfor\u00e7os empregados na \u00faltima segunda-feira (28), no\u2026<\/p>\n","protected":false},"author":123457,"featured_media":0,"comment_status":"closed","ping_status":"closed","sticky":false,"template":"","format":"standard","meta":{"advgb_blocks_editor_width":"","advgb_blocks_columns_visual_guide":"","footnotes":""},"categories":[34],"tags":[35,10839,10842],"class_list":["post-56818","post","type-post","status-publish","format-standard","hentry","category-g1","tag-g1","tag-policial","tag-principal3"],"author_meta":{"display_name":"Reda\u00e7\u00e3o","author_link":"https:\/\/sindaopcpb.org.br\/author\/redacao\/"},"featured_img":null,"coauthors":[],"tax_additional":{"categories":{"linked":["<a href=\"https:\/\/sindaopcpb.org.br\/g1\/\" class=\"advgb-post-tax-term\">G1<\/a>"],"unlinked":["<span class=\"advgb-post-tax-term\">G1<\/span>"]},"tags":{"linked":["<a href=\"https:\/\/sindaopcpb.org.br\/g1\/\" class=\"advgb-post-tax-term\">g1<\/a>","<a href=\"https:\/\/sindaopcpb.org.br\/g1\/\" class=\"advgb-post-tax-term\">Policial<\/a>","<a href=\"https:\/\/sindaopcpb.org.br\/g1\/\" class=\"advgb-post-tax-term\">Principal3<\/a>"],"unlinked":["<span class=\"advgb-post-tax-term\">g1<\/span>","<span class=\"advgb-post-tax-term\">Policial<\/span>","<span class=\"advgb-post-tax-term\">Principal3<\/span>"]}},"comment_count":"0","relative_dates":{"created":"Publicado 1 ano atr\u00e1s","modified":"Atualizado 1 ano atr\u00e1s"},"absolute_dates":{"created":"Publicado em 29 de abril de 2025","modified":"Atualizado em 29 de abril de 2025"},"absolute_dates_time":{"created":"Publicado em 29 de abril de 2025 11:00","modified":"Atualizado em 29 de abril de 2025 11:00"},"featured_img_caption":"","series_order":"","_links":{"self":[{"href":"https:\/\/sindaopcpb.org.br\/index.php\/wp-json\/wp\/v2\/posts\/56818","targetHints":{"allow":["GET"]}}],"collection":[{"href":"https:\/\/sindaopcpb.org.br\/index.php\/wp-json\/wp\/v2\/posts"}],"about":[{"href":"https:\/\/sindaopcpb.org.br\/index.php\/wp-json\/wp\/v2\/types\/post"}],"author":[{"embeddable":true,"href":"https:\/\/sindaopcpb.org.br\/index.php\/wp-json\/wp\/v2\/users\/123457"}],"replies":[{"embeddable":true,"href":"https:\/\/sindaopcpb.org.br\/index.php\/wp-json\/wp\/v2\/comments?post=56818"}],"version-history":[{"count":1,"href":"https:\/\/sindaopcpb.org.br\/index.php\/wp-json\/wp\/v2\/posts\/56818\/revisions"}],"predecessor-version":[{"id":56819,"href":"https:\/\/sindaopcpb.org.br\/index.php\/wp-json\/wp\/v2\/posts\/56818\/revisions\/56819"}],"wp:attachment":[{"href":"https:\/\/sindaopcpb.org.br\/index.php\/wp-json\/wp\/v2\/media?parent=56818"}],"wp:term":[{"taxonomy":"category","embeddable":true,"href":"https:\/\/sindaopcpb.org.br\/index.php\/wp-json\/wp\/v2\/categories?post=56818"},{"taxonomy":"post_tag","embeddable":true,"href":"https:\/\/sindaopcpb.org.br\/index.php\/wp-json\/wp\/v2\/tags?post=56818"}],"curies":[{"name":"wp","href":"https:\/\/api.w.org\/{rel}","templated":true}]}}