{"id":56773,"date":"2025-04-27T17:17:23","date_gmt":"2025-04-27T20:17:23","guid":{"rendered":"https:\/\/www.pbagora.com.br\/?p=897366"},"modified":"2025-04-27T17:17:23","modified_gmt":"2025-04-27T20:17:23","slug":"policia-militar-prende-homem-com-vestimentas-militares-por-trafico-de-drogas-em-jp","status":"publish","type":"post","link":"https:\/\/sindaopcpb.org.br\/index.php\/2025\/04\/27\/policia-militar-prende-homem-com-vestimentas-militares-por-trafico-de-drogas-em-jp\/","title":{"rendered":"Pol\u00edcia Militar prende homem com vestimentas militares por tr\u00e1fico de drogas, em JP"},"content":{"rendered":"<p><img width=\"491\" height=\"332\" src=\"https:\/\/www.pbagora.com.br\/storage\/2025\/04\/image-41.png\" class=\"attachment-large size-large wp-post-image\" alt=\"\" style=\"margin-bottom: 20px;\" decoding=\"async\" loading=\"lazy\" srcset=\"https:\/\/www.pbagora.com.br\/storage\/2025\/04\/image-41.png 491w, https:\/\/www.pbagora.com.br\/storage\/2025\/04\/image-41-300x203.png 300w, https:\/\/www.pbagora.com.br\/storage\/2025\/04\/image-41-150x101.png 150w, https:\/\/www.pbagora.com.br\/storage\/2025\/04\/image-41-380x257.png 380w, https:\/\/www.pbagora.com.br\/storage\/2025\/04\/image-41-80x54.png 80w\" sizes=\"auto, (max-width: 491px) 100vw, 491px\" \/><\/p>\n<p>Na madrugada deste domingo (27), policiais do 5\u00b0 Batalh\u00e3o de Pol\u00edcia Militar prenderam um suspeito por tr\u00e1fico de drogas na Capital. O suspeito tinha violado a tornozeleira eletr\u00f4nica a mais de um ano.<\/p>\n\n\n\n<p>As equipes policiais da For\u00e7a T\u00e1tica estavam em rondas no bairro Jardim Veneza, quando um grupo de indiv\u00edduos empreendeu fuga, sendo um deles alcan\u00e7ado no residencial conhecido como \u201cDilm\u00e3o\u201d. O que chamou a aten\u00e7\u00e3o das equipes policiais foi que o indiv\u00edduo estava com trajes militares. Foi realizada uma busca no local e com o suspeito foram encontrados: 32 por\u00e7\u00f5es de maconha fracionadas e 06 por\u00e7\u00f5es maiores, 32 pinos de coca\u00edna, 01 por\u00e7\u00e3o de haxixe, 70 pedras de crack, 01 balan\u00e7a de precis\u00e3o, embalagens para acondicionar as drogas, muni\u00e7\u00f5es de 9mm e .40, 01 capa de colete, 02 placas de prote\u00e7\u00e3o bal\u00edstica, 01 porta pistola, com porta carregador e 01 balaclava.<\/p>\n\n\n\n<p>Em consulta ao&nbsp;Banco Nacional de Mandados de Pris\u00e3o,&nbsp;foi verificado que em desfavor do acusado existia&nbsp;um mandado de pris\u00e3o, expedido pela Vara das Execu\u00e7\u00f5es Penais de Jo\u00e3o Pessoa-PB, o acusado tinha rompido a tornozeleira eletr\u00f4nica a mais de um ano.<\/p>\n\n\n\n<p>O acusado foi preso e todos os materiais foram entregues na Central de Flagrantes para as demais provid\u00eancias legais.<\/p>\n\n\n\n<p><strong><em>PB Agora<\/em><\/strong><\/p>\n","protected":false},"excerpt":{"rendered":"<p><img decoding=\"async\" width=\"491\" height=\"332\" src=\"https:\/\/www.pbagora.com.br\/storage\/2025\/04\/image-41.png\" class=\"attachment-large size-large wp-post-image\" alt=\"\" loading=\"lazy\" srcset=\"https:\/\/www.pbagora.com.br\/storage\/2025\/04\/image-41.png 491w, https:\/\/www.pbagora.com.br\/storage\/2025\/04\/image-41-300x203.png 300w, https:\/\/www.pbagora.com.br\/storage\/2025\/04\/image-41-150x101.png 150w, https:\/\/www.pbagora.com.br\/storage\/2025\/04\/image-41-380x257.png 380w, https:\/\/www.pbagora.com.br\/storage\/2025\/04\/image-41-80x54.png 80w\" sizes=\"auto, (max-width: 491px) 100vw, 491px\"><\/p>\n<p>Na madrugada deste domingo (27), policiais do 5\u00b0 Batalh\u00e3o de Pol\u00edcia Militar prenderam um suspeito por tr\u00e1fico de\u2026<\/p>\n","protected":false},"author":123457,"featured_media":0,"comment_status":"closed","ping_status":"closed","sticky":false,"template":"","format":"standard","meta":{"advgb_blocks_editor_width":"","advgb_blocks_columns_visual_guide":"","footnotes":""},"categories":[34],"tags":[35,10839,10842],"class_list":["post-56773","post","type-post","status-publish","format-standard","hentry","category-g1","tag-g1","tag-policial","tag-principal3"],"author_meta":{"display_name":"Reda\u00e7\u00e3o","author_link":"https:\/\/sindaopcpb.org.br\/author\/redacao\/"},"featured_img":null,"coauthors":[],"tax_additional":{"categories":{"linked":["<a href=\"https:\/\/sindaopcpb.org.br\/g1\/\" class=\"advgb-post-tax-term\">G1<\/a>"],"unlinked":["<span class=\"advgb-post-tax-term\">G1<\/span>"]},"tags":{"linked":["<a href=\"https:\/\/sindaopcpb.org.br\/g1\/\" class=\"advgb-post-tax-term\">g1<\/a>","<a href=\"https:\/\/sindaopcpb.org.br\/g1\/\" class=\"advgb-post-tax-term\">Policial<\/a>","<a href=\"https:\/\/sindaopcpb.org.br\/g1\/\" class=\"advgb-post-tax-term\">Principal3<\/a>"],"unlinked":["<span class=\"advgb-post-tax-term\">g1<\/span>","<span class=\"advgb-post-tax-term\">Policial<\/span>","<span class=\"advgb-post-tax-term\">Principal3<\/span>"]}},"comment_count":"0","relative_dates":{"created":"Publicado 1 ano atr\u00e1s","modified":"Atualizado 1 ano atr\u00e1s"},"absolute_dates":{"created":"Publicado em 27 de abril de 2025","modified":"Atualizado em 27 de abril de 2025"},"absolute_dates_time":{"created":"Publicado em 27 de abril de 2025 17:17","modified":"Atualizado em 27 de abril de 2025 17:17"},"featured_img_caption":"","series_order":"","_links":{"self":[{"href":"https:\/\/sindaopcpb.org.br\/index.php\/wp-json\/wp\/v2\/posts\/56773","targetHints":{"allow":["GET"]}}],"collection":[{"href":"https:\/\/sindaopcpb.org.br\/index.php\/wp-json\/wp\/v2\/posts"}],"about":[{"href":"https:\/\/sindaopcpb.org.br\/index.php\/wp-json\/wp\/v2\/types\/post"}],"author":[{"embeddable":true,"href":"https:\/\/sindaopcpb.org.br\/index.php\/wp-json\/wp\/v2\/users\/123457"}],"replies":[{"embeddable":true,"href":"https:\/\/sindaopcpb.org.br\/index.php\/wp-json\/wp\/v2\/comments?post=56773"}],"version-history":[{"count":1,"href":"https:\/\/sindaopcpb.org.br\/index.php\/wp-json\/wp\/v2\/posts\/56773\/revisions"}],"predecessor-version":[{"id":56774,"href":"https:\/\/sindaopcpb.org.br\/index.php\/wp-json\/wp\/v2\/posts\/56773\/revisions\/56774"}],"wp:attachment":[{"href":"https:\/\/sindaopcpb.org.br\/index.php\/wp-json\/wp\/v2\/media?parent=56773"}],"wp:term":[{"taxonomy":"category","embeddable":true,"href":"https:\/\/sindaopcpb.org.br\/index.php\/wp-json\/wp\/v2\/categories?post=56773"},{"taxonomy":"post_tag","embeddable":true,"href":"https:\/\/sindaopcpb.org.br\/index.php\/wp-json\/wp\/v2\/tags?post=56773"}],"curies":[{"name":"wp","href":"https:\/\/api.w.org\/{rel}","templated":true}]}}