{"id":56764,"date":"2025-04-27T08:28:13","date_gmt":"2025-04-27T11:28:13","guid":{"rendered":"https:\/\/www.pbagora.com.br\/?p=897332"},"modified":"2025-04-27T17:28:13","modified_gmt":"2025-04-27T20:28:13","slug":"dois-irmaos-sao-mortos-a-tiros-em-santa-rita-policia-investiga-motivacao-do-crime","status":"publish","type":"post","link":"https:\/\/sindaopcpb.org.br\/index.php\/2025\/04\/27\/dois-irmaos-sao-mortos-a-tiros-em-santa-rita-policia-investiga-motivacao-do-crime\/","title":{"rendered":"Dois irm\u00e3os s\u00e3o mortos a tiros em Santa Rita; pol\u00edcia investiga motiva\u00e7\u00e3o do crime"},"content":{"rendered":"<p><img width=\"1000\" height=\"488\" src=\"https:\/\/www.pbagora.com.br\/storage\/2025\/04\/reproducao-tv-cabo-branco.avif\" class=\"attachment-large size-large wp-post-image\" alt=\"\" style=\"margin-bottom: 20px;\" decoding=\"async\" loading=\"lazy\" srcset=\"https:\/\/www.pbagora.com.br\/storage\/2025\/04\/reproducao-tv-cabo-branco.avif 1000w, https:\/\/www.pbagora.com.br\/storage\/2025\/04\/reproducao-tv-cabo-branco-300x146.avif 300w, https:\/\/www.pbagora.com.br\/storage\/2025\/04\/reproducao-tv-cabo-branco-150x73.avif 150w, https:\/\/www.pbagora.com.br\/storage\/2025\/04\/reproducao-tv-cabo-branco-768x375.avif 768w, https:\/\/www.pbagora.com.br\/storage\/2025\/04\/reproducao-tv-cabo-branco-380x185.avif 380w, https:\/\/www.pbagora.com.br\/storage\/2025\/04\/reproducao-tv-cabo-branco-800x390.avif 800w, https:\/\/www.pbagora.com.br\/storage\/2025\/04\/reproducao-tv-cabo-branco-80x39.avif 80w, https:\/\/www.pbagora.com.br\/storage\/2025\/04\/reproducao-tv-cabo-branco-760x371.avif 760w, https:\/\/www.pbagora.com.br\/storage\/2025\/04\/reproducao-tv-cabo-branco-600x293.avif 600w\" sizes=\"auto, (max-width: 1000px) 100vw, 1000px\" \/><\/p>\n<p>Dois irm\u00e3os foram assassinados a tiros na tarde deste s\u00e1bado (26) no munic\u00edpio de Santa Rita, na Regi\u00e3o Metropolitana de Jo\u00e3o Pessoa. As v\u00edtimas foram identificadas como Edvaldo Borges Pereira, de 35 anos, e Micael Borges Avelino, de 25 anos.<\/p>\n\n\n\n<p>De acordo com a Pol\u00edcia Civil, cerca de quatro homens armados chegaram ao local onde os irm\u00e3os estavam e efetuaram entre oito e dez disparos contra Edvaldo. Micael tentou socorrer o irm\u00e3o, mas tamb\u00e9m foi atingido e morreu ainda no local.<\/p>\n\n\n\n<p>Os irm\u00e3os eram naturais do bairro Valentina Figueiredo, em Jo\u00e3o Pessoa, e estavam em Santa Rita h\u00e1 pouco tempo, hospedados na casa de familiares. Segundo informa\u00e7\u00f5es repassadas pela Pol\u00edcia Militar, a recente presen\u00e7a dos dois no bairro pode ter sido o motivo do ataque.<\/p>\n\n\n\n<p>Familiares das v\u00edtimas informaram \u00e0 pol\u00edcia que os irm\u00e3os n\u00e3o tinham envolvimento com fac\u00e7\u00f5es criminosas. A Pol\u00edcia Civil est\u00e1 investigando o caso.<\/p>\n\n\n\n<p><strong><em>PB Agora<\/em><\/strong><\/p>\n","protected":false},"excerpt":{"rendered":"<p><img loading=\"lazy\" decoding=\"async\" width=\"1000\" height=\"488\" src=\"https:\/\/www.pbagora.com.br\/storage\/2025\/04\/reproducao-tv-cabo-branco.avif\" class=\"attachment-large size-large wp-post-image\" alt=\"\" srcset=\"https:\/\/www.pbagora.com.br\/storage\/2025\/04\/reproducao-tv-cabo-branco.avif 1000w, https:\/\/www.pbagora.com.br\/storage\/2025\/04\/reproducao-tv-cabo-branco-300x146.avif 300w, https:\/\/www.pbagora.com.br\/storage\/2025\/04\/reproducao-tv-cabo-branco-150x73.avif 150w, https:\/\/www.pbagora.com.br\/storage\/2025\/04\/reproducao-tv-cabo-branco-768x375.avif 768w, https:\/\/www.pbagora.com.br\/storage\/2025\/04\/reproducao-tv-cabo-branco-380x185.avif 380w, https:\/\/www.pbagora.com.br\/storage\/2025\/04\/reproducao-tv-cabo-branco-800x390.avif 800w, https:\/\/www.pbagora.com.br\/storage\/2025\/04\/reproducao-tv-cabo-branco-80x39.avif 80w, https:\/\/www.pbagora.com.br\/storage\/2025\/04\/reproducao-tv-cabo-branco-760x371.avif 760w, https:\/\/www.pbagora.com.br\/storage\/2025\/04\/reproducao-tv-cabo-branco-600x293.avif 600w\" sizes=\"auto, (max-width: 1000px) 100vw, 1000px\"><\/p>\n<p>Dois irm\u00e3os foram assassinados a tiros na tarde deste s\u00e1bado (26) no munic\u00edpio de Santa Rita, na Regi\u00e3o\u2026<\/p>\n","protected":false},"author":123457,"featured_media":0,"comment_status":"closed","ping_status":"closed","sticky":false,"template":"","format":"standard","meta":{"advgb_blocks_editor_width":"","advgb_blocks_columns_visual_guide":"","footnotes":""},"categories":[34],"tags":[35,10839,10848],"class_list":["post-56764","post","type-post","status-publish","format-standard","hentry","category-g1","tag-g1","tag-policial","tag-rodape-01"],"author_meta":{"display_name":"Reda\u00e7\u00e3o","author_link":"https:\/\/sindaopcpb.org.br\/author\/redacao\/"},"featured_img":null,"coauthors":[],"tax_additional":{"categories":{"linked":["<a href=\"https:\/\/sindaopcpb.org.br\/g1\/\" class=\"advgb-post-tax-term\">G1<\/a>"],"unlinked":["<span class=\"advgb-post-tax-term\">G1<\/span>"]},"tags":{"linked":["<a href=\"https:\/\/sindaopcpb.org.br\/g1\/\" class=\"advgb-post-tax-term\">g1<\/a>","<a href=\"https:\/\/sindaopcpb.org.br\/g1\/\" class=\"advgb-post-tax-term\">Policial<\/a>","<a href=\"https:\/\/sindaopcpb.org.br\/g1\/\" class=\"advgb-post-tax-term\">Rodape 01<\/a>"],"unlinked":["<span class=\"advgb-post-tax-term\">g1<\/span>","<span class=\"advgb-post-tax-term\">Policial<\/span>","<span class=\"advgb-post-tax-term\">Rodape 01<\/span>"]}},"comment_count":"0","relative_dates":{"created":"Publicado 1 ano atr\u00e1s","modified":"Atualizado 1 ano atr\u00e1s"},"absolute_dates":{"created":"Publicado em 27 de abril de 2025","modified":"Atualizado em 27 de abril de 2025"},"absolute_dates_time":{"created":"Publicado em 27 de abril de 2025 08:28","modified":"Atualizado em 27 de abril de 2025 17:28"},"featured_img_caption":"","series_order":"","_links":{"self":[{"href":"https:\/\/sindaopcpb.org.br\/index.php\/wp-json\/wp\/v2\/posts\/56764","targetHints":{"allow":["GET"]}}],"collection":[{"href":"https:\/\/sindaopcpb.org.br\/index.php\/wp-json\/wp\/v2\/posts"}],"about":[{"href":"https:\/\/sindaopcpb.org.br\/index.php\/wp-json\/wp\/v2\/types\/post"}],"author":[{"embeddable":true,"href":"https:\/\/sindaopcpb.org.br\/index.php\/wp-json\/wp\/v2\/users\/123457"}],"replies":[{"embeddable":true,"href":"https:\/\/sindaopcpb.org.br\/index.php\/wp-json\/wp\/v2\/comments?post=56764"}],"version-history":[{"count":3,"href":"https:\/\/sindaopcpb.org.br\/index.php\/wp-json\/wp\/v2\/posts\/56764\/revisions"}],"predecessor-version":[{"id":56772,"href":"https:\/\/sindaopcpb.org.br\/index.php\/wp-json\/wp\/v2\/posts\/56764\/revisions\/56772"}],"wp:attachment":[{"href":"https:\/\/sindaopcpb.org.br\/index.php\/wp-json\/wp\/v2\/media?parent=56764"}],"wp:term":[{"taxonomy":"category","embeddable":true,"href":"https:\/\/sindaopcpb.org.br\/index.php\/wp-json\/wp\/v2\/categories?post=56764"},{"taxonomy":"post_tag","embeddable":true,"href":"https:\/\/sindaopcpb.org.br\/index.php\/wp-json\/wp\/v2\/tags?post=56764"}],"curies":[{"name":"wp","href":"https:\/\/api.w.org\/{rel}","templated":true}]}}