{"id":56724,"date":"2025-04-25T11:58:15","date_gmt":"2025-04-25T14:58:15","guid":{"rendered":"https:\/\/www.pbagora.com.br\/?p=897179"},"modified":"2025-04-25T11:58:15","modified_gmt":"2025-04-25T14:58:15","slug":"farmacia-de-cg-lamenta-morte-de-colaborador-e-reforca-apoio-as-investigacoes","status":"publish","type":"post","link":"https:\/\/sindaopcpb.org.br\/index.php\/2025\/04\/25\/farmacia-de-cg-lamenta-morte-de-colaborador-e-reforca-apoio-as-investigacoes\/","title":{"rendered":"Farm\u00e1cia de CG lamenta morte de colaborador e refor\u00e7a apoio \u00e0s investiga\u00e7\u00f5es"},"content":{"rendered":"<p><img width=\"919\" height=\"1024\" src=\"https:\/\/www.pbagora.com.br\/storage\/2025\/04\/vitima-elevador-919x1024.avif\" class=\"attachment-large size-large wp-post-image\" alt=\"\" style=\"margin-bottom: 20px;\" decoding=\"async\" srcset=\"https:\/\/www.pbagora.com.br\/storage\/2025\/04\/vitima-elevador-919x1024.avif 919w, https:\/\/www.pbagora.com.br\/storage\/2025\/04\/vitima-elevador-269x300.avif 269w, https:\/\/www.pbagora.com.br\/storage\/2025\/04\/vitima-elevador-135x150.avif 135w, https:\/\/www.pbagora.com.br\/storage\/2025\/04\/vitima-elevador-768x856.avif 768w, https:\/\/www.pbagora.com.br\/storage\/2025\/04\/vitima-elevador-380x423.avif 380w, https:\/\/www.pbagora.com.br\/storage\/2025\/04\/vitima-elevador-800x891.avif 800w, https:\/\/www.pbagora.com.br\/storage\/2025\/04\/vitima-elevador-80x89.avif 80w, https:\/\/www.pbagora.com.br\/storage\/2025\/04\/vitima-elevador-72x80.avif 72w, https:\/\/www.pbagora.com.br\/storage\/2025\/04\/vitima-elevador-760x847.avif 760w, https:\/\/www.pbagora.com.br\/storage\/2025\/04\/vitima-elevador-539x600.avif 539w, https:\/\/www.pbagora.com.br\/storage\/2025\/04\/vitima-elevador.avif 1000w\" sizes=\"(max-width: 919px) 100vw, 919px\" \/><\/p>\n<p>A farm\u00e1cia Redepharma, localizada no Centro de Campina Grande, emitiu uma nota de pesar na manh\u00e3 desta sexta-feira (25) ap\u00f3s o falecimento de seu colaborador Arthur Alves de Souza, ocorrido na noite de quinta-feira (24). A morte aconteceu em uma das unidades da farm\u00e1cia, situada na Rua Marqu\u00eas do Herval, e est\u00e1 sendo investigado pelas autoridades locais.<\/p>\n\n\n\n<p>Na nota, a empresa expressou sua solidariedade \u00e0 fam\u00edlia de Arthur e destacou sua dedica\u00e7\u00e3o e profissionalismo enquanto parte da equipe. &#8220;Arthur foi uma pessoa muito querida por todos, e sua contribui\u00e7\u00e3o para nossa equipe ser\u00e1 sempre lembrada com carinho e respeito&#8221;, afirmou a Redepharma, que tamb\u00e9m se comprometeu a colaborar com as investiga\u00e7\u00f5es sobre o ocorrido.<\/p>\n\n\n\n<p>A farm\u00e1cia refor\u00e7ou ainda que est\u00e1 prestando total apoio \u00e0 fam\u00edlia de Arthur neste momento dif\u00edcil e que seguir\u00e1 acompanhando o andamento das investiga\u00e7\u00f5es.<\/p>\n\n\n\n<p>Entenda:<\/p>\n\n\n\n<p><a href=\"https:\/\/www.pbagora.com.br\/noticia\/policial\/acidente-no-centro-de-cg-homem-morre-ao-cair-de-elevador-em-um-predio-localizado-na-rua-marques-do-herval\/\">Acidente em CG: Homem morre ao cair de elevador em um pr\u00e9dio localizado na Rua Marqu\u00eas do Herval<\/a><\/p>\n\n\n\n<p><strong><em>PB Agora<\/em><\/strong><a href=\"https:\/\/www.pbagora.com.br\/noticia\/colunistas\/severino\/\"><\/a><\/p>\n","protected":false},"excerpt":{"rendered":"<p><img loading=\"lazy\" decoding=\"async\" width=\"919\" height=\"1024\" src=\"https:\/\/www.pbagora.com.br\/storage\/2025\/04\/vitima-elevador-919x1024.avif\" class=\"attachment-large size-large wp-post-image\" alt=\"\" srcset=\"https:\/\/www.pbagora.com.br\/storage\/2025\/04\/vitima-elevador-919x1024.avif 919w, https:\/\/www.pbagora.com.br\/storage\/2025\/04\/vitima-elevador-269x300.avif 269w, https:\/\/www.pbagora.com.br\/storage\/2025\/04\/vitima-elevador-135x150.avif 135w, https:\/\/www.pbagora.com.br\/storage\/2025\/04\/vitima-elevador-768x856.avif 768w, https:\/\/www.pbagora.com.br\/storage\/2025\/04\/vitima-elevador-380x423.avif 380w, https:\/\/www.pbagora.com.br\/storage\/2025\/04\/vitima-elevador-800x891.avif 800w, https:\/\/www.pbagora.com.br\/storage\/2025\/04\/vitima-elevador-80x89.avif 80w, https:\/\/www.pbagora.com.br\/storage\/2025\/04\/vitima-elevador-72x80.avif 72w, https:\/\/www.pbagora.com.br\/storage\/2025\/04\/vitima-elevador-760x847.avif 760w, https:\/\/www.pbagora.com.br\/storage\/2025\/04\/vitima-elevador-539x600.avif 539w, https:\/\/www.pbagora.com.br\/storage\/2025\/04\/vitima-elevador.avif 1000w\" sizes=\"auto, (max-width: 919px) 100vw, 919px\"><\/p>\n<p>A farm\u00e1cia Redepharma, localizada no Centro de Campina Grande, emitiu uma nota de pesar na manh\u00e3 desta sexta-feira\u2026<\/p>\n","protected":false},"author":123457,"featured_media":0,"comment_status":"closed","ping_status":"closed","sticky":false,"template":"","format":"standard","meta":{"advgb_blocks_editor_width":"","advgb_blocks_columns_visual_guide":"","footnotes":""},"categories":[34],"tags":[35,10839,10842],"class_list":["post-56724","post","type-post","status-publish","format-standard","hentry","category-g1","tag-g1","tag-policial","tag-principal3"],"author_meta":{"display_name":"Reda\u00e7\u00e3o","author_link":"https:\/\/sindaopcpb.org.br\/author\/redacao\/"},"featured_img":null,"coauthors":[],"tax_additional":{"categories":{"linked":["<a href=\"https:\/\/sindaopcpb.org.br\/g1\/\" class=\"advgb-post-tax-term\">G1<\/a>"],"unlinked":["<span class=\"advgb-post-tax-term\">G1<\/span>"]},"tags":{"linked":["<a href=\"https:\/\/sindaopcpb.org.br\/g1\/\" class=\"advgb-post-tax-term\">g1<\/a>","<a href=\"https:\/\/sindaopcpb.org.br\/g1\/\" class=\"advgb-post-tax-term\">Policial<\/a>","<a href=\"https:\/\/sindaopcpb.org.br\/g1\/\" class=\"advgb-post-tax-term\">Principal3<\/a>"],"unlinked":["<span class=\"advgb-post-tax-term\">g1<\/span>","<span class=\"advgb-post-tax-term\">Policial<\/span>","<span class=\"advgb-post-tax-term\">Principal3<\/span>"]}},"comment_count":"0","relative_dates":{"created":"Publicado 1 ano atr\u00e1s","modified":"Atualizado 1 ano atr\u00e1s"},"absolute_dates":{"created":"Publicado em 25 de abril de 2025","modified":"Atualizado em 25 de abril de 2025"},"absolute_dates_time":{"created":"Publicado em 25 de abril de 2025 11:58","modified":"Atualizado em 25 de abril de 2025 11:58"},"featured_img_caption":"","series_order":"","_links":{"self":[{"href":"https:\/\/sindaopcpb.org.br\/index.php\/wp-json\/wp\/v2\/posts\/56724","targetHints":{"allow":["GET"]}}],"collection":[{"href":"https:\/\/sindaopcpb.org.br\/index.php\/wp-json\/wp\/v2\/posts"}],"about":[{"href":"https:\/\/sindaopcpb.org.br\/index.php\/wp-json\/wp\/v2\/types\/post"}],"author":[{"embeddable":true,"href":"https:\/\/sindaopcpb.org.br\/index.php\/wp-json\/wp\/v2\/users\/123457"}],"replies":[{"embeddable":true,"href":"https:\/\/sindaopcpb.org.br\/index.php\/wp-json\/wp\/v2\/comments?post=56724"}],"version-history":[{"count":3,"href":"https:\/\/sindaopcpb.org.br\/index.php\/wp-json\/wp\/v2\/posts\/56724\/revisions"}],"predecessor-version":[{"id":56737,"href":"https:\/\/sindaopcpb.org.br\/index.php\/wp-json\/wp\/v2\/posts\/56724\/revisions\/56737"}],"wp:attachment":[{"href":"https:\/\/sindaopcpb.org.br\/index.php\/wp-json\/wp\/v2\/media?parent=56724"}],"wp:term":[{"taxonomy":"category","embeddable":true,"href":"https:\/\/sindaopcpb.org.br\/index.php\/wp-json\/wp\/v2\/categories?post=56724"},{"taxonomy":"post_tag","embeddable":true,"href":"https:\/\/sindaopcpb.org.br\/index.php\/wp-json\/wp\/v2\/tags?post=56724"}],"curies":[{"name":"wp","href":"https:\/\/api.w.org\/{rel}","templated":true}]}}