{"id":56720,"date":"2025-04-25T09:20:00","date_gmt":"2025-04-25T12:20:00","guid":{"rendered":"https:\/\/www.pbagora.com.br\/?p=897133"},"modified":"2025-04-25T11:20:00","modified_gmt":"2025-04-25T14:20:00","slug":"pc-realiza-operacao-devaste-para-combater-crime-entre-os-bairros-de-jaguaribe-e-rangel","status":"publish","type":"post","link":"https:\/\/sindaopcpb.org.br\/index.php\/2025\/04\/25\/pc-realiza-operacao-devaste-para-combater-crime-entre-os-bairros-de-jaguaribe-e-rangel\/","title":{"rendered":"PC realiza \u201cOpera\u00e7\u00e3o Devaste\u201d para combater crime entre os bairros de Jaguaribe e Rangel"},"content":{"rendered":"<p><img width=\"495\" height=\"310\" src=\"https:\/\/www.pbagora.com.br\/storage\/2025\/04\/PC.jpg\" class=\"attachment-large size-large wp-post-image\" alt=\"\" style=\"margin-bottom: 20px;\" decoding=\"async\" loading=\"lazy\" srcset=\"https:\/\/www.pbagora.com.br\/storage\/2025\/04\/PC.jpg 495w, https:\/\/www.pbagora.com.br\/storage\/2025\/04\/PC-300x188.jpg 300w, https:\/\/www.pbagora.com.br\/storage\/2025\/04\/PC-150x94.jpg 150w, https:\/\/www.pbagora.com.br\/storage\/2025\/04\/PC-380x238.jpg 380w, https:\/\/www.pbagora.com.br\/storage\/2025\/04\/PC-80x50.jpg 80w\" sizes=\"auto, (max-width: 495px) 100vw, 495px\" \/><\/p>\n<p>A Delegacia de Homic\u00eddios de Jo\u00e3o Pessoa, com o apoio do Grupo de Opera\u00e7\u00f5es Especiais (GOE) e da Pol\u00edcia Militar, realiza na manh\u00e3 desta sexta-feira (25) \u00e0 &#8220;Opera\u00e7\u00e3o Devaste&#8221; na comunidade Paulo Afonso, entre os bairros de Jaguaribe e Rangel. A a\u00e7\u00e3o, que contou com suporte a\u00e9reo do helic\u00f3ptero Acau\u00e3 e o aux\u00edlio de c\u00e3es farejadores, resultou na pris\u00e3o de seis suspeitos, al\u00e9m da apreens\u00e3o de armas e drogas.<\/p>\n\n\n\n<p>Segundo a pol\u00edcia, as investiga\u00e7\u00f5es tiveram in\u00edcio no final do ano passado, ap\u00f3s uma s\u00e9rie de homic\u00eddios na regi\u00e3o. Segundo a pol\u00edcia, o grupo agora preso seria respons\u00e1vel pela morte de Gabriel, de 22 anos, no \u00faltimo s\u00e1bado (19). A v\u00edtima, que seria usu\u00e1ria de drogas, teria ido ao local para comprar entorpecentes, mas foi assassinada e levada para uma \u00e1rea de mata. O corpo ainda n\u00e3o foi localizado.<\/p>\n\n\n\n<p>Durante a opera\u00e7\u00e3o, foram cumpridos 6 dos 8 mandados de pris\u00e3o expedidos, al\u00e9m de 15 mandados de busca e apreens\u00e3o. Entre os detidos est\u00e3o l\u00edderes de fac\u00e7\u00f5es criminosas que atuam tanto nas ruas quanto nos pres\u00eddios. O delegado Bruno Victor Germano destacou que esta \u00e9 apenas a primeira fase da opera\u00e7\u00e3o e que novas a\u00e7\u00f5es est\u00e3o previstas nos pr\u00f3ximos dias.<\/p>\n\n\n\n<p>A opera\u00e7\u00e3o segue em andamento, com interrogat\u00f3rios dos presos e a continuidade das investiga\u00e7\u00f5es.<\/p>\n\n\n\n<p><em><strong>Reda\u00e7\u00e3o<\/strong><\/em><\/p>\n","protected":false},"excerpt":{"rendered":"<p><img decoding=\"async\" width=\"495\" height=\"310\" src=\"https:\/\/www.pbagora.com.br\/storage\/2025\/04\/PC.jpg\" class=\"attachment-large size-large wp-post-image\" alt=\"\" loading=\"lazy\" srcset=\"https:\/\/www.pbagora.com.br\/storage\/2025\/04\/PC.jpg 495w, https:\/\/www.pbagora.com.br\/storage\/2025\/04\/PC-300x188.jpg 300w, https:\/\/www.pbagora.com.br\/storage\/2025\/04\/PC-150x94.jpg 150w, https:\/\/www.pbagora.com.br\/storage\/2025\/04\/PC-380x238.jpg 380w, https:\/\/www.pbagora.com.br\/storage\/2025\/04\/PC-80x50.jpg 80w\" sizes=\"auto, (max-width: 495px) 100vw, 495px\"><\/p>\n<p>A Delegacia de Homic\u00eddios de Jo\u00e3o Pessoa, com o apoio do Grupo de Opera\u00e7\u00f5es Especiais (GOE) e da\u2026<\/p>\n","protected":false},"author":123457,"featured_media":0,"comment_status":"closed","ping_status":"closed","sticky":false,"template":"","format":"standard","meta":{"advgb_blocks_editor_width":"","advgb_blocks_columns_visual_guide":"","footnotes":""},"categories":[34],"tags":[35,10839,10848],"class_list":["post-56720","post","type-post","status-publish","format-standard","hentry","category-g1","tag-g1","tag-policial","tag-rodape-01"],"author_meta":{"display_name":"Reda\u00e7\u00e3o","author_link":"https:\/\/sindaopcpb.org.br\/author\/redacao\/"},"featured_img":null,"coauthors":[],"tax_additional":{"categories":{"linked":["<a href=\"https:\/\/sindaopcpb.org.br\/g1\/\" class=\"advgb-post-tax-term\">G1<\/a>"],"unlinked":["<span class=\"advgb-post-tax-term\">G1<\/span>"]},"tags":{"linked":["<a href=\"https:\/\/sindaopcpb.org.br\/g1\/\" class=\"advgb-post-tax-term\">g1<\/a>","<a href=\"https:\/\/sindaopcpb.org.br\/g1\/\" class=\"advgb-post-tax-term\">Policial<\/a>","<a href=\"https:\/\/sindaopcpb.org.br\/g1\/\" class=\"advgb-post-tax-term\">Rodape 01<\/a>"],"unlinked":["<span class=\"advgb-post-tax-term\">g1<\/span>","<span class=\"advgb-post-tax-term\">Policial<\/span>","<span class=\"advgb-post-tax-term\">Rodape 01<\/span>"]}},"comment_count":"0","relative_dates":{"created":"Publicado 1 ano atr\u00e1s","modified":"Atualizado 1 ano atr\u00e1s"},"absolute_dates":{"created":"Publicado em 25 de abril de 2025","modified":"Atualizado em 25 de abril de 2025"},"absolute_dates_time":{"created":"Publicado em 25 de abril de 2025 09:20","modified":"Atualizado em 25 de abril de 2025 11:20"},"featured_img_caption":"","series_order":"","_links":{"self":[{"href":"https:\/\/sindaopcpb.org.br\/index.php\/wp-json\/wp\/v2\/posts\/56720","targetHints":{"allow":["GET"]}}],"collection":[{"href":"https:\/\/sindaopcpb.org.br\/index.php\/wp-json\/wp\/v2\/posts"}],"about":[{"href":"https:\/\/sindaopcpb.org.br\/index.php\/wp-json\/wp\/v2\/types\/post"}],"author":[{"embeddable":true,"href":"https:\/\/sindaopcpb.org.br\/index.php\/wp-json\/wp\/v2\/users\/123457"}],"replies":[{"embeddable":true,"href":"https:\/\/sindaopcpb.org.br\/index.php\/wp-json\/wp\/v2\/comments?post=56720"}],"version-history":[{"count":2,"href":"https:\/\/sindaopcpb.org.br\/index.php\/wp-json\/wp\/v2\/posts\/56720\/revisions"}],"predecessor-version":[{"id":56728,"href":"https:\/\/sindaopcpb.org.br\/index.php\/wp-json\/wp\/v2\/posts\/56720\/revisions\/56728"}],"wp:attachment":[{"href":"https:\/\/sindaopcpb.org.br\/index.php\/wp-json\/wp\/v2\/media?parent=56720"}],"wp:term":[{"taxonomy":"category","embeddable":true,"href":"https:\/\/sindaopcpb.org.br\/index.php\/wp-json\/wp\/v2\/categories?post=56720"},{"taxonomy":"post_tag","embeddable":true,"href":"https:\/\/sindaopcpb.org.br\/index.php\/wp-json\/wp\/v2\/tags?post=56720"}],"curies":[{"name":"wp","href":"https:\/\/api.w.org\/{rel}","templated":true}]}}