{"id":56716,"date":"2025-04-25T09:36:36","date_gmt":"2025-04-25T12:36:36","guid":{"rendered":"https:\/\/www.pbagora.com.br\/?p=897139"},"modified":"2025-04-25T09:36:36","modified_gmt":"2025-04-25T12:36:36","slug":"homem-e-preso-suspeito-de-estuprar-filha-com-autismo-na-paraiba","status":"publish","type":"post","link":"https:\/\/sindaopcpb.org.br\/index.php\/2025\/04\/25\/homem-e-preso-suspeito-de-estuprar-filha-com-autismo-na-paraiba\/","title":{"rendered":"Homem \u00e9 preso suspeito de estuprar filha com autismo, na Para\u00edba"},"content":{"rendered":"<p><img width=\"602\" height=\"447\" src=\"https:\/\/www.pbagora.com.br\/storage\/2023\/05\/mao.jpg\" class=\"attachment-large size-large wp-post-image\" alt=\"\" style=\"margin-bottom: 20px;\" decoding=\"async\" loading=\"lazy\" srcset=\"https:\/\/www.pbagora.com.br\/storage\/2023\/05\/mao.jpg 602w, https:\/\/www.pbagora.com.br\/storage\/2023\/05\/mao-300x223.jpg 300w, https:\/\/www.pbagora.com.br\/storage\/2023\/05\/mao-150x111.jpg 150w, https:\/\/www.pbagora.com.br\/storage\/2023\/05\/mao-200x150.jpg 200w, https:\/\/www.pbagora.com.br\/storage\/2023\/05\/mao-380x282.jpg 380w, https:\/\/www.pbagora.com.br\/storage\/2023\/05\/mao-80x58.jpg 80w, https:\/\/www.pbagora.com.br\/storage\/2023\/05\/mao-600x446.jpg 600w\" sizes=\"auto, (max-width: 602px) 100vw, 602px\" \/><\/p>\n<p>A Pol\u00edcia Civil da Para\u00edba, por meio da Delegacia de S\u00e3o Sebasti\u00e3o do Umbuzeiro e com o apoio do Grupo T\u00e1tico Especial de Monteiro, prendeu na noite dessa quinta-feira (24) um homem de 50 anos suspeito de ter abusado sexualmente da pr\u00f3pria filha. A v\u00edtima \u00e9 portadora do transtorno do espectro autista e tem 21 anos de idade.<\/p>\n\n\n\n<p>O crime \u00e9 configurado como estupro de vulner\u00e1vel devido \u00e0 condi\u00e7\u00e3o especial da v\u00edtima e sobretudo por ter ocorrido h\u00e1 10 anos. O estupro veio \u00e0 tona ap\u00f3s informa\u00e7\u00f5es enviadas \u00e0 Delegacia de S\u00e3o Sebasti\u00e3o do Umbuzeiro. A den\u00fancia foi confirmada por meio de elementos probat\u00f3rios convincentes que ensejaram a representa\u00e7\u00e3o pela pris\u00e3o tempor\u00e1ria do investigado.<\/p>\n\n\n\n<p>Na ocasi\u00e3o do crime, quando a v\u00edtima ainda tinha 11 anos de idade, a m\u00e3e da menina teria presenciado os abusos, conforme relatos j\u00e1 apurados pela Pol\u00edcia Civil.<\/p>\n\n\n\n<p>O mandado de pris\u00e3o foi expedido ainda no in\u00edcio da noite de ontem, pelo plant\u00e3o judici\u00e1rio de Campina Grande, sendo cumprido logo em seguida pelas equipes da PCPB. O investigado foi localizado e preso em uma quadra de esportes da cidade de S\u00e3o Sebasti\u00e3o do Umbuzeiro.<\/p>\n\n\n\n<p><strong><em>PB Agora<\/em><\/strong><\/p>\n","protected":false},"excerpt":{"rendered":"<p><img loading=\"lazy\" decoding=\"async\" width=\"602\" height=\"447\" src=\"https:\/\/www.pbagora.com.br\/storage\/2023\/05\/mao.jpg\" class=\"attachment-large size-large wp-post-image\" alt=\"\" srcset=\"https:\/\/www.pbagora.com.br\/storage\/2023\/05\/mao.jpg 602w, https:\/\/www.pbagora.com.br\/storage\/2023\/05\/mao-300x223.jpg 300w, https:\/\/www.pbagora.com.br\/storage\/2023\/05\/mao-150x111.jpg 150w, https:\/\/www.pbagora.com.br\/storage\/2023\/05\/mao-200x150.jpg 200w, https:\/\/www.pbagora.com.br\/storage\/2023\/05\/mao-380x282.jpg 380w, https:\/\/www.pbagora.com.br\/storage\/2023\/05\/mao-80x58.jpg 80w, https:\/\/www.pbagora.com.br\/storage\/2023\/05\/mao-600x446.jpg 600w\" sizes=\"auto, (max-width: 602px) 100vw, 602px\"><\/p>\n<p>A Pol\u00edcia Civil da Para\u00edba, por meio da Delegacia de S\u00e3o Sebasti\u00e3o do Umbuzeiro e com o apoio\u2026<\/p>\n","protected":false},"author":123457,"featured_media":0,"comment_status":"closed","ping_status":"closed","sticky":false,"template":"","format":"standard","meta":{"advgb_blocks_editor_width":"","advgb_blocks_columns_visual_guide":"","footnotes":""},"categories":[34],"tags":[10845,35,10839],"class_list":["post-56716","post","type-post","status-publish","format-standard","hentry","category-g1","tag-destaque-centro-01","tag-g1","tag-policial"],"author_meta":{"display_name":"Reda\u00e7\u00e3o","author_link":"https:\/\/sindaopcpb.org.br\/author\/redacao\/"},"featured_img":null,"coauthors":[],"tax_additional":{"categories":{"linked":["<a href=\"https:\/\/sindaopcpb.org.br\/g1\/\" class=\"advgb-post-tax-term\">G1<\/a>"],"unlinked":["<span class=\"advgb-post-tax-term\">G1<\/span>"]},"tags":{"linked":["<a href=\"https:\/\/sindaopcpb.org.br\/g1\/\" class=\"advgb-post-tax-term\">Destaque Centro 01<\/a>","<a href=\"https:\/\/sindaopcpb.org.br\/g1\/\" class=\"advgb-post-tax-term\">g1<\/a>","<a href=\"https:\/\/sindaopcpb.org.br\/g1\/\" class=\"advgb-post-tax-term\">Policial<\/a>"],"unlinked":["<span class=\"advgb-post-tax-term\">Destaque Centro 01<\/span>","<span class=\"advgb-post-tax-term\">g1<\/span>","<span class=\"advgb-post-tax-term\">Policial<\/span>"]}},"comment_count":"0","relative_dates":{"created":"Publicado 1 ano atr\u00e1s","modified":"Atualizado 1 ano atr\u00e1s"},"absolute_dates":{"created":"Publicado em 25 de abril de 2025","modified":"Atualizado em 25 de abril de 2025"},"absolute_dates_time":{"created":"Publicado em 25 de abril de 2025 09:36","modified":"Atualizado em 25 de abril de 2025 09:36"},"featured_img_caption":"","series_order":"","_links":{"self":[{"href":"https:\/\/sindaopcpb.org.br\/index.php\/wp-json\/wp\/v2\/posts\/56716","targetHints":{"allow":["GET"]}}],"collection":[{"href":"https:\/\/sindaopcpb.org.br\/index.php\/wp-json\/wp\/v2\/posts"}],"about":[{"href":"https:\/\/sindaopcpb.org.br\/index.php\/wp-json\/wp\/v2\/types\/post"}],"author":[{"embeddable":true,"href":"https:\/\/sindaopcpb.org.br\/index.php\/wp-json\/wp\/v2\/users\/123457"}],"replies":[{"embeddable":true,"href":"https:\/\/sindaopcpb.org.br\/index.php\/wp-json\/wp\/v2\/comments?post=56716"}],"version-history":[{"count":2,"href":"https:\/\/sindaopcpb.org.br\/index.php\/wp-json\/wp\/v2\/posts\/56716\/revisions"}],"predecessor-version":[{"id":56730,"href":"https:\/\/sindaopcpb.org.br\/index.php\/wp-json\/wp\/v2\/posts\/56716\/revisions\/56730"}],"wp:attachment":[{"href":"https:\/\/sindaopcpb.org.br\/index.php\/wp-json\/wp\/v2\/media?parent=56716"}],"wp:term":[{"taxonomy":"category","embeddable":true,"href":"https:\/\/sindaopcpb.org.br\/index.php\/wp-json\/wp\/v2\/categories?post=56716"},{"taxonomy":"post_tag","embeddable":true,"href":"https:\/\/sindaopcpb.org.br\/index.php\/wp-json\/wp\/v2\/tags?post=56716"}],"curies":[{"name":"wp","href":"https:\/\/api.w.org\/{rel}","templated":true}]}}