{"id":56698,"date":"2025-04-24T18:30:16","date_gmt":"2025-04-24T21:30:16","guid":{"rendered":"https:\/\/www.pbagora.com.br\/?p=896982"},"modified":"2025-04-24T18:30:16","modified_gmt":"2025-04-24T21:30:16","slug":"operacao-saturacao-mp-procon-e-orgaos-fiscalizam-fabricante-de-manteiga-no-sertao-paraibano","status":"publish","type":"post","link":"https:\/\/sindaopcpb.org.br\/index.php\/2025\/04\/24\/operacao-saturacao-mp-procon-e-orgaos-fiscalizam-fabricante-de-manteiga-no-sertao-paraibano\/","title":{"rendered":"Opera\u00e7\u00e3o Satura\u00e7\u00e3o: MP-Procon e \u00f3rg\u00e3os fiscalizam fabricante de manteiga no Sert\u00e3o paraibano"},"content":{"rendered":"<p><img width=\"729\" height=\"450\" src=\"https:\/\/www.pbagora.com.br\/storage\/2025\/04\/operacao-saturacao1.jpg\" class=\"attachment-large size-large wp-post-image\" alt=\"\" style=\"margin-bottom: 20px;\" decoding=\"async\" srcset=\"https:\/\/www.pbagora.com.br\/storage\/2025\/04\/operacao-saturacao1.jpg 729w, https:\/\/www.pbagora.com.br\/storage\/2025\/04\/operacao-saturacao1-300x185.jpg 300w, https:\/\/www.pbagora.com.br\/storage\/2025\/04\/operacao-saturacao1-150x93.jpg 150w, https:\/\/www.pbagora.com.br\/storage\/2025\/04\/operacao-saturacao1-380x235.jpg 380w, https:\/\/www.pbagora.com.br\/storage\/2025\/04\/operacao-saturacao1-80x50.jpg 80w, https:\/\/www.pbagora.com.br\/storage\/2025\/04\/operacao-saturacao1-600x370.jpg 600w\" sizes=\"(max-width: 729px) 100vw, 729px\" \/><\/p>\n<p>O Programa de Prote\u00e7\u00e3o e Defesa do Consumidor (MP-Procon) do Minist\u00e9rio P\u00fablico da Para\u00edba (MPPB), deflagrou nesta quarta-feira (24) a \u201cOpera\u00e7\u00e3o Satura\u00e7\u00e3o\u201d. A a\u00e7\u00e3o tem o objetivo de apurar den\u00fancias contra uma empresa que fabrica manteiga da terra comercializada sob o nome \u201cManteiga da Terra Paulista\u201d.<\/p>\n\n\n\n<p>A opera\u00e7\u00e3o est\u00e1 ocorrendo no munic\u00edpio de Paulista, no Sert\u00e3o paraibano, onde fica a sede da empresa investigada. O nome da opera\u00e7\u00e3o faz refer\u00eancia \u00e0 utiliza\u00e7\u00e3o il\u00edcita de gordura vegetal (n\u00e3o saturada) para adulterar a fabrica\u00e7\u00e3o de manteiga.<\/p>\n\n\n\n<p>Tamb\u00e9m participaram da a\u00e7\u00e3o, servidores Ag\u00eancia Estadual de Vigil\u00e2ncia Sanit\u00e1ria (Agevisa); Secretaria de Estado da Fazenda (Sefaz\/PB), por meio da Ger\u00eancia Executiva de Combate \u00e0 Fraude Fiscal; Secretaria de Desenvolvimento da Agropecu\u00e1ria e da Pesca (Sedap\/PB); Pol\u00edcia Civil da Para\u00edba (Delegacia de Crimes Contra a Ordem Tribut\u00e1ria &#8211; Deccoy) e a Pol\u00edcia Militar da Para\u00edba.<\/p>\n\n\n\n<p>A empresa foi denunciada \u00e0 Ag\u00eancia Estadual de Vigil\u00e2ncia Sanit\u00e1ria (Agevisa\/PB) por fabricar e comercializar como manteiga da terra, \u201ccreme vegetal\u201d utilizando ingredientes inapropriados e n\u00e3o declarados no r\u00f3tulo, como margarina industrial e \u00f3leo vegetal.<\/p>\n\n\n\n<p>Al\u00e9m das infra\u00e7\u00f5es administrativas sanit\u00e1rias, fiscais e consumeristas, h\u00e1 ind\u00edcios de cometimento dos crimes de adultera\u00e7\u00e3o de alimentos nocivos \u00e0 sa\u00fade (art. 272, do CPB), crime contra as rela\u00e7\u00f5es de consumo (Art. 7\u00ba, da Lei n\u00ba 8.137\/90) e crime de publicidade enganosa ao fazer afirma\u00e7\u00e3o falsa ou enganosa e omitir informa\u00e7\u00f5es relevantes sobre natureza, caracter\u00edsticas, qualidade e seguran\u00e7a do produto (Art. 66, da Lei 8.078\/90), al\u00e9m do crime de Associa\u00e7\u00e3o Criminosa (art. 288, do CPB), cujas penas somadas variam entre 7 e 16 anos de reclus\u00e3o e multa.<\/p>\n\n\n\n<p>A a\u00e7\u00e3o foi coordenada pelo diretor-geral do MP-Procon, promotor de Justi\u00e7a Romualdo Tadeu de Ara\u00fajo Dias, com o acompanhamento e apoio institucional do diretor regional do MP-Procon em Campina Grande, promotor de Justi\u00e7a Osvaldo Lopes Barbosa; al\u00e9m do promotor de Justi\u00e7a de S\u00e3o Bento, Bruno Figueir\u00eado Cachoeira Dantas.<\/p>\n\n\n\n<p>Al\u00e9m dos tr\u00eas promotores de Justi\u00e7a e seis fiscais integrantes do Minist\u00e9rio P\u00fablico, participaram da a\u00e7\u00e3o fiscalizat\u00f3ria um delegado de Pol\u00edcia Civil acompanhado de seis agentes de investiga\u00e7\u00e3o, dois peritos criminais, quatro auditores fiscais, dois inspetores sanit\u00e1rios, dois gerentes t\u00e9cnicos vinculados \u00e0 Agevisa e quatro inspetores da Sedap.<\/p>\n\n\n\n<p>As investiga\u00e7\u00f5es prosseguem visando responsabilizar administrativamente, civilmente e criminalmente os envolvidos com base no C\u00f3digo de Defesa do Consumidor, na Lei n\u00ba 8.137\/1990 e na Instru\u00e7\u00e3o Normativa n\u00ba 30\/2001 do Minist\u00e9rio da Agricultura, Pecu\u00e1ria e Abastecimento (MAPA).<\/p>\n\n\n\n<p>O MP-Procon e os demais \u00f3rg\u00e3os de fiscaliza\u00e7\u00e3o e controle alertam consumidores, comerciantes e distribuidores para a necessidade de conferir atentamente a origem e autenticidade dos produtos aliment\u00edcios adquiridos, refor\u00e7ando que den\u00fancias podem ser feitas pelos canais oficiais de atendimento.<\/p>\n\n\n\n<p><strong><em>MPPB<\/em><\/strong><\/p>\n\n\n\n<p><\/p>\n","protected":false},"excerpt":{"rendered":"<p><img loading=\"lazy\" decoding=\"async\" width=\"729\" height=\"450\" src=\"https:\/\/www.pbagora.com.br\/storage\/2025\/04\/operacao-saturacao1.jpg\" class=\"attachment-large size-large wp-post-image\" alt=\"\" srcset=\"https:\/\/www.pbagora.com.br\/storage\/2025\/04\/operacao-saturacao1.jpg 729w, https:\/\/www.pbagora.com.br\/storage\/2025\/04\/operacao-saturacao1-300x185.jpg 300w, https:\/\/www.pbagora.com.br\/storage\/2025\/04\/operacao-saturacao1-150x93.jpg 150w, https:\/\/www.pbagora.com.br\/storage\/2025\/04\/operacao-saturacao1-380x235.jpg 380w, https:\/\/www.pbagora.com.br\/storage\/2025\/04\/operacao-saturacao1-80x50.jpg 80w, https:\/\/www.pbagora.com.br\/storage\/2025\/04\/operacao-saturacao1-600x370.jpg 600w\" sizes=\"auto, (max-width: 729px) 100vw, 729px\"><\/p>\n<p>O Programa de Prote\u00e7\u00e3o e Defesa do Consumidor (MP-Procon) do Minist\u00e9rio P\u00fablico da Para\u00edba (MPPB), deflagrou nesta quarta-feira\u2026<\/p>\n","protected":false},"author":123457,"featured_media":0,"comment_status":"closed","ping_status":"closed","sticky":false,"template":"","format":"standard","meta":{"advgb_blocks_editor_width":"","advgb_blocks_columns_visual_guide":"","footnotes":""},"categories":[34],"tags":[10841,35,10839],"class_list":["post-56698","post","type-post","status-publish","format-standard","hentry","category-g1","tag-destaque-centro-02","tag-g1","tag-policial"],"author_meta":{"display_name":"Reda\u00e7\u00e3o","author_link":"https:\/\/sindaopcpb.org.br\/author\/redacao\/"},"featured_img":null,"coauthors":[],"tax_additional":{"categories":{"linked":["<a href=\"https:\/\/sindaopcpb.org.br\/g1\/\" class=\"advgb-post-tax-term\">G1<\/a>"],"unlinked":["<span class=\"advgb-post-tax-term\">G1<\/span>"]},"tags":{"linked":["<a href=\"https:\/\/sindaopcpb.org.br\/g1\/\" class=\"advgb-post-tax-term\">Destaque Centro 02<\/a>","<a href=\"https:\/\/sindaopcpb.org.br\/g1\/\" class=\"advgb-post-tax-term\">g1<\/a>","<a href=\"https:\/\/sindaopcpb.org.br\/g1\/\" class=\"advgb-post-tax-term\">Policial<\/a>"],"unlinked":["<span class=\"advgb-post-tax-term\">Destaque Centro 02<\/span>","<span class=\"advgb-post-tax-term\">g1<\/span>","<span class=\"advgb-post-tax-term\">Policial<\/span>"]}},"comment_count":"0","relative_dates":{"created":"Publicado 1 ano atr\u00e1s","modified":"Atualizado 1 ano atr\u00e1s"},"absolute_dates":{"created":"Publicado em 24 de abril de 2025","modified":"Atualizado em 24 de abril de 2025"},"absolute_dates_time":{"created":"Publicado em 24 de abril de 2025 18:30","modified":"Atualizado em 24 de abril de 2025 18:30"},"featured_img_caption":"","series_order":"","_links":{"self":[{"href":"https:\/\/sindaopcpb.org.br\/index.php\/wp-json\/wp\/v2\/posts\/56698","targetHints":{"allow":["GET"]}}],"collection":[{"href":"https:\/\/sindaopcpb.org.br\/index.php\/wp-json\/wp\/v2\/posts"}],"about":[{"href":"https:\/\/sindaopcpb.org.br\/index.php\/wp-json\/wp\/v2\/types\/post"}],"author":[{"embeddable":true,"href":"https:\/\/sindaopcpb.org.br\/index.php\/wp-json\/wp\/v2\/users\/123457"}],"replies":[{"embeddable":true,"href":"https:\/\/sindaopcpb.org.br\/index.php\/wp-json\/wp\/v2\/comments?post=56698"}],"version-history":[{"count":3,"href":"https:\/\/sindaopcpb.org.br\/index.php\/wp-json\/wp\/v2\/posts\/56698\/revisions"}],"predecessor-version":[{"id":56713,"href":"https:\/\/sindaopcpb.org.br\/index.php\/wp-json\/wp\/v2\/posts\/56698\/revisions\/56713"}],"wp:attachment":[{"href":"https:\/\/sindaopcpb.org.br\/index.php\/wp-json\/wp\/v2\/media?parent=56698"}],"wp:term":[{"taxonomy":"category","embeddable":true,"href":"https:\/\/sindaopcpb.org.br\/index.php\/wp-json\/wp\/v2\/categories?post=56698"},{"taxonomy":"post_tag","embeddable":true,"href":"https:\/\/sindaopcpb.org.br\/index.php\/wp-json\/wp\/v2\/tags?post=56698"}],"curies":[{"name":"wp","href":"https:\/\/api.w.org\/{rel}","templated":true}]}}