{"id":56688,"date":"2025-04-24T17:00:28","date_gmt":"2025-04-24T20:00:28","guid":{"rendered":"https:\/\/www.pbagora.com.br\/?p=897064"},"modified":"2025-04-24T17:00:28","modified_gmt":"2025-04-24T20:00:28","slug":"draco-prende-dupla-suspeita-de-integrar-faccao-criminosa-em-campina-grande","status":"publish","type":"post","link":"https:\/\/sindaopcpb.org.br\/index.php\/2025\/04\/24\/draco-prende-dupla-suspeita-de-integrar-faccao-criminosa-em-campina-grande\/","title":{"rendered":"DRACO prende dupla suspeita de integrar fac\u00e7\u00e3o criminosa em Campina Grande"},"content":{"rendered":"<p><img width=\"600\" height=\"400\" src=\"https:\/\/www.pbagora.com.br\/storage\/2021\/12\/csm_DRACO_PB_DELECAGIA_d7521620df.jpg\" class=\"attachment-large size-large wp-post-image\" alt=\"\" style=\"margin-bottom: 20px;\" decoding=\"async\" srcset=\"https:\/\/www.pbagora.com.br\/storage\/2021\/12\/csm_DRACO_PB_DELECAGIA_d7521620df.jpg 600w, https:\/\/www.pbagora.com.br\/storage\/2021\/12\/csm_DRACO_PB_DELECAGIA_d7521620df-300x200.jpg 300w, https:\/\/www.pbagora.com.br\/storage\/2021\/12\/csm_DRACO_PB_DELECAGIA_d7521620df-150x100.jpg 150w, https:\/\/www.pbagora.com.br\/storage\/2021\/12\/csm_DRACO_PB_DELECAGIA_d7521620df-380x253.jpg 380w, https:\/\/www.pbagora.com.br\/storage\/2021\/12\/csm_DRACO_PB_DELECAGIA_d7521620df-80x53.jpg 80w\" sizes=\"(max-width: 600px) 100vw, 600px\" \/><\/p>\n<p>A Pol\u00edcia Civil, por meio da Delegacia de Repress\u00e3o ao Crime Organizado, capturou dois homens suspeitos de integrarem uma organiza\u00e7\u00e3o criminosa chamada \u201cPrimeiro Comando da Invas\u00e3o\u201d.<\/p>\n\n\n\n<p>A pris\u00e3o aconteceu durante opera\u00e7\u00e3o realizada nesta quinta-feira (24) em Campina Grande. As dilig\u00eancias tiveram in\u00edcio ainda nesta quarta-feira (23), ap\u00f3s a pol\u00edcia receber den\u00fancia de que o grupo armazenava drogas e armas, al\u00e9m de ser respons\u00e1vel pelo aumento do furtos e roubos nos bairros Catingueira e na regi\u00e3o do Centro.<\/p>\n\n\n\n<p>Um dos homens capturados, segundo a pol\u00edcia, j\u00e1 possu\u00eda mandado de pris\u00e3o em aberto contra ele. a dupla foi levada \u00e0 delegacia onde ficaram \u00e0 disposi\u00e7\u00e3o da Justi\u00e7a.<\/p>\n\n\n\n<p>Todo o material il\u00edcito foi apreendido durante a a\u00e7\u00e3o.<\/p>\n\n\n\n<p><\/p>\n\n\n\n<p><strong><em>PB Agora<\/em><\/strong><\/p>\n","protected":false},"excerpt":{"rendered":"<p><img loading=\"lazy\" decoding=\"async\" width=\"600\" height=\"400\" src=\"https:\/\/www.pbagora.com.br\/storage\/2021\/12\/csm_DRACO_PB_DELECAGIA_d7521620df.jpg\" class=\"attachment-large size-large wp-post-image\" alt=\"\" srcset=\"https:\/\/www.pbagora.com.br\/storage\/2021\/12\/csm_DRACO_PB_DELECAGIA_d7521620df.jpg 600w, https:\/\/www.pbagora.com.br\/storage\/2021\/12\/csm_DRACO_PB_DELECAGIA_d7521620df-300x200.jpg 300w, https:\/\/www.pbagora.com.br\/storage\/2021\/12\/csm_DRACO_PB_DELECAGIA_d7521620df-150x100.jpg 150w, https:\/\/www.pbagora.com.br\/storage\/2021\/12\/csm_DRACO_PB_DELECAGIA_d7521620df-380x253.jpg 380w, https:\/\/www.pbagora.com.br\/storage\/2021\/12\/csm_DRACO_PB_DELECAGIA_d7521620df-80x53.jpg 80w\" sizes=\"auto, (max-width: 600px) 100vw, 600px\"><\/p>\n<p>A Pol\u00edcia Civil, por meio da Delegacia de Repress\u00e3o ao Crime Organizado, capturou dois homens suspeitos de integrarem\u2026<\/p>\n","protected":false},"author":123457,"featured_media":0,"comment_status":"closed","ping_status":"closed","sticky":false,"template":"","format":"standard","meta":{"advgb_blocks_editor_width":"","advgb_blocks_columns_visual_guide":"","footnotes":""},"categories":[34],"tags":[10840,35,10839],"class_list":["post-56688","post","type-post","status-publish","format-standard","hentry","category-g1","tag-destaque-centro-03","tag-g1","tag-policial"],"author_meta":{"display_name":"Reda\u00e7\u00e3o","author_link":"https:\/\/sindaopcpb.org.br\/author\/redacao\/"},"featured_img":null,"coauthors":[],"tax_additional":{"categories":{"linked":["<a href=\"https:\/\/sindaopcpb.org.br\/g1\/\" class=\"advgb-post-tax-term\">G1<\/a>"],"unlinked":["<span class=\"advgb-post-tax-term\">G1<\/span>"]},"tags":{"linked":["<a href=\"https:\/\/sindaopcpb.org.br\/g1\/\" class=\"advgb-post-tax-term\">Destaque Centro 03<\/a>","<a href=\"https:\/\/sindaopcpb.org.br\/g1\/\" class=\"advgb-post-tax-term\">g1<\/a>","<a href=\"https:\/\/sindaopcpb.org.br\/g1\/\" class=\"advgb-post-tax-term\">Policial<\/a>"],"unlinked":["<span class=\"advgb-post-tax-term\">Destaque Centro 03<\/span>","<span class=\"advgb-post-tax-term\">g1<\/span>","<span class=\"advgb-post-tax-term\">Policial<\/span>"]}},"comment_count":"0","relative_dates":{"created":"Publicado 1 ano atr\u00e1s","modified":"Atualizado 1 ano atr\u00e1s"},"absolute_dates":{"created":"Publicado em 24 de abril de 2025","modified":"Atualizado em 24 de abril de 2025"},"absolute_dates_time":{"created":"Publicado em 24 de abril de 2025 17:00","modified":"Atualizado em 24 de abril de 2025 17:00"},"featured_img_caption":"","series_order":"","_links":{"self":[{"href":"https:\/\/sindaopcpb.org.br\/index.php\/wp-json\/wp\/v2\/posts\/56688","targetHints":{"allow":["GET"]}}],"collection":[{"href":"https:\/\/sindaopcpb.org.br\/index.php\/wp-json\/wp\/v2\/posts"}],"about":[{"href":"https:\/\/sindaopcpb.org.br\/index.php\/wp-json\/wp\/v2\/types\/post"}],"author":[{"embeddable":true,"href":"https:\/\/sindaopcpb.org.br\/index.php\/wp-json\/wp\/v2\/users\/123457"}],"replies":[{"embeddable":true,"href":"https:\/\/sindaopcpb.org.br\/index.php\/wp-json\/wp\/v2\/comments?post=56688"}],"version-history":[{"count":3,"href":"https:\/\/sindaopcpb.org.br\/index.php\/wp-json\/wp\/v2\/posts\/56688\/revisions"}],"predecessor-version":[{"id":56705,"href":"https:\/\/sindaopcpb.org.br\/index.php\/wp-json\/wp\/v2\/posts\/56688\/revisions\/56705"}],"wp:attachment":[{"href":"https:\/\/sindaopcpb.org.br\/index.php\/wp-json\/wp\/v2\/media?parent=56688"}],"wp:term":[{"taxonomy":"category","embeddable":true,"href":"https:\/\/sindaopcpb.org.br\/index.php\/wp-json\/wp\/v2\/categories?post=56688"},{"taxonomy":"post_tag","embeddable":true,"href":"https:\/\/sindaopcpb.org.br\/index.php\/wp-json\/wp\/v2\/tags?post=56688"}],"curies":[{"name":"wp","href":"https:\/\/api.w.org\/{rel}","templated":true}]}}