{"id":56662,"date":"2025-04-24T06:35:30","date_gmt":"2025-04-24T09:35:30","guid":{"rendered":"https:\/\/www.pbagora.com.br\/?p=896865"},"modified":"2025-04-24T09:35:30","modified_gmt":"2025-04-24T12:35:30","slug":"acao-policial-da-pb-e-do-rn-prendem-irmaos-suspeitos-de-cinco-homicidios-e-trafico-na-cidade-de-bayeux","status":"publish","type":"post","link":"https:\/\/sindaopcpb.org.br\/index.php\/2025\/04\/24\/acao-policial-da-pb-e-do-rn-prendem-irmaos-suspeitos-de-cinco-homicidios-e-trafico-na-cidade-de-bayeux\/","title":{"rendered":"A\u00e7\u00e3o policial da PB e do RN prende irm\u00e3os suspeitos de cinco homic\u00eddios e tr\u00e1fico na cidade de Bayeux"},"content":{"rendered":"<p><img width=\"934\" height=\"427\" src=\"https:\/\/www.pbagora.com.br\/storage\/2025\/04\/Sem-titulo-19.jpg\" class=\"attachment-large size-large wp-post-image\" alt=\"\" style=\"margin-bottom: 20px;\" decoding=\"async\" srcset=\"https:\/\/www.pbagora.com.br\/storage\/2025\/04\/Sem-titulo-19.jpg 934w, https:\/\/www.pbagora.com.br\/storage\/2025\/04\/Sem-titulo-19-300x137.jpg 300w, https:\/\/www.pbagora.com.br\/storage\/2025\/04\/Sem-titulo-19-150x69.jpg 150w, https:\/\/www.pbagora.com.br\/storage\/2025\/04\/Sem-titulo-19-768x351.jpg 768w, https:\/\/www.pbagora.com.br\/storage\/2025\/04\/Sem-titulo-19-380x174.jpg 380w, https:\/\/www.pbagora.com.br\/storage\/2025\/04\/Sem-titulo-19-800x366.jpg 800w, https:\/\/www.pbagora.com.br\/storage\/2025\/04\/Sem-titulo-19-80x37.jpg 80w, https:\/\/www.pbagora.com.br\/storage\/2025\/04\/Sem-titulo-19-760x347.jpg 760w, https:\/\/www.pbagora.com.br\/storage\/2025\/04\/Sem-titulo-19-600x274.jpg 600w\" sizes=\"(max-width: 934px) 100vw, 934px\" \/><\/p>\n<p><\/p>\n\n\n\n<p>Uma a\u00e7\u00e3o conjunta das Pol\u00edcias Civis da Para\u00edba e do Rio Grande do Norte, prendeu ontem (23), dois irm\u00e3os suspeitos de envolvimento em diversos homic\u00eddios e com atua\u00e7\u00e3o no tr\u00e1fico de drogas durante a Opera\u00e7\u00e3o Fugitivo. As capturas ocorreram no estado potiguar, onde os suspeitos estavam escondidos.<\/p>\n\n\n\n<p>De acordo com o delegado Jo\u00e3o Paulo Amazonas, respons\u00e1vel pela investiga\u00e7\u00e3o, os dois s\u00e3o considerados de alt\u00edssima periculosidade e estariam envolvidos em pelo menos cinco homic\u00eddios registrados na cidade de Bayeux, na Regi\u00e3o Metropolitana de Jo\u00e3o Pessoa. Um deles j\u00e1 havia sido preso no ano passado, mas foi libertado pouco tempo depois. Com novas evid\u00eancias, foram expedidos mandados de pris\u00e3o atualizados contra os irm\u00e3os.<\/p>\n\n\n\n<p>A Pol\u00edcia Civil da Para\u00edba identificou que os dois estavam foragidos no interior do Rio Grande do Norte, ap\u00f3s deixarem Bayeux em raz\u00e3o de pris\u00f5es recentes de comparsas no bairro do Baralho. As investiga\u00e7\u00f5es tamb\u00e9m revelaram que ambos j\u00e1 haviam atuado no estado de Pernambuco, inclusive mantendo rela\u00e7\u00f5es com fac\u00e7\u00f5es criminosas locais.<\/p>\n\n\n\n<p>O delegado Amazonas destacou que a pris\u00e3o representa um passo importante no enfrentamento ao crime organizado, j\u00e1 que os investigados pretendiam expandir suas atividades criminosas para outros estados do Nordeste. As imagens do momento da pris\u00e3o foram divulgadas pelas pol\u00edcias dos dois estados.<\/p>\n\n\n\n<p>Os detidos foram levados para uma delegacia no Rio Grande do Norte e devem passar por audi\u00eancia de cust\u00f3dia. H\u00e1 possibilidade de recambiamento para a Para\u00edba, onde dever\u00e3o responder pelos crimes investigados.<\/p>\n\n\n\n<p>Reda\u00e7\u00e3oA\u00e7\u00e3o policial da PB e do RN prendem irm\u00e3os suspeitos de cinco homic\u00eddios e tr\u00e1fico na cidade de Bayeux<\/p>\n\n\n\n<p>Uma a\u00e7\u00e3o conjunta das Pol\u00edcias Civis da Para\u00edba e do Rio Grande do Norte, prendeu ontem (23), dois irm\u00e3os suspeitos de envolvimento em diversos homic\u00eddios e com atua\u00e7\u00e3o no tr\u00e1fico de drogas durante a Opera\u00e7\u00e3o Fugitivo. As capturas ocorreram no estado potiguar, onde os suspeitos estavam escondidos.<\/p>\n\n\n\n<p>De acordo com o delegado Jo\u00e3o Paulo Amazonas, respons\u00e1vel pela investiga\u00e7\u00e3o, os dois s\u00e3o considerados de alt\u00edssima periculosidade e estariam envolvidos em pelo menos cinco homic\u00eddios registrados na cidade de Bayeux, na Regi\u00e3o Metropolitana de Jo\u00e3o Pessoa. Um deles j\u00e1 havia sido preso no ano passado, mas foi libertado pouco tempo depois. Com novas evid\u00eancias, foram expedidos mandados de pris\u00e3o atualizados contra os irm\u00e3os.<\/p>\n\n\n\n<p>A Pol\u00edcia Civil da Para\u00edba identificou que os dois estavam foragidos no interior do Rio Grande do Norte, ap\u00f3s deixarem Bayeux em raz\u00e3o de pris\u00f5es recentes de comparsas no bairro do Baralho. As investiga\u00e7\u00f5es tamb\u00e9m revelaram que ambos j\u00e1 haviam atuado no estado de Pernambuco, inclusive mantendo rela\u00e7\u00f5es com fac\u00e7\u00f5es criminosas locais.<\/p>\n\n\n\n<p>O delegado Amazonas destacou que a pris\u00e3o representa um passo importante no enfrentamento ao crime organizado, j\u00e1 que os investigados pretendiam expandir suas atividades criminosas para outros estados do Nordeste. As imagens do momento da pris\u00e3o foram divulgadas pelas pol\u00edcias dos dois estados.<\/p>\n\n\n\n<p>Os detidos foram levados para uma delegacia no Rio Grande do Norte e devem passar por audi\u00eancia de cust\u00f3dia. H\u00e1 possibilidade de recambiamento para a Para\u00edba, onde dever\u00e3o responder pelos crimes investigados.<\/p>\n\n\n\n<p>Reda\u00e7\u00e3o<\/p>\n","protected":false},"excerpt":{"rendered":"<p><img loading=\"lazy\" decoding=\"async\" width=\"934\" height=\"427\" src=\"https:\/\/www.pbagora.com.br\/storage\/2025\/04\/Sem-titulo-19.jpg\" class=\"attachment-large size-large wp-post-image\" alt=\"\" srcset=\"https:\/\/www.pbagora.com.br\/storage\/2025\/04\/Sem-titulo-19.jpg 934w, https:\/\/www.pbagora.com.br\/storage\/2025\/04\/Sem-titulo-19-300x137.jpg 300w, https:\/\/www.pbagora.com.br\/storage\/2025\/04\/Sem-titulo-19-150x69.jpg 150w, https:\/\/www.pbagora.com.br\/storage\/2025\/04\/Sem-titulo-19-768x351.jpg 768w, https:\/\/www.pbagora.com.br\/storage\/2025\/04\/Sem-titulo-19-380x174.jpg 380w, https:\/\/www.pbagora.com.br\/storage\/2025\/04\/Sem-titulo-19-800x366.jpg 800w, https:\/\/www.pbagora.com.br\/storage\/2025\/04\/Sem-titulo-19-80x37.jpg 80w, https:\/\/www.pbagora.com.br\/storage\/2025\/04\/Sem-titulo-19-760x347.jpg 760w, https:\/\/www.pbagora.com.br\/storage\/2025\/04\/Sem-titulo-19-600x274.jpg 600w\" sizes=\"auto, (max-width: 934px) 100vw, 934px\"><\/p>\n<p>Uma a\u00e7\u00e3o conjunta das Pol\u00edcias Civis da Para\u00edba e do Rio Grande do Norte, prendeu ontem (23), dois\u2026<\/p>\n","protected":false},"author":123457,"featured_media":0,"comment_status":"closed","ping_status":"closed","sticky":false,"template":"","format":"standard","meta":{"advgb_blocks_editor_width":"","advgb_blocks_columns_visual_guide":"","footnotes":""},"categories":[34],"tags":[35,10839,10848],"class_list":["post-56662","post","type-post","status-publish","format-standard","hentry","category-g1","tag-g1","tag-policial","tag-rodape-01"],"author_meta":{"display_name":"Reda\u00e7\u00e3o","author_link":"https:\/\/sindaopcpb.org.br\/author\/redacao\/"},"featured_img":null,"coauthors":[],"tax_additional":{"categories":{"linked":["<a href=\"https:\/\/sindaopcpb.org.br\/g1\/\" class=\"advgb-post-tax-term\">G1<\/a>"],"unlinked":["<span class=\"advgb-post-tax-term\">G1<\/span>"]},"tags":{"linked":["<a href=\"https:\/\/sindaopcpb.org.br\/g1\/\" class=\"advgb-post-tax-term\">g1<\/a>","<a href=\"https:\/\/sindaopcpb.org.br\/g1\/\" class=\"advgb-post-tax-term\">Policial<\/a>","<a href=\"https:\/\/sindaopcpb.org.br\/g1\/\" class=\"advgb-post-tax-term\">Rodape 01<\/a>"],"unlinked":["<span class=\"advgb-post-tax-term\">g1<\/span>","<span class=\"advgb-post-tax-term\">Policial<\/span>","<span class=\"advgb-post-tax-term\">Rodape 01<\/span>"]}},"comment_count":"0","relative_dates":{"created":"Publicado 1 ano atr\u00e1s","modified":"Atualizado 1 ano atr\u00e1s"},"absolute_dates":{"created":"Publicado em 24 de abril de 2025","modified":"Atualizado em 24 de abril de 2025"},"absolute_dates_time":{"created":"Publicado em 24 de abril de 2025 06:35","modified":"Atualizado em 24 de abril de 2025 09:35"},"featured_img_caption":"","series_order":"","_links":{"self":[{"href":"https:\/\/sindaopcpb.org.br\/index.php\/wp-json\/wp\/v2\/posts\/56662","targetHints":{"allow":["GET"]}}],"collection":[{"href":"https:\/\/sindaopcpb.org.br\/index.php\/wp-json\/wp\/v2\/posts"}],"about":[{"href":"https:\/\/sindaopcpb.org.br\/index.php\/wp-json\/wp\/v2\/types\/post"}],"author":[{"embeddable":true,"href":"https:\/\/sindaopcpb.org.br\/index.php\/wp-json\/wp\/v2\/users\/123457"}],"replies":[{"embeddable":true,"href":"https:\/\/sindaopcpb.org.br\/index.php\/wp-json\/wp\/v2\/comments?post=56662"}],"version-history":[{"count":5,"href":"https:\/\/sindaopcpb.org.br\/index.php\/wp-json\/wp\/v2\/posts\/56662\/revisions"}],"predecessor-version":[{"id":56682,"href":"https:\/\/sindaopcpb.org.br\/index.php\/wp-json\/wp\/v2\/posts\/56662\/revisions\/56682"}],"wp:attachment":[{"href":"https:\/\/sindaopcpb.org.br\/index.php\/wp-json\/wp\/v2\/media?parent=56662"}],"wp:term":[{"taxonomy":"category","embeddable":true,"href":"https:\/\/sindaopcpb.org.br\/index.php\/wp-json\/wp\/v2\/categories?post=56662"},{"taxonomy":"post_tag","embeddable":true,"href":"https:\/\/sindaopcpb.org.br\/index.php\/wp-json\/wp\/v2\/tags?post=56662"}],"curies":[{"name":"wp","href":"https:\/\/api.w.org\/{rel}","templated":true}]}}