{"id":56654,"date":"2025-04-23T17:00:36","date_gmt":"2025-04-23T20:00:36","guid":{"rendered":"https:\/\/www.pbagora.com.br\/?p=896822"},"modified":"2025-04-23T17:00:36","modified_gmt":"2025-04-23T20:00:36","slug":"policia-da-pb-prende-em-campina-grande-homem-suspeito-de-matar-a-esposa-no-rn","status":"publish","type":"post","link":"https:\/\/sindaopcpb.org.br\/index.php\/2025\/04\/23\/policia-da-pb-prende-em-campina-grande-homem-suspeito-de-matar-a-esposa-no-rn\/","title":{"rendered":"Pol\u00edcia da PB prende em Campina Grande homem suspeito de matar a esposa no RN"},"content":{"rendered":"<p><img width=\"421\" height=\"363\" src=\"https:\/\/www.pbagora.com.br\/storage\/2025\/04\/preso.jpg\" class=\"attachment-large size-large wp-post-image\" alt=\"\" style=\"margin-bottom: 20px;\" decoding=\"async\" loading=\"lazy\" srcset=\"https:\/\/www.pbagora.com.br\/storage\/2025\/04\/preso.jpg 421w, https:\/\/www.pbagora.com.br\/storage\/2025\/04\/preso-300x259.jpg 300w, https:\/\/www.pbagora.com.br\/storage\/2025\/04\/preso-150x129.jpg 150w, https:\/\/www.pbagora.com.br\/storage\/2025\/04\/preso-380x328.jpg 380w, https:\/\/www.pbagora.com.br\/storage\/2025\/04\/preso-80x69.jpg 80w\" sizes=\"auto, (max-width: 421px) 100vw, 421px\" \/><\/p>\n<p>Na manh\u00e3 desta quarta-feira (23), a Pol\u00edcia Civil conseguiu capturar um homem de 31 anos suspeito de ter matado a esposa no Rio Grande do Norte. De acordo com as investiga\u00e7\u00f5es, o crime aconteceu no anos de 2019.<\/p>\n\n\n\n<p>O acusado foi preso por agentes da Delegacia de Homic\u00eddios e Prote\u00e7\u00e3o \u00e0 Pessoa (DHPP) da Pol\u00edcia Civil da Para\u00edba durante opera\u00e7\u00e3o realizada no Conjunto Alu\u00edsio Campos, em Campina Grande.<\/p>\n\n\n\n<p>A esposa do suspeito foi morta dentro de um bar, no centro da cidade de S\u00e3o Rafael. Testemunhas apontaram o marido da v\u00edtima como autor do crime e dissera \u00e0 pol\u00edcia que ele teria agido por ci\u00fames, pois acreditava que estaria sendo tra\u00eddo pela esposa.<\/p>\n\n\n\n<p>Ainda segundo o que foi investigado pela pol\u00edcia, logo ap\u00f3s o crime o suspeito deixou o RN e veio para PB, montando resid\u00eancia em Campina Grande.<\/p>\n\n\n\n<p>Capturado, o homem aguarda por audi\u00eancia de cust\u00f3dia e poss\u00edvel transfer\u00eancia para o estado vizinho.<\/p>\n\n\n\n<p><\/p>\n\n\n\n<p><strong><em>PB Agora<\/em><\/strong><\/p>\n","protected":false},"excerpt":{"rendered":"<p><img loading=\"lazy\" decoding=\"async\" width=\"421\" height=\"363\" src=\"https:\/\/www.pbagora.com.br\/storage\/2025\/04\/preso.jpg\" class=\"attachment-large size-large wp-post-image\" alt=\"\" srcset=\"https:\/\/www.pbagora.com.br\/storage\/2025\/04\/preso.jpg 421w, https:\/\/www.pbagora.com.br\/storage\/2025\/04\/preso-300x259.jpg 300w, https:\/\/www.pbagora.com.br\/storage\/2025\/04\/preso-150x129.jpg 150w, https:\/\/www.pbagora.com.br\/storage\/2025\/04\/preso-380x328.jpg 380w, https:\/\/www.pbagora.com.br\/storage\/2025\/04\/preso-80x69.jpg 80w\" sizes=\"auto, (max-width: 421px) 100vw, 421px\"><\/p>\n<p>Na manh\u00e3 desta quarta-feira (23), a Pol\u00edcia Civil conseguiu capturar um homem de 31 anos suspeito de ter\u2026<\/p>\n","protected":false},"author":123457,"featured_media":0,"comment_status":"closed","ping_status":"closed","sticky":false,"template":"","format":"standard","meta":{"advgb_blocks_editor_width":"","advgb_blocks_columns_visual_guide":"","footnotes":""},"categories":[34],"tags":[10841,35,10839],"class_list":["post-56654","post","type-post","status-publish","format-standard","hentry","category-g1","tag-destaque-centro-02","tag-g1","tag-policial"],"author_meta":{"display_name":"Reda\u00e7\u00e3o","author_link":"https:\/\/sindaopcpb.org.br\/author\/redacao\/"},"featured_img":null,"coauthors":[],"tax_additional":{"categories":{"linked":["<a href=\"https:\/\/sindaopcpb.org.br\/g1\/\" class=\"advgb-post-tax-term\">G1<\/a>"],"unlinked":["<span class=\"advgb-post-tax-term\">G1<\/span>"]},"tags":{"linked":["<a href=\"https:\/\/sindaopcpb.org.br\/g1\/\" class=\"advgb-post-tax-term\">Destaque Centro 02<\/a>","<a href=\"https:\/\/sindaopcpb.org.br\/g1\/\" class=\"advgb-post-tax-term\">g1<\/a>","<a href=\"https:\/\/sindaopcpb.org.br\/g1\/\" class=\"advgb-post-tax-term\">Policial<\/a>"],"unlinked":["<span class=\"advgb-post-tax-term\">Destaque Centro 02<\/span>","<span class=\"advgb-post-tax-term\">g1<\/span>","<span class=\"advgb-post-tax-term\">Policial<\/span>"]}},"comment_count":"0","relative_dates":{"created":"Publicado 1 ano atr\u00e1s","modified":"Atualizado 1 ano atr\u00e1s"},"absolute_dates":{"created":"Publicado em 23 de abril de 2025","modified":"Atualizado em 23 de abril de 2025"},"absolute_dates_time":{"created":"Publicado em 23 de abril de 2025 17:00","modified":"Atualizado em 23 de abril de 2025 17:00"},"featured_img_caption":"","series_order":"","_links":{"self":[{"href":"https:\/\/sindaopcpb.org.br\/index.php\/wp-json\/wp\/v2\/posts\/56654","targetHints":{"allow":["GET"]}}],"collection":[{"href":"https:\/\/sindaopcpb.org.br\/index.php\/wp-json\/wp\/v2\/posts"}],"about":[{"href":"https:\/\/sindaopcpb.org.br\/index.php\/wp-json\/wp\/v2\/types\/post"}],"author":[{"embeddable":true,"href":"https:\/\/sindaopcpb.org.br\/index.php\/wp-json\/wp\/v2\/users\/123457"}],"replies":[{"embeddable":true,"href":"https:\/\/sindaopcpb.org.br\/index.php\/wp-json\/wp\/v2\/comments?post=56654"}],"version-history":[{"count":2,"href":"https:\/\/sindaopcpb.org.br\/index.php\/wp-json\/wp\/v2\/posts\/56654\/revisions"}],"predecessor-version":[{"id":56661,"href":"https:\/\/sindaopcpb.org.br\/index.php\/wp-json\/wp\/v2\/posts\/56654\/revisions\/56661"}],"wp:attachment":[{"href":"https:\/\/sindaopcpb.org.br\/index.php\/wp-json\/wp\/v2\/media?parent=56654"}],"wp:term":[{"taxonomy":"category","embeddable":true,"href":"https:\/\/sindaopcpb.org.br\/index.php\/wp-json\/wp\/v2\/categories?post=56654"},{"taxonomy":"post_tag","embeddable":true,"href":"https:\/\/sindaopcpb.org.br\/index.php\/wp-json\/wp\/v2\/tags?post=56654"}],"curies":[{"name":"wp","href":"https:\/\/api.w.org\/{rel}","templated":true}]}}