{"id":56632,"date":"2025-04-23T11:30:43","date_gmt":"2025-04-23T14:30:43","guid":{"rendered":"https:\/\/www.pbagora.com.br\/?p=896713"},"modified":"2025-04-23T11:30:43","modified_gmt":"2025-04-23T14:30:43","slug":"policia-militar-intensifica-acoes-no-curimatau-e-apreende-armas-de-fogo-e-drogas","status":"publish","type":"post","link":"https:\/\/sindaopcpb.org.br\/index.php\/2025\/04\/23\/policia-militar-intensifica-acoes-no-curimatau-e-apreende-armas-de-fogo-e-drogas\/","title":{"rendered":"Pol\u00edcia Militar intensifica a\u00e7\u00f5es no Curimata\u00fa e apreende armas de fogo e drogas"},"content":{"rendered":"<p><img width=\"1024\" height=\"839\" src=\"https:\/\/www.pbagora.com.br\/storage\/2025\/04\/curimatau1-1024x839.jpeg\" class=\"attachment-large size-large wp-post-image\" alt=\"\" style=\"margin-bottom: 20px;\" decoding=\"async\" loading=\"lazy\" srcset=\"https:\/\/www.pbagora.com.br\/storage\/2025\/04\/curimatau1-1024x839.jpeg 1024w, https:\/\/www.pbagora.com.br\/storage\/2025\/04\/curimatau1-300x246.jpeg 300w, https:\/\/www.pbagora.com.br\/storage\/2025\/04\/curimatau1-150x123.jpeg 150w, https:\/\/www.pbagora.com.br\/storage\/2025\/04\/curimatau1-768x629.jpeg 768w, https:\/\/www.pbagora.com.br\/storage\/2025\/04\/curimatau1-1536x1259.jpeg 1536w, https:\/\/www.pbagora.com.br\/storage\/2025\/04\/curimatau1-2048x1678.jpeg 2048w, https:\/\/www.pbagora.com.br\/storage\/2025\/04\/curimatau1-380x311.jpeg 380w, https:\/\/www.pbagora.com.br\/storage\/2025\/04\/curimatau1-800x656.jpeg 800w, https:\/\/www.pbagora.com.br\/storage\/2025\/04\/curimatau1-1160x951.jpeg 1160w, https:\/\/www.pbagora.com.br\/storage\/2025\/04\/curimatau1-80x66.jpeg 80w, https:\/\/www.pbagora.com.br\/storage\/2025\/04\/curimatau1-760x623.jpeg 760w, https:\/\/www.pbagora.com.br\/storage\/2025\/04\/curimatau1-600x492.jpeg 600w, https:\/\/www.pbagora.com.br\/storage\/2025\/04\/curimatau1-scaled.jpeg 2560w\" sizes=\"auto, (max-width: 1024px) 100vw, 1024px\" \/><\/p>\n<p>A Pol\u00edcia Militar apreendeu duas armas de fogo e drogas, na regi\u00e3o do Curimata\u00fa paraibano, na noite dessa ter\u00e7a-feira (22). Duas pessoas foram presas. As a\u00e7\u00f5es fazem parte do refor\u00e7o do policiamento que vem sendo implementado na regi\u00e3o nos \u00faltimos dias, e que vem frustrando novos delitos.<\/p>\n\n\n\n<p>Os dois rev\u00f3lveres estavam com uma dupla na cidade Nova Floresta. Os acusados fugiram ao perceberem a chegada dos policiais do 9\u00ba Batalh\u00e3o, e abandonaram o armamento. A busca pelos suspeitos continua. J\u00e1 em Cuit\u00e9, a PM prendeu um homem e apreendeu um adolescente que estava com v\u00e1rias por\u00e7\u00f5es de subst\u00e2ncia semelhante \u00e0 maconha. De acordo com a unidade policial, a droga estava sendo comercializada.<\/p>\n\n\n\n<p>\u201cCom essas a\u00e7\u00f5es, j\u00e1 temos oito presos desde a semana passada, nos munic\u00edpios de Cuit\u00e9, Picu\u00ed, Nova Floresta e regi\u00e3o. Temos intensificado as a\u00e7\u00f5es preventivas, mirando os crimes patrimoniais, tr\u00e1fico e capturando foragidos\u201d, explicou o tenente-coronel Hilm\u00e1rio, comandante do 9\u00ba Batalh\u00e3o.<\/p>\n\n\n\n<p>As ocorr\u00eancias foram apresentadas nas delegacias. O trabalho preventivo continua com rondas, abordagens e atendimento de den\u00fancias que chegam ao n\u00famero 190.<\/p>\n\n\n\n<p><strong><em>PB Agora<\/em><\/strong><\/p>\n","protected":false},"excerpt":{"rendered":"<p><img decoding=\"async\" width=\"1024\" height=\"839\" src=\"https:\/\/www.pbagora.com.br\/storage\/2025\/04\/curimatau1-1024x839.jpeg\" class=\"attachment-large size-large wp-post-image\" alt=\"\" loading=\"lazy\" srcset=\"https:\/\/www.pbagora.com.br\/storage\/2025\/04\/curimatau1-1024x839.jpeg 1024w, https:\/\/www.pbagora.com.br\/storage\/2025\/04\/curimatau1-300x246.jpeg 300w, https:\/\/www.pbagora.com.br\/storage\/2025\/04\/curimatau1-150x123.jpeg 150w, https:\/\/www.pbagora.com.br\/storage\/2025\/04\/curimatau1-768x629.jpeg 768w, https:\/\/www.pbagora.com.br\/storage\/2025\/04\/curimatau1-1536x1259.jpeg 1536w, https:\/\/www.pbagora.com.br\/storage\/2025\/04\/curimatau1-2048x1678.jpeg 2048w, https:\/\/www.pbagora.com.br\/storage\/2025\/04\/curimatau1-380x311.jpeg 380w, https:\/\/www.pbagora.com.br\/storage\/2025\/04\/curimatau1-800x656.jpeg 800w, https:\/\/www.pbagora.com.br\/storage\/2025\/04\/curimatau1-1160x951.jpeg 1160w, https:\/\/www.pbagora.com.br\/storage\/2025\/04\/curimatau1-80x66.jpeg 80w, https:\/\/www.pbagora.com.br\/storage\/2025\/04\/curimatau1-760x623.jpeg 760w, https:\/\/www.pbagora.com.br\/storage\/2025\/04\/curimatau1-600x492.jpeg 600w, https:\/\/www.pbagora.com.br\/storage\/2025\/04\/curimatau1-scaled.jpeg 2560w\" sizes=\"auto, (max-width: 1024px) 100vw, 1024px\"><\/p>\n<p>A Pol\u00edcia Militar apreendeu duas armas de fogo e drogas, na regi\u00e3o do Curimata\u00fa paraibano, na noite dessa\u2026<\/p>\n","protected":false},"author":123457,"featured_media":0,"comment_status":"closed","ping_status":"closed","sticky":false,"template":"","format":"standard","meta":{"advgb_blocks_editor_width":"","advgb_blocks_columns_visual_guide":"","footnotes":""},"categories":[34],"tags":[35,10839,10842],"class_list":["post-56632","post","type-post","status-publish","format-standard","hentry","category-g1","tag-g1","tag-policial","tag-principal3"],"author_meta":{"display_name":"Reda\u00e7\u00e3o","author_link":"https:\/\/sindaopcpb.org.br\/author\/redacao\/"},"featured_img":null,"coauthors":[],"tax_additional":{"categories":{"linked":["<a href=\"https:\/\/sindaopcpb.org.br\/g1\/\" class=\"advgb-post-tax-term\">G1<\/a>"],"unlinked":["<span class=\"advgb-post-tax-term\">G1<\/span>"]},"tags":{"linked":["<a href=\"https:\/\/sindaopcpb.org.br\/g1\/\" class=\"advgb-post-tax-term\">g1<\/a>","<a href=\"https:\/\/sindaopcpb.org.br\/g1\/\" class=\"advgb-post-tax-term\">Policial<\/a>","<a href=\"https:\/\/sindaopcpb.org.br\/g1\/\" class=\"advgb-post-tax-term\">Principal3<\/a>"],"unlinked":["<span class=\"advgb-post-tax-term\">g1<\/span>","<span class=\"advgb-post-tax-term\">Policial<\/span>","<span class=\"advgb-post-tax-term\">Principal3<\/span>"]}},"comment_count":"0","relative_dates":{"created":"Publicado 1 ano atr\u00e1s","modified":"Atualizado 1 ano atr\u00e1s"},"absolute_dates":{"created":"Publicado em 23 de abril de 2025","modified":"Atualizado em 23 de abril de 2025"},"absolute_dates_time":{"created":"Publicado em 23 de abril de 2025 11:30","modified":"Atualizado em 23 de abril de 2025 11:30"},"featured_img_caption":"","series_order":"","_links":{"self":[{"href":"https:\/\/sindaopcpb.org.br\/index.php\/wp-json\/wp\/v2\/posts\/56632","targetHints":{"allow":["GET"]}}],"collection":[{"href":"https:\/\/sindaopcpb.org.br\/index.php\/wp-json\/wp\/v2\/posts"}],"about":[{"href":"https:\/\/sindaopcpb.org.br\/index.php\/wp-json\/wp\/v2\/types\/post"}],"author":[{"embeddable":true,"href":"https:\/\/sindaopcpb.org.br\/index.php\/wp-json\/wp\/v2\/users\/123457"}],"replies":[{"embeddable":true,"href":"https:\/\/sindaopcpb.org.br\/index.php\/wp-json\/wp\/v2\/comments?post=56632"}],"version-history":[{"count":2,"href":"https:\/\/sindaopcpb.org.br\/index.php\/wp-json\/wp\/v2\/posts\/56632\/revisions"}],"predecessor-version":[{"id":56641,"href":"https:\/\/sindaopcpb.org.br\/index.php\/wp-json\/wp\/v2\/posts\/56632\/revisions\/56641"}],"wp:attachment":[{"href":"https:\/\/sindaopcpb.org.br\/index.php\/wp-json\/wp\/v2\/media?parent=56632"}],"wp:term":[{"taxonomy":"category","embeddable":true,"href":"https:\/\/sindaopcpb.org.br\/index.php\/wp-json\/wp\/v2\/categories?post=56632"},{"taxonomy":"post_tag","embeddable":true,"href":"https:\/\/sindaopcpb.org.br\/index.php\/wp-json\/wp\/v2\/tags?post=56632"}],"curies":[{"name":"wp","href":"https:\/\/api.w.org\/{rel}","templated":true}]}}