{"id":56623,"date":"2025-04-23T09:20:34","date_gmt":"2025-04-23T12:20:34","guid":{"rendered":"https:\/\/www.pbagora.com.br\/?p=896684"},"modified":"2025-04-23T17:00:34","modified_gmt":"2025-04-23T20:00:34","slug":"durante-blitz-em-cajazeiras-prf-prende-homem-foragido-por-nao-pagar-pensao","status":"publish","type":"post","link":"https:\/\/sindaopcpb.org.br\/index.php\/2025\/04\/23\/durante-blitz-em-cajazeiras-prf-prende-homem-foragido-por-nao-pagar-pensao\/","title":{"rendered":"Durante blitz em Cajazeiras, PRF prende homem foragido por n\u00e3o pagar pens\u00e3o"},"content":{"rendered":"<p><img width=\"768\" height=\"576\" src=\"https:\/\/www.pbagora.com.br\/storage\/2025\/04\/image-35.png\" class=\"attachment-large size-large wp-post-image\" alt=\"\" style=\"margin-bottom: 20px;\" decoding=\"async\" loading=\"lazy\" srcset=\"https:\/\/www.pbagora.com.br\/storage\/2025\/04\/image-35.png 768w, https:\/\/www.pbagora.com.br\/storage\/2025\/04\/image-35-300x225.png 300w, https:\/\/www.pbagora.com.br\/storage\/2025\/04\/image-35-150x113.png 150w, https:\/\/www.pbagora.com.br\/storage\/2025\/04\/image-35-200x150.png 200w, https:\/\/www.pbagora.com.br\/storage\/2025\/04\/image-35-260x195.png 260w, https:\/\/www.pbagora.com.br\/storage\/2025\/04\/image-35-380x285.png 380w, https:\/\/www.pbagora.com.br\/storage\/2025\/04\/image-35-80x60.png 80w, https:\/\/www.pbagora.com.br\/storage\/2025\/04\/image-35-600x450.png 600w, https:\/\/www.pbagora.com.br\/storage\/2025\/04\/image-35-520x390.png 520w, https:\/\/www.pbagora.com.br\/storage\/2025\/04\/image-35-760x570.png 760w\" sizes=\"auto, (max-width: 768px) 100vw, 768px\" \/><\/p>\n<p>A Pol\u00edcia Rodovi\u00e1ria Federal (PRF) na Para\u00edba prendeu, na manh\u00e3 da \u00faltima ter\u00e7a-feira (22), no sert\u00e3o paraibano, um indiv\u00edduo procurado pela Justi\u00e7a por d\u00e9bitos de pens\u00e3o aliment\u00edcia.<\/p>\n\n\n\n<p>Por volta das 08h50, uma equipe da Pol\u00edcia Rodovi\u00e1ria Federal (PRF) realizava fiscaliza\u00e7\u00e3o de rotina no km 511 da BR-230, no munic\u00edpio de Cajazeiras, quando abordou um ve\u00edculo VW Gol de cor branca, conduzido por um homem de 35 anos. Ao realizar as consultas nos sistemas de seguran\u00e7a, foi constatado um mandado de pris\u00e3o em aberto contra o condutor.<\/p>\n\n\n\n<p>O mandado, com validade at\u00e9 17 de abril de 2026, foi expedido pela 1\u00aa Vara de Fam\u00edlia e Sucess\u00f5es da Comarca de Juazeiro do Norte, no Cear\u00e1, em abril de 2024, referente a uma d\u00edvida de pens\u00e3o aliment\u00edcia. O homem era procurado h\u00e1 cerca de um ano. O ve\u00edculo foi liberado e entregue a um condutor indicado pelo detido. Diante da confirma\u00e7\u00e3o do mandado de pris\u00e3o, o indiv\u00edduo foi encaminhado para a Delegacia de Pol\u00edcia Judici\u00e1ria, onde ficar\u00e1 \u00e0 disposi\u00e7\u00e3o para cumprimento das san\u00e7\u00f5es cab\u00edveis.<\/p>\n\n\n\n<p><strong><em>PB Agora<\/em><\/strong><\/p>\n","protected":false},"excerpt":{"rendered":"<p><img decoding=\"async\" width=\"768\" height=\"576\" src=\"https:\/\/www.pbagora.com.br\/storage\/2025\/04\/image-35.png\" class=\"attachment-large size-large wp-post-image\" alt=\"\" loading=\"lazy\" srcset=\"https:\/\/www.pbagora.com.br\/storage\/2025\/04\/image-35.png 768w, https:\/\/www.pbagora.com.br\/storage\/2025\/04\/image-35-300x225.png 300w, https:\/\/www.pbagora.com.br\/storage\/2025\/04\/image-35-150x113.png 150w, https:\/\/www.pbagora.com.br\/storage\/2025\/04\/image-35-200x150.png 200w, https:\/\/www.pbagora.com.br\/storage\/2025\/04\/image-35-260x195.png 260w, https:\/\/www.pbagora.com.br\/storage\/2025\/04\/image-35-380x285.png 380w, https:\/\/www.pbagora.com.br\/storage\/2025\/04\/image-35-80x60.png 80w, https:\/\/www.pbagora.com.br\/storage\/2025\/04\/image-35-600x450.png 600w, https:\/\/www.pbagora.com.br\/storage\/2025\/04\/image-35-520x390.png 520w, https:\/\/www.pbagora.com.br\/storage\/2025\/04\/image-35-760x570.png 760w\" sizes=\"auto, (max-width: 768px) 100vw, 768px\"><\/p>\n<p>A Pol\u00edcia Rodovi\u00e1ria Federal (PRF) na Para\u00edba prendeu, na manh\u00e3 da \u00faltima ter\u00e7a-feira (22), no sert\u00e3o paraibano, um\u2026<\/p>\n","protected":false},"author":123457,"featured_media":0,"comment_status":"closed","ping_status":"closed","sticky":false,"template":"","format":"standard","meta":{"advgb_blocks_editor_width":"","advgb_blocks_columns_visual_guide":"","footnotes":""},"categories":[34],"tags":[10840,35,10839],"class_list":["post-56623","post","type-post","status-publish","format-standard","hentry","category-g1","tag-destaque-centro-03","tag-g1","tag-policial"],"author_meta":{"display_name":"Reda\u00e7\u00e3o","author_link":"https:\/\/sindaopcpb.org.br\/author\/redacao\/"},"featured_img":null,"coauthors":[],"tax_additional":{"categories":{"linked":["<a href=\"https:\/\/sindaopcpb.org.br\/g1\/\" class=\"advgb-post-tax-term\">G1<\/a>"],"unlinked":["<span class=\"advgb-post-tax-term\">G1<\/span>"]},"tags":{"linked":["<a href=\"https:\/\/sindaopcpb.org.br\/g1\/\" class=\"advgb-post-tax-term\">Destaque Centro 03<\/a>","<a href=\"https:\/\/sindaopcpb.org.br\/g1\/\" class=\"advgb-post-tax-term\">g1<\/a>","<a href=\"https:\/\/sindaopcpb.org.br\/g1\/\" class=\"advgb-post-tax-term\">Policial<\/a>"],"unlinked":["<span class=\"advgb-post-tax-term\">Destaque Centro 03<\/span>","<span class=\"advgb-post-tax-term\">g1<\/span>","<span class=\"advgb-post-tax-term\">Policial<\/span>"]}},"comment_count":"0","relative_dates":{"created":"Publicado 1 ano atr\u00e1s","modified":"Atualizado 1 ano atr\u00e1s"},"absolute_dates":{"created":"Publicado em 23 de abril de 2025","modified":"Atualizado em 23 de abril de 2025"},"absolute_dates_time":{"created":"Publicado em 23 de abril de 2025 09:20","modified":"Atualizado em 23 de abril de 2025 17:00"},"featured_img_caption":"","series_order":"","_links":{"self":[{"href":"https:\/\/sindaopcpb.org.br\/index.php\/wp-json\/wp\/v2\/posts\/56623","targetHints":{"allow":["GET"]}}],"collection":[{"href":"https:\/\/sindaopcpb.org.br\/index.php\/wp-json\/wp\/v2\/posts"}],"about":[{"href":"https:\/\/sindaopcpb.org.br\/index.php\/wp-json\/wp\/v2\/types\/post"}],"author":[{"embeddable":true,"href":"https:\/\/sindaopcpb.org.br\/index.php\/wp-json\/wp\/v2\/users\/123457"}],"replies":[{"embeddable":true,"href":"https:\/\/sindaopcpb.org.br\/index.php\/wp-json\/wp\/v2\/comments?post=56623"}],"version-history":[{"count":3,"href":"https:\/\/sindaopcpb.org.br\/index.php\/wp-json\/wp\/v2\/posts\/56623\/revisions"}],"predecessor-version":[{"id":56656,"href":"https:\/\/sindaopcpb.org.br\/index.php\/wp-json\/wp\/v2\/posts\/56623\/revisions\/56656"}],"wp:attachment":[{"href":"https:\/\/sindaopcpb.org.br\/index.php\/wp-json\/wp\/v2\/media?parent=56623"}],"wp:term":[{"taxonomy":"category","embeddable":true,"href":"https:\/\/sindaopcpb.org.br\/index.php\/wp-json\/wp\/v2\/categories?post=56623"},{"taxonomy":"post_tag","embeddable":true,"href":"https:\/\/sindaopcpb.org.br\/index.php\/wp-json\/wp\/v2\/tags?post=56623"}],"curies":[{"name":"wp","href":"https:\/\/api.w.org\/{rel}","templated":true}]}}