{"id":56582,"date":"2025-04-22T10:12:47","date_gmt":"2025-04-22T13:12:47","guid":{"rendered":"https:\/\/www.pbagora.com.br\/?p=896512"},"modified":"2025-04-22T11:20:47","modified_gmt":"2025-04-22T14:20:47","slug":"operacao-semana-santa-e-tiradentes-na-paraiba-encerra-com-aumento-nas-fiscalizacoes-prisoes-e-sinistros","status":"publish","type":"post","link":"https:\/\/sindaopcpb.org.br\/index.php\/2025\/04\/22\/operacao-semana-santa-e-tiradentes-na-paraiba-encerra-com-aumento-nas-fiscalizacoes-prisoes-e-sinistros\/","title":{"rendered":"Opera\u00e7\u00e3o Semana Santa e Tiradentes na Para\u00edba encerra com aumento nas fiscaliza\u00e7\u00f5es, pris\u00f5es e sinistros"},"content":{"rendered":"<p><img width=\"768\" height=\"432\" src=\"https:\/\/www.pbagora.com.br\/storage\/2025\/03\/prf-1.jpg\" class=\"attachment-large size-large wp-post-image\" alt=\"\" style=\"margin-bottom: 20px;\" decoding=\"async\" srcset=\"https:\/\/www.pbagora.com.br\/storage\/2025\/03\/prf-1.jpg 768w, https:\/\/www.pbagora.com.br\/storage\/2025\/03\/prf-1-300x169.jpg 300w, https:\/\/www.pbagora.com.br\/storage\/2025\/03\/prf-1-150x84.jpg 150w, https:\/\/www.pbagora.com.br\/storage\/2025\/03\/prf-1-380x214.jpg 380w, https:\/\/www.pbagora.com.br\/storage\/2025\/03\/prf-1-80x46.jpg 80w, https:\/\/www.pbagora.com.br\/storage\/2025\/03\/prf-1-760x428.jpg 760w, https:\/\/www.pbagora.com.br\/storage\/2025\/03\/prf-1-600x338.jpg 600w\" sizes=\"(max-width: 768px) 100vw, 768px\" \/><\/p>\n<p>A Pol\u00edcia Rodovi\u00e1ria Federal (PRF) encerrou \u00e0s 23h59 dessa segunda-feira (21) a Opera\u00e7\u00e3o Semana Santa e Tiradentes, iniciada no dia 17 de abril com o objetivo de refor\u00e7ar a seguran\u00e7a vi\u00e1ria nas rodovias federais da Para\u00edba. A a\u00e7\u00e3o ocorreu em um per\u00edodo at\u00edpico, marcado pela proximidade entre dois feriados importantes e o aumento expressivo do fluxo de ve\u00edculos devido ao ponto facultativo decretado por alguns munic\u00edpios.<\/p>\n\n\n\n<p>Durante os cinco dias de opera\u00e7\u00e3o, foram fiscalizados 1.956 ve\u00edculos e 2.589 pessoas, representando um crescimento de 54% e 71%, respectivamente, em compara\u00e7\u00e3o ao mesmo per\u00edodo do ano passado. A atua\u00e7\u00e3o da PRF foi marcada pela presen\u00e7a de radares port\u00e1teis, que capturaram 1.814 imagens de excesso de velocidade, um aumento de 48% nas autua\u00e7\u00f5es por esse tipo de infra\u00e7\u00e3o.<\/p>\n\n\n\n<p>Al\u00e9m disso, 1.853 testes de alcoolemia foram realizados \u2014 quase o dobro do n\u00famero registrado no ano anterior \u2014 com seis motoristas detidos por embriaguez ao volante. Ao todo, 109 ve\u00edculos foram retirados de circula\u00e7\u00e3o por irregularidades graves.<\/p>\n\n\n\n<p>A Opera\u00e7\u00e3o resultou em 997 infra\u00e7\u00f5es de tr\u00e2nsito. A PRF alertou que o descuido com regras b\u00e1sicas, como o uso do cinto, limites de velocidade e dire\u00e7\u00e3o sob efeito de \u00e1lcool, segue como fator agravante para a viol\u00eancia no tr\u00e2nsito.<\/p>\n\n\n\n<p>As a\u00e7\u00f5es de combate \u00e0 criminalidade tamb\u00e9m foram refor\u00e7adas. A PRF efetuou a pris\u00e3o de 18 pessoas por crimes diversos, o dobro de deten\u00e7\u00f5es realizadas durante a opera\u00e7\u00e3o do ano anterior.<\/p>\n\n\n\n<p>Mesmo com o refor\u00e7o no policiamento, 38 sinistros foram registrados, com 36 feridos e tr\u00eas mortos em ocorr\u00eancias graves. Todos os \u00f3bitos ocorreram por atropelamentos em rodovias federais:<\/p>\n\n\n\n<ul class=\"wp-block-list\">\n<li><strong>Gurinh\u00e9m<\/strong> (BR-230, km 86) \u2013 Um homem morreu na quinta-feira (17), por volta das 19h;<\/li>\n\n\n\n<li><strong>Jo\u00e3o Pessoa<\/strong> (BR-230, km 26) \u2013 Um pedestre morreu no domingo (20), \u00e0s 20h; o ve\u00edculo evadiu-se do local;<\/li>\n\n\n\n<li><strong>Cajazeiras<\/strong> (BR-230, km 516) \u2013 Outro atropelamento com morte foi registrado na segunda-feira (21), \u00e0s 22h45; o condutor tamb\u00e9m fugiu da cena.<\/li>\n<\/ul>\n\n\n\n<p><strong><em>PB Agora<\/em><\/strong><\/p>\n","protected":false},"excerpt":{"rendered":"<p><img loading=\"lazy\" decoding=\"async\" width=\"768\" height=\"432\" src=\"https:\/\/www.pbagora.com.br\/storage\/2025\/03\/prf-1.jpg\" class=\"attachment-large size-large wp-post-image\" alt=\"\" srcset=\"https:\/\/www.pbagora.com.br\/storage\/2025\/03\/prf-1.jpg 768w, https:\/\/www.pbagora.com.br\/storage\/2025\/03\/prf-1-300x169.jpg 300w, https:\/\/www.pbagora.com.br\/storage\/2025\/03\/prf-1-150x84.jpg 150w, https:\/\/www.pbagora.com.br\/storage\/2025\/03\/prf-1-380x214.jpg 380w, https:\/\/www.pbagora.com.br\/storage\/2025\/03\/prf-1-80x46.jpg 80w, https:\/\/www.pbagora.com.br\/storage\/2025\/03\/prf-1-760x428.jpg 760w, https:\/\/www.pbagora.com.br\/storage\/2025\/03\/prf-1-600x338.jpg 600w\" sizes=\"auto, (max-width: 768px) 100vw, 768px\"><\/p>\n<p>A Pol\u00edcia Rodovi\u00e1ria Federal (PRF) encerrou \u00e0s 23h59 dessa segunda-feira (21) a Opera\u00e7\u00e3o Semana Santa e Tiradentes, iniciada\u2026<\/p>\n","protected":false},"author":123457,"featured_media":0,"comment_status":"closed","ping_status":"closed","sticky":false,"template":"","format":"standard","meta":{"advgb_blocks_editor_width":"","advgb_blocks_columns_visual_guide":"","footnotes":""},"categories":[34],"tags":[35,10839,10847],"class_list":["post-56582","post","type-post","status-publish","format-standard","hentry","category-g1","tag-g1","tag-policial","tag-rodape-03"],"author_meta":{"display_name":"Reda\u00e7\u00e3o","author_link":"https:\/\/sindaopcpb.org.br\/author\/redacao\/"},"featured_img":null,"coauthors":[],"tax_additional":{"categories":{"linked":["<a href=\"https:\/\/sindaopcpb.org.br\/g1\/\" class=\"advgb-post-tax-term\">G1<\/a>"],"unlinked":["<span class=\"advgb-post-tax-term\">G1<\/span>"]},"tags":{"linked":["<a href=\"https:\/\/sindaopcpb.org.br\/g1\/\" class=\"advgb-post-tax-term\">g1<\/a>","<a href=\"https:\/\/sindaopcpb.org.br\/g1\/\" class=\"advgb-post-tax-term\">Policial<\/a>","<a href=\"https:\/\/sindaopcpb.org.br\/g1\/\" class=\"advgb-post-tax-term\">Rodape 03<\/a>"],"unlinked":["<span class=\"advgb-post-tax-term\">g1<\/span>","<span class=\"advgb-post-tax-term\">Policial<\/span>","<span class=\"advgb-post-tax-term\">Rodape 03<\/span>"]}},"comment_count":"0","relative_dates":{"created":"Publicado 1 ano atr\u00e1s","modified":"Atualizado 1 ano atr\u00e1s"},"absolute_dates":{"created":"Publicado em 22 de abril de 2025","modified":"Atualizado em 22 de abril de 2025"},"absolute_dates_time":{"created":"Publicado em 22 de abril de 2025 10:12","modified":"Atualizado em 22 de abril de 2025 11:20"},"featured_img_caption":"","series_order":"","_links":{"self":[{"href":"https:\/\/sindaopcpb.org.br\/index.php\/wp-json\/wp\/v2\/posts\/56582","targetHints":{"allow":["GET"]}}],"collection":[{"href":"https:\/\/sindaopcpb.org.br\/index.php\/wp-json\/wp\/v2\/posts"}],"about":[{"href":"https:\/\/sindaopcpb.org.br\/index.php\/wp-json\/wp\/v2\/types\/post"}],"author":[{"embeddable":true,"href":"https:\/\/sindaopcpb.org.br\/index.php\/wp-json\/wp\/v2\/users\/123457"}],"replies":[{"embeddable":true,"href":"https:\/\/sindaopcpb.org.br\/index.php\/wp-json\/wp\/v2\/comments?post=56582"}],"version-history":[{"count":4,"href":"https:\/\/sindaopcpb.org.br\/index.php\/wp-json\/wp\/v2\/posts\/56582\/revisions"}],"predecessor-version":[{"id":56600,"href":"https:\/\/sindaopcpb.org.br\/index.php\/wp-json\/wp\/v2\/posts\/56582\/revisions\/56600"}],"wp:attachment":[{"href":"https:\/\/sindaopcpb.org.br\/index.php\/wp-json\/wp\/v2\/media?parent=56582"}],"wp:term":[{"taxonomy":"category","embeddable":true,"href":"https:\/\/sindaopcpb.org.br\/index.php\/wp-json\/wp\/v2\/categories?post=56582"},{"taxonomy":"post_tag","embeddable":true,"href":"https:\/\/sindaopcpb.org.br\/index.php\/wp-json\/wp\/v2\/tags?post=56582"}],"curies":[{"name":"wp","href":"https:\/\/api.w.org\/{rel}","templated":true}]}}