{"id":56579,"date":"2025-04-21T19:40:25","date_gmt":"2025-04-21T22:40:25","guid":{"rendered":"https:\/\/www.pbagora.com.br\/?p=896423"},"modified":"2025-04-21T19:40:25","modified_gmt":"2025-04-21T22:40:25","slug":"paraibanos-que-morreram-em-acidente-em-sao-paulo-devem-ser-enterrados-nesta-terca-na-paraiba","status":"publish","type":"post","link":"https:\/\/sindaopcpb.org.br\/index.php\/2025\/04\/21\/paraibanos-que-morreram-em-acidente-em-sao-paulo-devem-ser-enterrados-nesta-terca-na-paraiba\/","title":{"rendered":"Paraibanos que morreram em acidente em S\u00e3o Paulo devem ser enterrados nesta ter\u00e7a na Para\u00edba"},"content":{"rendered":"<p><img width=\"571\" height=\"497\" src=\"https:\/\/www.pbagora.com.br\/storage\/2025\/04\/Paraibanos-Vista-Serrana.jpg\" class=\"attachment-large size-large wp-post-image\" alt=\"\" style=\"margin-bottom: 20px;\" decoding=\"async\" srcset=\"https:\/\/www.pbagora.com.br\/storage\/2025\/04\/Paraibanos-Vista-Serrana.jpg 571w, https:\/\/www.pbagora.com.br\/storage\/2025\/04\/Paraibanos-Vista-Serrana-300x261.jpg 300w, https:\/\/www.pbagora.com.br\/storage\/2025\/04\/Paraibanos-Vista-Serrana-150x131.jpg 150w, https:\/\/www.pbagora.com.br\/storage\/2025\/04\/Paraibanos-Vista-Serrana-380x331.jpg 380w, https:\/\/www.pbagora.com.br\/storage\/2025\/04\/Paraibanos-Vista-Serrana-80x70.jpg 80w\" sizes=\"(max-width: 571px) 100vw, 571px\" \/><\/p>\n<p>Os corpos dos tr\u00eas paraibanos que morreram em um acidente de tr\u00e2nsito no estado de S\u00e3o Paulo devem ser enterrados nesta ter\u00e7a-feira (22), no Sert\u00e3o da Para\u00edba. Raimundo Izidro Neto, de 32 anos, Jirlanio Araujo de Farias, de 36, e Alex Rodrigues Monteiro, de 31 anos, eram naturais de Vista Serrana, estavam em um carro quando foram atingidos por uma carreta na rodovia Padre Manoel da N\u00f3brega no \u00faltimo s\u00e1bado, no munic\u00edpio de S\u00e3o Vicente, no litoral paulista.<\/p>\n\n\n\n<p>De acordo com a fam\u00edlia das v\u00edtimas, os corpos chegam \u00e0 Para\u00edba ainda nesta segunda-feira (21). No momento do acidente, Raimundo, o irm\u00e3o Jirl\u00e2nio e o primo Alex estavam a caminho de Praia Grande, onde trabalhavam com a venda de len\u00e7\u00f3is, redes e produtos de banho, cama e mesa.<\/p>\n\n\n\n<p>O motorista do caminh\u00e3o prestou esclarecimentos no local e afirmou que perdeu o controle da dire\u00e7\u00e3o ao fazer a curva em um viaduto. O ve\u00edculo acabou tombando e atingindo o ve\u00edculo que transportava os paraibanos.<\/p>\n\n\n\n<p><strong><em>PB Agora<\/em><\/strong><\/p>\n\n\n\n<p><\/p>\n","protected":false},"excerpt":{"rendered":"<p><img loading=\"lazy\" decoding=\"async\" width=\"571\" height=\"497\" src=\"https:\/\/www.pbagora.com.br\/storage\/2025\/04\/Paraibanos-Vista-Serrana.jpg\" class=\"attachment-large size-large wp-post-image\" alt=\"\" srcset=\"https:\/\/www.pbagora.com.br\/storage\/2025\/04\/Paraibanos-Vista-Serrana.jpg 571w, https:\/\/www.pbagora.com.br\/storage\/2025\/04\/Paraibanos-Vista-Serrana-300x261.jpg 300w, https:\/\/www.pbagora.com.br\/storage\/2025\/04\/Paraibanos-Vista-Serrana-150x131.jpg 150w, https:\/\/www.pbagora.com.br\/storage\/2025\/04\/Paraibanos-Vista-Serrana-380x331.jpg 380w, https:\/\/www.pbagora.com.br\/storage\/2025\/04\/Paraibanos-Vista-Serrana-80x70.jpg 80w\" sizes=\"auto, (max-width: 571px) 100vw, 571px\"><\/p>\n<p>Os corpos dos tr\u00eas paraibanos que morreram em um acidente de tr\u00e2nsito no estado de S\u00e3o Paulo devem\u2026<\/p>\n","protected":false},"author":123457,"featured_media":0,"comment_status":"closed","ping_status":"closed","sticky":false,"template":"","format":"standard","meta":{"advgb_blocks_editor_width":"","advgb_blocks_columns_visual_guide":"","footnotes":""},"categories":[34],"tags":[35,10839,10842],"class_list":["post-56579","post","type-post","status-publish","format-standard","hentry","category-g1","tag-g1","tag-policial","tag-principal3"],"author_meta":{"display_name":"Reda\u00e7\u00e3o","author_link":"https:\/\/sindaopcpb.org.br\/author\/redacao\/"},"featured_img":null,"coauthors":[],"tax_additional":{"categories":{"linked":["<a href=\"https:\/\/sindaopcpb.org.br\/g1\/\" class=\"advgb-post-tax-term\">G1<\/a>"],"unlinked":["<span class=\"advgb-post-tax-term\">G1<\/span>"]},"tags":{"linked":["<a href=\"https:\/\/sindaopcpb.org.br\/g1\/\" class=\"advgb-post-tax-term\">g1<\/a>","<a href=\"https:\/\/sindaopcpb.org.br\/g1\/\" class=\"advgb-post-tax-term\">Policial<\/a>","<a href=\"https:\/\/sindaopcpb.org.br\/g1\/\" class=\"advgb-post-tax-term\">Principal3<\/a>"],"unlinked":["<span class=\"advgb-post-tax-term\">g1<\/span>","<span class=\"advgb-post-tax-term\">Policial<\/span>","<span class=\"advgb-post-tax-term\">Principal3<\/span>"]}},"comment_count":"0","relative_dates":{"created":"Publicado 1 ano atr\u00e1s","modified":"Atualizado 1 ano atr\u00e1s"},"absolute_dates":{"created":"Publicado em 21 de abril de 2025","modified":"Atualizado em 21 de abril de 2025"},"absolute_dates_time":{"created":"Publicado em 21 de abril de 2025 19:40","modified":"Atualizado em 21 de abril de 2025 19:40"},"featured_img_caption":"","series_order":"","_links":{"self":[{"href":"https:\/\/sindaopcpb.org.br\/index.php\/wp-json\/wp\/v2\/posts\/56579","targetHints":{"allow":["GET"]}}],"collection":[{"href":"https:\/\/sindaopcpb.org.br\/index.php\/wp-json\/wp\/v2\/posts"}],"about":[{"href":"https:\/\/sindaopcpb.org.br\/index.php\/wp-json\/wp\/v2\/types\/post"}],"author":[{"embeddable":true,"href":"https:\/\/sindaopcpb.org.br\/index.php\/wp-json\/wp\/v2\/users\/123457"}],"replies":[{"embeddable":true,"href":"https:\/\/sindaopcpb.org.br\/index.php\/wp-json\/wp\/v2\/comments?post=56579"}],"version-history":[{"count":3,"href":"https:\/\/sindaopcpb.org.br\/index.php\/wp-json\/wp\/v2\/posts\/56579\/revisions"}],"predecessor-version":[{"id":56596,"href":"https:\/\/sindaopcpb.org.br\/index.php\/wp-json\/wp\/v2\/posts\/56579\/revisions\/56596"}],"wp:attachment":[{"href":"https:\/\/sindaopcpb.org.br\/index.php\/wp-json\/wp\/v2\/media?parent=56579"}],"wp:term":[{"taxonomy":"category","embeddable":true,"href":"https:\/\/sindaopcpb.org.br\/index.php\/wp-json\/wp\/v2\/categories?post=56579"},{"taxonomy":"post_tag","embeddable":true,"href":"https:\/\/sindaopcpb.org.br\/index.php\/wp-json\/wp\/v2\/tags?post=56579"}],"curies":[{"name":"wp","href":"https:\/\/api.w.org\/{rel}","templated":true}]}}