{"id":56570,"date":"2025-04-20T15:30:03","date_gmt":"2025-04-20T18:30:03","guid":{"rendered":"https:\/\/www.pbagora.com.br\/?p=896356"},"modified":"2025-04-20T15:30:03","modified_gmt":"2025-04-20T18:30:03","slug":"mulher-morre-apos-passar-mal-durante-maratona-em-joao-pessoa","status":"publish","type":"post","link":"https:\/\/sindaopcpb.org.br\/index.php\/2025\/04\/20\/mulher-morre-apos-passar-mal-durante-maratona-em-joao-pessoa\/","title":{"rendered":"Mulher morre ap\u00f3s passar mal durante maratona em Jo\u00e3o Pessoa"},"content":{"rendered":"<p><img width=\"517\" height=\"569\" src=\"https:\/\/www.pbagora.com.br\/storage\/2025\/04\/Maratona-de-Joao-Pessoa-2025.jpg\" class=\"attachment-large size-large wp-post-image\" alt=\"\" style=\"margin-bottom: 20px;\" decoding=\"async\" loading=\"lazy\" srcset=\"https:\/\/www.pbagora.com.br\/storage\/2025\/04\/Maratona-de-Joao-Pessoa-2025.jpg 517w, https:\/\/www.pbagora.com.br\/storage\/2025\/04\/Maratona-de-Joao-Pessoa-2025-273x300.jpg 273w, https:\/\/www.pbagora.com.br\/storage\/2025\/04\/Maratona-de-Joao-Pessoa-2025-136x150.jpg 136w, https:\/\/www.pbagora.com.br\/storage\/2025\/04\/Maratona-de-Joao-Pessoa-2025-380x418.jpg 380w, https:\/\/www.pbagora.com.br\/storage\/2025\/04\/Maratona-de-Joao-Pessoa-2025-80x88.jpg 80w, https:\/\/www.pbagora.com.br\/storage\/2025\/04\/Maratona-de-Joao-Pessoa-2025-73x80.jpg 73w\" sizes=\"auto, (max-width: 517px) 100vw, 517px\" \/><\/p>\n<p>Na manh\u00e3 deste domingo (20), uma mulher de 76 anos morreu ap\u00f3s passar mal durante a Maratona de Jo\u00e3o Pessoa. O evento n\u00e3o foi interrompido. <\/p>\n\n\n\n<p>Identificada como Maria Ribeiro, a corredora estava inscrita para participar do percurso de 5km, entretanto, ap\u00f3s percorrer 2km, ela passou mal e faleceu antes mesmo da chegada do socorro. Testemunhas destacam que a equipe m\u00e9dica do evento esteve no local, iniciou os procedimentos de socorro, mas infelizmente Maria n\u00e3o resistiu.<\/p>\n\n\n\n<p>Em nota, a organiza\u00e7\u00e3o do evento manifestou sentimentos e solidariedade \u00e0 fam\u00edlia da participante.<\/p>\n\n\n\n<p><strong>Confira nota na \u00edntegra:<\/strong><\/p>\n\n\n\n<p><em>NOTA \u00c0 IMPRENSA<\/em><\/p>\n\n\n\n<p><em>A organiza\u00e7\u00e3o da corrida realizada neste domingo (20) lamenta informar o falecimento da Sra. Maria Lopes Ribeiro, 76 anos, participante regularmente inscrita na prova de 5 km. O ocorrido se deu por volta do quil\u00f4metro 2 do percurso, quando a atleta apresentou um quadro de mal s\u00fabito. A v\u00edtima foi prontamente atendida pela equipe m\u00e9dica do evento, que iniciou os protocolos de emerg\u00eancia no local e realizou todos os procedimentos cab\u00edveis, por\u00e9m, infelizmente, ela n\u00e3o resistiu.<\/em><\/p>\n\n\n\n<p><em>A estrutura m\u00e9dica da prova atende \u00e0s exig\u00eancias dos \u00f3rg\u00e3os reguladores e inclui 6 ambul\u00e2ncias (3 UTIs m\u00f3veis e 3 unidades de suporte b\u00e1sico), 4 motol\u00e2ncias e equipes de sa\u00fade treinadas distribu\u00eddas estrategicamente por todo o percurso.<\/em><\/p>\n\n\n\n<p><em>Manifestamos nossos sentimentos e solidariedade \u00e0 fam\u00edlia, amigos e participantes.<\/em><\/p>\n\n\n\n<p><\/p>\n\n\n\n<p><strong><em>PB Agora<\/em><\/strong><\/p>\n","protected":false},"excerpt":{"rendered":"<p><img decoding=\"async\" width=\"517\" height=\"569\" src=\"https:\/\/www.pbagora.com.br\/storage\/2025\/04\/Maratona-de-Joao-Pessoa-2025.jpg\" class=\"attachment-large size-large wp-post-image\" alt=\"\" loading=\"lazy\" srcset=\"https:\/\/www.pbagora.com.br\/storage\/2025\/04\/Maratona-de-Joao-Pessoa-2025.jpg 517w, https:\/\/www.pbagora.com.br\/storage\/2025\/04\/Maratona-de-Joao-Pessoa-2025-273x300.jpg 273w, https:\/\/www.pbagora.com.br\/storage\/2025\/04\/Maratona-de-Joao-Pessoa-2025-136x150.jpg 136w, https:\/\/www.pbagora.com.br\/storage\/2025\/04\/Maratona-de-Joao-Pessoa-2025-380x418.jpg 380w, https:\/\/www.pbagora.com.br\/storage\/2025\/04\/Maratona-de-Joao-Pessoa-2025-80x88.jpg 80w, https:\/\/www.pbagora.com.br\/storage\/2025\/04\/Maratona-de-Joao-Pessoa-2025-73x80.jpg 73w\" sizes=\"auto, (max-width: 517px) 100vw, 517px\"><\/p>\n<p>Na manh\u00e3 deste domingo (20), uma mulher de 76 anos morreu ap\u00f3s passar mal durante a Maratona de\u2026<\/p>\n","protected":false},"author":123457,"featured_media":0,"comment_status":"closed","ping_status":"closed","sticky":false,"template":"","format":"standard","meta":{"advgb_blocks_editor_width":"","advgb_blocks_columns_visual_guide":"","footnotes":""},"categories":[34],"tags":[10841,35,10839],"class_list":["post-56570","post","type-post","status-publish","format-standard","hentry","category-g1","tag-destaque-centro-02","tag-g1","tag-policial"],"author_meta":{"display_name":"Reda\u00e7\u00e3o","author_link":"https:\/\/sindaopcpb.org.br\/author\/redacao\/"},"featured_img":null,"coauthors":[],"tax_additional":{"categories":{"linked":["<a href=\"https:\/\/sindaopcpb.org.br\/g1\/\" class=\"advgb-post-tax-term\">G1<\/a>"],"unlinked":["<span class=\"advgb-post-tax-term\">G1<\/span>"]},"tags":{"linked":["<a href=\"https:\/\/sindaopcpb.org.br\/g1\/\" class=\"advgb-post-tax-term\">Destaque Centro 02<\/a>","<a href=\"https:\/\/sindaopcpb.org.br\/g1\/\" class=\"advgb-post-tax-term\">g1<\/a>","<a href=\"https:\/\/sindaopcpb.org.br\/g1\/\" class=\"advgb-post-tax-term\">Policial<\/a>"],"unlinked":["<span class=\"advgb-post-tax-term\">Destaque Centro 02<\/span>","<span class=\"advgb-post-tax-term\">g1<\/span>","<span class=\"advgb-post-tax-term\">Policial<\/span>"]}},"comment_count":"0","relative_dates":{"created":"Publicado 1 ano atr\u00e1s","modified":"Atualizado 1 ano atr\u00e1s"},"absolute_dates":{"created":"Publicado em 20 de abril de 2025","modified":"Atualizado em 20 de abril de 2025"},"absolute_dates_time":{"created":"Publicado em 20 de abril de 2025 15:30","modified":"Atualizado em 20 de abril de 2025 15:30"},"featured_img_caption":"","series_order":"","_links":{"self":[{"href":"https:\/\/sindaopcpb.org.br\/index.php\/wp-json\/wp\/v2\/posts\/56570","targetHints":{"allow":["GET"]}}],"collection":[{"href":"https:\/\/sindaopcpb.org.br\/index.php\/wp-json\/wp\/v2\/posts"}],"about":[{"href":"https:\/\/sindaopcpb.org.br\/index.php\/wp-json\/wp\/v2\/types\/post"}],"author":[{"embeddable":true,"href":"https:\/\/sindaopcpb.org.br\/index.php\/wp-json\/wp\/v2\/users\/123457"}],"replies":[{"embeddable":true,"href":"https:\/\/sindaopcpb.org.br\/index.php\/wp-json\/wp\/v2\/comments?post=56570"}],"version-history":[{"count":1,"href":"https:\/\/sindaopcpb.org.br\/index.php\/wp-json\/wp\/v2\/posts\/56570\/revisions"}],"predecessor-version":[{"id":56571,"href":"https:\/\/sindaopcpb.org.br\/index.php\/wp-json\/wp\/v2\/posts\/56570\/revisions\/56571"}],"wp:attachment":[{"href":"https:\/\/sindaopcpb.org.br\/index.php\/wp-json\/wp\/v2\/media?parent=56570"}],"wp:term":[{"taxonomy":"category","embeddable":true,"href":"https:\/\/sindaopcpb.org.br\/index.php\/wp-json\/wp\/v2\/categories?post=56570"},{"taxonomy":"post_tag","embeddable":true,"href":"https:\/\/sindaopcpb.org.br\/index.php\/wp-json\/wp\/v2\/tags?post=56570"}],"curies":[{"name":"wp","href":"https:\/\/api.w.org\/{rel}","templated":true}]}}