{"id":56565,"date":"2025-04-20T16:11:24","date_gmt":"2025-04-20T19:11:24","guid":{"rendered":"https:\/\/www.pbagora.com.br\/?p=896362"},"modified":"2025-04-20T17:40:24","modified_gmt":"2025-04-20T20:40:24","slug":"incendio-de-grande-proporcao-atinge-mercado-publico-de-mangabeira-em-joao-pessoa","status":"publish","type":"post","link":"https:\/\/sindaopcpb.org.br\/index.php\/2025\/04\/20\/incendio-de-grande-proporcao-atinge-mercado-publico-de-mangabeira-em-joao-pessoa\/","title":{"rendered":"Inc\u00eandio de grande propor\u00e7\u00e3o atinge Mercado P\u00fablico de Mangabeira, em Jo\u00e3o Pessoa"},"content":{"rendered":"<p><img width=\"1000\" height=\"763\" src=\"https:\/\/www.pbagora.com.br\/storage\/2025\/04\/incendio-mercado-mangabeira.png\" class=\"attachment-large size-large wp-post-image\" alt=\"\" style=\"margin-bottom: 20px;\" decoding=\"async\" srcset=\"https:\/\/www.pbagora.com.br\/storage\/2025\/04\/incendio-mercado-mangabeira.png 1000w, https:\/\/www.pbagora.com.br\/storage\/2025\/04\/incendio-mercado-mangabeira-300x229.png 300w, https:\/\/www.pbagora.com.br\/storage\/2025\/04\/incendio-mercado-mangabeira-150x114.png 150w, https:\/\/www.pbagora.com.br\/storage\/2025\/04\/incendio-mercado-mangabeira-768x586.png 768w, https:\/\/www.pbagora.com.br\/storage\/2025\/04\/incendio-mercado-mangabeira-380x290.png 380w, https:\/\/www.pbagora.com.br\/storage\/2025\/04\/incendio-mercado-mangabeira-800x610.png 800w, https:\/\/www.pbagora.com.br\/storage\/2025\/04\/incendio-mercado-mangabeira-80x60.png 80w, https:\/\/www.pbagora.com.br\/storage\/2025\/04\/incendio-mercado-mangabeira-760x580.png 760w, https:\/\/www.pbagora.com.br\/storage\/2025\/04\/incendio-mercado-mangabeira-600x458.png 600w\" sizes=\"(max-width: 1000px) 100vw, 1000px\" \/><\/p>\n<p>No in\u00edcio da tarde deste domingo (20), um inc\u00eandio de grandes propor\u00e7\u00f5es atingiu o Mercado P\u00fablico de Mangabeira, em Jo\u00e3o Pessoa.<\/p>\n\n\n\n<p>De acordo com testemunhas, o fogo teria iniciado na parte interna do mercado, o que mobilizou comerciantes e frequentadores a iniciarem a tentativa de conter as chamas at\u00e9 a chegada dos Bombeiros.<\/p>\n\n\n\n<p>Dentro de poucos minutos, o Corpo de Bombeiros chegou ao local e controlou o fogo. N\u00e3o h\u00e1 registro pessoas feridos. O valor do preju\u00edzo causado tamb\u00e9m n\u00e3o foi divulgado.<\/p>\n\n\n\n<p><\/p>\n\n\n\n<p><strong><em>PB Agora<\/em><\/strong><\/p>\n","protected":false},"excerpt":{"rendered":"<p><img loading=\"lazy\" decoding=\"async\" width=\"1000\" height=\"763\" src=\"https:\/\/www.pbagora.com.br\/storage\/2025\/04\/incendio-mercado-mangabeira.png\" class=\"attachment-large size-large wp-post-image\" alt=\"\" srcset=\"https:\/\/www.pbagora.com.br\/storage\/2025\/04\/incendio-mercado-mangabeira.png 1000w, https:\/\/www.pbagora.com.br\/storage\/2025\/04\/incendio-mercado-mangabeira-300x229.png 300w, https:\/\/www.pbagora.com.br\/storage\/2025\/04\/incendio-mercado-mangabeira-150x114.png 150w, https:\/\/www.pbagora.com.br\/storage\/2025\/04\/incendio-mercado-mangabeira-768x586.png 768w, https:\/\/www.pbagora.com.br\/storage\/2025\/04\/incendio-mercado-mangabeira-380x290.png 380w, https:\/\/www.pbagora.com.br\/storage\/2025\/04\/incendio-mercado-mangabeira-800x610.png 800w, https:\/\/www.pbagora.com.br\/storage\/2025\/04\/incendio-mercado-mangabeira-80x60.png 80w, https:\/\/www.pbagora.com.br\/storage\/2025\/04\/incendio-mercado-mangabeira-760x580.png 760w, https:\/\/www.pbagora.com.br\/storage\/2025\/04\/incendio-mercado-mangabeira-600x458.png 600w\" sizes=\"auto, (max-width: 1000px) 100vw, 1000px\"><\/p>\n<p>No in\u00edcio da tarde deste domingo (20), um inc\u00eandio de grandes propor\u00e7\u00f5es atingiu o Mercado P\u00fablico de Mangabeira,\u2026<\/p>\n","protected":false},"author":123457,"featured_media":0,"comment_status":"closed","ping_status":"closed","sticky":false,"template":"","format":"standard","meta":{"advgb_blocks_editor_width":"","advgb_blocks_columns_visual_guide":"","footnotes":""},"categories":[34],"tags":[10845,35,10839],"class_list":["post-56565","post","type-post","status-publish","format-standard","hentry","category-g1","tag-destaque-centro-01","tag-g1","tag-policial"],"author_meta":{"display_name":"Reda\u00e7\u00e3o","author_link":"https:\/\/sindaopcpb.org.br\/author\/redacao\/"},"featured_img":null,"coauthors":[],"tax_additional":{"categories":{"linked":["<a href=\"https:\/\/sindaopcpb.org.br\/g1\/\" class=\"advgb-post-tax-term\">G1<\/a>"],"unlinked":["<span class=\"advgb-post-tax-term\">G1<\/span>"]},"tags":{"linked":["<a href=\"https:\/\/sindaopcpb.org.br\/g1\/\" class=\"advgb-post-tax-term\">Destaque Centro 01<\/a>","<a href=\"https:\/\/sindaopcpb.org.br\/g1\/\" class=\"advgb-post-tax-term\">g1<\/a>","<a href=\"https:\/\/sindaopcpb.org.br\/g1\/\" class=\"advgb-post-tax-term\">Policial<\/a>"],"unlinked":["<span class=\"advgb-post-tax-term\">Destaque Centro 01<\/span>","<span class=\"advgb-post-tax-term\">g1<\/span>","<span class=\"advgb-post-tax-term\">Policial<\/span>"]}},"comment_count":"0","relative_dates":{"created":"Publicado 1 ano atr\u00e1s","modified":"Atualizado 1 ano atr\u00e1s"},"absolute_dates":{"created":"Publicado em 20 de abril de 2025","modified":"Atualizado em 20 de abril de 2025"},"absolute_dates_time":{"created":"Publicado em 20 de abril de 2025 16:11","modified":"Atualizado em 20 de abril de 2025 17:40"},"featured_img_caption":"","series_order":"","_links":{"self":[{"href":"https:\/\/sindaopcpb.org.br\/index.php\/wp-json\/wp\/v2\/posts\/56565","targetHints":{"allow":["GET"]}}],"collection":[{"href":"https:\/\/sindaopcpb.org.br\/index.php\/wp-json\/wp\/v2\/posts"}],"about":[{"href":"https:\/\/sindaopcpb.org.br\/index.php\/wp-json\/wp\/v2\/types\/post"}],"author":[{"embeddable":true,"href":"https:\/\/sindaopcpb.org.br\/index.php\/wp-json\/wp\/v2\/users\/123457"}],"replies":[{"embeddable":true,"href":"https:\/\/sindaopcpb.org.br\/index.php\/wp-json\/wp\/v2\/comments?post=56565"}],"version-history":[{"count":4,"href":"https:\/\/sindaopcpb.org.br\/index.php\/wp-json\/wp\/v2\/posts\/56565\/revisions"}],"predecessor-version":[{"id":56581,"href":"https:\/\/sindaopcpb.org.br\/index.php\/wp-json\/wp\/v2\/posts\/56565\/revisions\/56581"}],"wp:attachment":[{"href":"https:\/\/sindaopcpb.org.br\/index.php\/wp-json\/wp\/v2\/media?parent=56565"}],"wp:term":[{"taxonomy":"category","embeddable":true,"href":"https:\/\/sindaopcpb.org.br\/index.php\/wp-json\/wp\/v2\/categories?post=56565"},{"taxonomy":"post_tag","embeddable":true,"href":"https:\/\/sindaopcpb.org.br\/index.php\/wp-json\/wp\/v2\/tags?post=56565"}],"curies":[{"name":"wp","href":"https:\/\/api.w.org\/{rel}","templated":true}]}}