{"id":56554,"date":"2025-04-20T10:40:15","date_gmt":"2025-04-20T13:40:15","guid":{"rendered":"https:\/\/www.pbagora.com.br\/?p=896334"},"modified":"2025-04-20T16:00:15","modified_gmt":"2025-04-20T19:00:15","slug":"homem-acusado-de-matar-policial-militar-e-preso-em-comunidade-na-zona-sul-de-joao-pessoa","status":"publish","type":"post","link":"https:\/\/sindaopcpb.org.br\/index.php\/2025\/04\/20\/homem-acusado-de-matar-policial-militar-e-preso-em-comunidade-na-zona-sul-de-joao-pessoa\/","title":{"rendered":"Homem acusado de matar policial militar \u00e9 preso em comunidade na Zona Sul de Jo\u00e3o Pessoa"},"content":{"rendered":"<p><img width=\"800\" height=\"600\" src=\"https:\/\/www.pbagora.com.br\/storage\/2024\/12\/policia-civil-central.webp\" class=\"attachment-large size-large wp-post-image\" alt=\"\" style=\"margin-bottom: 20px;\" decoding=\"async\" loading=\"lazy\" srcset=\"https:\/\/www.pbagora.com.br\/storage\/2024\/12\/policia-civil-central.webp 800w, https:\/\/www.pbagora.com.br\/storage\/2024\/12\/policia-civil-central-300x225.webp 300w, https:\/\/www.pbagora.com.br\/storage\/2024\/12\/policia-civil-central-150x113.webp 150w, https:\/\/www.pbagora.com.br\/storage\/2024\/12\/policia-civil-central-768x576.webp 768w, https:\/\/www.pbagora.com.br\/storage\/2024\/12\/policia-civil-central-200x150.webp 200w, https:\/\/www.pbagora.com.br\/storage\/2024\/12\/policia-civil-central-260x195.webp 260w, https:\/\/www.pbagora.com.br\/storage\/2024\/12\/policia-civil-central-380x285.webp 380w, https:\/\/www.pbagora.com.br\/storage\/2024\/12\/policia-civil-central-80x60.webp 80w, https:\/\/www.pbagora.com.br\/storage\/2024\/12\/policia-civil-central-600x450.webp 600w, https:\/\/www.pbagora.com.br\/storage\/2024\/12\/policia-civil-central-520x390.webp 520w, https:\/\/www.pbagora.com.br\/storage\/2024\/12\/policia-civil-central-760x570.webp 760w\" sizes=\"auto, (max-width: 800px) 100vw, 800px\" \/><\/p>\n<p>A pol\u00edcia conseguiu capturar, neste s\u00e1bado (19), um homem acusado de matar um policial militar no bairro do Valentina. A abordagem aconteceu na comunidade conhecida como Frei Dami\u00e3o, na Zona Sul da Capital, ap\u00f3s den\u00fancias an\u00f4nimas.<\/p>\n\n\n\n<p>De acordo com as investiga\u00e7\u00f5es, o homem estava foragido desde outubro de 2024 quando assassinou um policial para roubar sua arma de fogo.<\/p>\n\n\n\n<p>Na \u00e9poca, o acusado j\u00e1 tinha mandado de pris\u00e3o em aberto pelo crime de tr\u00e1fico de drogas. Capturado, ele foi levado para a Cidade da Pol\u00edcia Civil, onde passar\u00e1 por audi\u00eancia de cust\u00f3dia e ficar\u00e1 \u00e0 disposi\u00e7\u00e3o da Justi\u00e7a.<\/p>\n\n\n\n<p><strong><em>PB Agora<\/em><\/strong><\/p>\n","protected":false},"excerpt":{"rendered":"<p><img loading=\"lazy\" decoding=\"async\" width=\"800\" height=\"600\" src=\"https:\/\/www.pbagora.com.br\/storage\/2024\/12\/policia-civil-central.webp\" class=\"attachment-large size-large wp-post-image\" alt=\"\" srcset=\"https:\/\/www.pbagora.com.br\/storage\/2024\/12\/policia-civil-central.webp 800w, https:\/\/www.pbagora.com.br\/storage\/2024\/12\/policia-civil-central-300x225.webp 300w, https:\/\/www.pbagora.com.br\/storage\/2024\/12\/policia-civil-central-150x113.webp 150w, https:\/\/www.pbagora.com.br\/storage\/2024\/12\/policia-civil-central-768x576.webp 768w, https:\/\/www.pbagora.com.br\/storage\/2024\/12\/policia-civil-central-200x150.webp 200w, https:\/\/www.pbagora.com.br\/storage\/2024\/12\/policia-civil-central-260x195.webp 260w, https:\/\/www.pbagora.com.br\/storage\/2024\/12\/policia-civil-central-380x285.webp 380w, https:\/\/www.pbagora.com.br\/storage\/2024\/12\/policia-civil-central-80x60.webp 80w, https:\/\/www.pbagora.com.br\/storage\/2024\/12\/policia-civil-central-600x450.webp 600w, https:\/\/www.pbagora.com.br\/storage\/2024\/12\/policia-civil-central-520x390.webp 520w, https:\/\/www.pbagora.com.br\/storage\/2024\/12\/policia-civil-central-760x570.webp 760w\" sizes=\"auto, (max-width: 800px) 100vw, 800px\"><\/p>\n<p>A pol\u00edcia conseguiu capturar, neste s\u00e1bado (19), um homem acusado de matar um policial militar no bairro do\u2026<\/p>\n","protected":false},"author":123457,"featured_media":0,"comment_status":"closed","ping_status":"closed","sticky":false,"template":"","format":"standard","meta":{"advgb_blocks_editor_width":"","advgb_blocks_columns_visual_guide":"","footnotes":""},"categories":[34],"tags":[10845,35,10839],"class_list":["post-56554","post","type-post","status-publish","format-standard","hentry","category-g1","tag-destaque-centro-01","tag-g1","tag-policial"],"author_meta":{"display_name":"Reda\u00e7\u00e3o","author_link":"https:\/\/sindaopcpb.org.br\/author\/redacao\/"},"featured_img":null,"coauthors":[],"tax_additional":{"categories":{"linked":["<a href=\"https:\/\/sindaopcpb.org.br\/g1\/\" class=\"advgb-post-tax-term\">G1<\/a>"],"unlinked":["<span class=\"advgb-post-tax-term\">G1<\/span>"]},"tags":{"linked":["<a href=\"https:\/\/sindaopcpb.org.br\/g1\/\" class=\"advgb-post-tax-term\">Destaque Centro 01<\/a>","<a href=\"https:\/\/sindaopcpb.org.br\/g1\/\" class=\"advgb-post-tax-term\">g1<\/a>","<a href=\"https:\/\/sindaopcpb.org.br\/g1\/\" class=\"advgb-post-tax-term\">Policial<\/a>"],"unlinked":["<span class=\"advgb-post-tax-term\">Destaque Centro 01<\/span>","<span class=\"advgb-post-tax-term\">g1<\/span>","<span class=\"advgb-post-tax-term\">Policial<\/span>"]}},"comment_count":"0","relative_dates":{"created":"Publicado 1 ano atr\u00e1s","modified":"Atualizado 1 ano atr\u00e1s"},"absolute_dates":{"created":"Publicado em 20 de abril de 2025","modified":"Atualizado em 20 de abril de 2025"},"absolute_dates_time":{"created":"Publicado em 20 de abril de 2025 10:40","modified":"Atualizado em 20 de abril de 2025 16:00"},"featured_img_caption":"","series_order":"","_links":{"self":[{"href":"https:\/\/sindaopcpb.org.br\/index.php\/wp-json\/wp\/v2\/posts\/56554","targetHints":{"allow":["GET"]}}],"collection":[{"href":"https:\/\/sindaopcpb.org.br\/index.php\/wp-json\/wp\/v2\/posts"}],"about":[{"href":"https:\/\/sindaopcpb.org.br\/index.php\/wp-json\/wp\/v2\/types\/post"}],"author":[{"embeddable":true,"href":"https:\/\/sindaopcpb.org.br\/index.php\/wp-json\/wp\/v2\/users\/123457"}],"replies":[{"embeddable":true,"href":"https:\/\/sindaopcpb.org.br\/index.php\/wp-json\/wp\/v2\/comments?post=56554"}],"version-history":[{"count":4,"href":"https:\/\/sindaopcpb.org.br\/index.php\/wp-json\/wp\/v2\/posts\/56554\/revisions"}],"predecessor-version":[{"id":56567,"href":"https:\/\/sindaopcpb.org.br\/index.php\/wp-json\/wp\/v2\/posts\/56554\/revisions\/56567"}],"wp:attachment":[{"href":"https:\/\/sindaopcpb.org.br\/index.php\/wp-json\/wp\/v2\/media?parent=56554"}],"wp:term":[{"taxonomy":"category","embeddable":true,"href":"https:\/\/sindaopcpb.org.br\/index.php\/wp-json\/wp\/v2\/categories?post=56554"},{"taxonomy":"post_tag","embeddable":true,"href":"https:\/\/sindaopcpb.org.br\/index.php\/wp-json\/wp\/v2\/tags?post=56554"}],"curies":[{"name":"wp","href":"https:\/\/api.w.org\/{rel}","templated":true}]}}