{"id":56546,"date":"2025-04-19T13:10:02","date_gmt":"2025-04-19T16:10:02","guid":{"rendered":"https:\/\/www.pbagora.com.br\/?p=896293"},"modified":"2025-04-19T17:10:02","modified_gmt":"2025-04-19T20:10:02","slug":"operacao-semana-santa-policia-prende-sete-pessoas-em-acoes-de-combate-ao-trafico-de-drogas-na-paraiba","status":"publish","type":"post","link":"https:\/\/sindaopcpb.org.br\/index.php\/2025\/04\/19\/operacao-semana-santa-policia-prende-sete-pessoas-em-acoes-de-combate-ao-trafico-de-drogas-na-paraiba\/","title":{"rendered":"Opera\u00e7\u00e3o Semana Santa: Pol\u00edcia prende sete pessoas em a\u00e7\u00f5es de combate ao tr\u00e1fico de drogas na Para\u00edba"},"content":{"rendered":"<p><img width=\"800\" height=\"445\" src=\"https:\/\/www.pbagora.com.br\/storage\/2025\/04\/drogas_cg.jpeg\" class=\"attachment-large size-large wp-post-image\" alt=\"\" style=\"margin-bottom: 20px;\" decoding=\"async\" srcset=\"https:\/\/www.pbagora.com.br\/storage\/2025\/04\/drogas_cg.jpeg 800w, https:\/\/www.pbagora.com.br\/storage\/2025\/04\/drogas_cg-300x167.jpeg 300w, https:\/\/www.pbagora.com.br\/storage\/2025\/04\/drogas_cg-150x83.jpeg 150w, https:\/\/www.pbagora.com.br\/storage\/2025\/04\/drogas_cg-768x427.jpeg 768w, https:\/\/www.pbagora.com.br\/storage\/2025\/04\/drogas_cg-380x211.jpeg 380w, https:\/\/www.pbagora.com.br\/storage\/2025\/04\/drogas_cg-80x46.jpeg 80w, https:\/\/www.pbagora.com.br\/storage\/2025\/04\/drogas_cg-760x423.jpeg 760w, https:\/\/www.pbagora.com.br\/storage\/2025\/04\/drogas_cg-600x334.jpeg 600w\" sizes=\"(max-width: 800px) 100vw, 800px\" \/><\/p>\n<p>Sete pessoas foram presas em a\u00e7\u00f5es de combate ao tr\u00e1fico de drogas entre a \u00faltima sexta-feira (18) e come\u00e7o deste s\u00e1bado (19), durante a Opera\u00e7\u00e3o Semana Santa na Para\u00edba. <\/p>\n\n\n\n<p>Entre os presos pela Pol\u00edcia Militar tamb\u00e9m estavam acusados de cometer homic\u00eddio e outros delitos.<\/p>\n\n\n<div class=\"wp-block-image\">\n<figure class=\"alignleft size-large is-resized\"><img  decoding=\"async\"  width=\"1024\"  height=\"768\"  src=\"https:\/\/www.pbagora.com.br\/storage\/2025\/04\/drogas_bayeux-1024x768.jpeg\"  alt=\"\"  class=\"wp-image-896294\"  style=\"width:365px;height:auto\"  srcset=\"https:\/\/www.pbagora.com.br\/storage\/2025\/04\/drogas_bayeux-1024x768.jpeg 1024w, https:\/\/www.pbagora.com.br\/storage\/2025\/04\/drogas_bayeux-300x225.jpeg 300w, https:\/\/www.pbagora.com.br\/storage\/2025\/04\/drogas_bayeux-150x113.jpeg 150w, https:\/\/www.pbagora.com.br\/storage\/2025\/04\/drogas_bayeux-768x576.jpeg 768w, https:\/\/www.pbagora.com.br\/storage\/2025\/04\/drogas_bayeux-1536x1152.jpeg 1536w, https:\/\/www.pbagora.com.br\/storage\/2025\/04\/drogas_bayeux-200x150.jpeg 200w, https:\/\/www.pbagora.com.br\/storage\/2025\/04\/drogas_bayeux-260x195.jpeg 260w, https:\/\/www.pbagora.com.br\/storage\/2025\/04\/drogas_bayeux-380x285.jpeg 380w, https:\/\/www.pbagora.com.br\/storage\/2025\/04\/drogas_bayeux-800x600.jpeg 800w, https:\/\/www.pbagora.com.br\/storage\/2025\/04\/drogas_bayeux-1160x870.jpeg 1160w, https:\/\/www.pbagora.com.br\/storage\/2025\/04\/drogas_bayeux-80x60.jpeg 80w, https:\/\/www.pbagora.com.br\/storage\/2025\/04\/drogas_bayeux-600x450.jpeg 600w, https:\/\/www.pbagora.com.br\/storage\/2025\/04\/drogas_bayeux-520x390.jpeg 520w, https:\/\/www.pbagora.com.br\/storage\/2025\/04\/drogas_bayeux-760x570.jpeg 760w, https:\/\/www.pbagora.com.br\/storage\/2025\/04\/drogas_bayeux.jpeg 1600w\"  sizes=\"(max-width: 1024px) 100vw, 1024px\" ><figcaption class=\"wp-element-caption\">Foto: Ascom \/ PMPB<\/figcaption><\/figure><\/div>\n\n\n<p>As pris\u00f5es e apreens\u00f5es de entorpecentes ocorreram nos munic\u00edpios da grande Jo\u00e3o Pessoa, Campina Grande, Patos e Cajazeiras, levando a pris\u00e3o dos acusados que agiam comercializando maconha, coca\u00edna e crack. Nas a\u00e7\u00f5es, tr\u00eas armas de fogo, muni\u00e7\u00f5es, dinheiro, balan\u00e7a de precis\u00e3o tamb\u00e9m foram apreendidas.<\/p>\n\n\n\n<p>Em Santa Rita, um dos presos com drogas j\u00e1 tinha um mandado em aberto pelo crime de homic\u00eddio. Ele foi localizado em Odil\u00e2ndia, estava com um rev\u00f3lver, dinheiro, celulares e diversas por\u00e7\u00f5es de entorpecentes.<\/p>\n\n\n\n<p>Novas a\u00e7\u00f5es preventivas da Opera\u00e7\u00e3o Semana Santa devem ocorrer durante todo o final de semana.<\/p>\n\n\n\n<p><\/p>\n\n\n\n<p><strong><em>Ascom \/ PMPB<\/em><\/strong><\/p>\n","protected":false},"excerpt":{"rendered":"<p><img loading=\"lazy\" decoding=\"async\" width=\"800\" height=\"445\" src=\"https:\/\/www.pbagora.com.br\/storage\/2025\/04\/drogas_cg.jpeg\" class=\"attachment-large size-large wp-post-image\" alt=\"\" srcset=\"https:\/\/www.pbagora.com.br\/storage\/2025\/04\/drogas_cg.jpeg 800w, https:\/\/www.pbagora.com.br\/storage\/2025\/04\/drogas_cg-300x167.jpeg 300w, https:\/\/www.pbagora.com.br\/storage\/2025\/04\/drogas_cg-150x83.jpeg 150w, https:\/\/www.pbagora.com.br\/storage\/2025\/04\/drogas_cg-768x427.jpeg 768w, https:\/\/www.pbagora.com.br\/storage\/2025\/04\/drogas_cg-380x211.jpeg 380w, https:\/\/www.pbagora.com.br\/storage\/2025\/04\/drogas_cg-80x46.jpeg 80w, https:\/\/www.pbagora.com.br\/storage\/2025\/04\/drogas_cg-760x423.jpeg 760w, https:\/\/www.pbagora.com.br\/storage\/2025\/04\/drogas_cg-600x334.jpeg 600w\" sizes=\"auto, (max-width: 800px) 100vw, 800px\"><\/p>\n<p>Sete pessoas foram presas em a\u00e7\u00f5es de combate ao tr\u00e1fico de drogas entre a \u00faltima sexta-feira (18) e\u2026<\/p>\n","protected":false},"author":123457,"featured_media":0,"comment_status":"closed","ping_status":"closed","sticky":false,"template":"","format":"standard","meta":{"advgb_blocks_editor_width":"","advgb_blocks_columns_visual_guide":"","footnotes":""},"categories":[34],"tags":[35,10839,10842],"class_list":["post-56546","post","type-post","status-publish","format-standard","hentry","category-g1","tag-g1","tag-policial","tag-principal3"],"author_meta":{"display_name":"Reda\u00e7\u00e3o","author_link":"https:\/\/sindaopcpb.org.br\/author\/redacao\/"},"featured_img":null,"coauthors":[],"tax_additional":{"categories":{"linked":["<a href=\"https:\/\/sindaopcpb.org.br\/g1\/\" class=\"advgb-post-tax-term\">G1<\/a>"],"unlinked":["<span class=\"advgb-post-tax-term\">G1<\/span>"]},"tags":{"linked":["<a href=\"https:\/\/sindaopcpb.org.br\/g1\/\" class=\"advgb-post-tax-term\">g1<\/a>","<a href=\"https:\/\/sindaopcpb.org.br\/g1\/\" class=\"advgb-post-tax-term\">Policial<\/a>","<a href=\"https:\/\/sindaopcpb.org.br\/g1\/\" class=\"advgb-post-tax-term\">Principal3<\/a>"],"unlinked":["<span class=\"advgb-post-tax-term\">g1<\/span>","<span class=\"advgb-post-tax-term\">Policial<\/span>","<span class=\"advgb-post-tax-term\">Principal3<\/span>"]}},"comment_count":"0","relative_dates":{"created":"Publicado 1 ano atr\u00e1s","modified":"Atualizado 1 ano atr\u00e1s"},"absolute_dates":{"created":"Publicado em 19 de abril de 2025","modified":"Atualizado em 19 de abril de 2025"},"absolute_dates_time":{"created":"Publicado em 19 de abril de 2025 13:10","modified":"Atualizado em 19 de abril de 2025 17:10"},"featured_img_caption":"","series_order":"","_links":{"self":[{"href":"https:\/\/sindaopcpb.org.br\/index.php\/wp-json\/wp\/v2\/posts\/56546","targetHints":{"allow":["GET"]}}],"collection":[{"href":"https:\/\/sindaopcpb.org.br\/index.php\/wp-json\/wp\/v2\/posts"}],"about":[{"href":"https:\/\/sindaopcpb.org.br\/index.php\/wp-json\/wp\/v2\/types\/post"}],"author":[{"embeddable":true,"href":"https:\/\/sindaopcpb.org.br\/index.php\/wp-json\/wp\/v2\/users\/123457"}],"replies":[{"embeddable":true,"href":"https:\/\/sindaopcpb.org.br\/index.php\/wp-json\/wp\/v2\/comments?post=56546"}],"version-history":[{"count":3,"href":"https:\/\/sindaopcpb.org.br\/index.php\/wp-json\/wp\/v2\/posts\/56546\/revisions"}],"predecessor-version":[{"id":56556,"href":"https:\/\/sindaopcpb.org.br\/index.php\/wp-json\/wp\/v2\/posts\/56546\/revisions\/56556"}],"wp:attachment":[{"href":"https:\/\/sindaopcpb.org.br\/index.php\/wp-json\/wp\/v2\/media?parent=56546"}],"wp:term":[{"taxonomy":"category","embeddable":true,"href":"https:\/\/sindaopcpb.org.br\/index.php\/wp-json\/wp\/v2\/categories?post=56546"},{"taxonomy":"post_tag","embeddable":true,"href":"https:\/\/sindaopcpb.org.br\/index.php\/wp-json\/wp\/v2\/tags?post=56546"}],"curies":[{"name":"wp","href":"https:\/\/api.w.org\/{rel}","templated":true}]}}