{"id":56537,"date":"2025-04-18T18:00:35","date_gmt":"2025-04-18T21:00:35","guid":{"rendered":"https:\/\/www.pbagora.com.br\/?p=896259"},"modified":"2025-04-18T18:00:35","modified_gmt":"2025-04-18T21:00:35","slug":"tragedia-idoso-com-alzheimer-morre-afogado-nas-tres-lagoas-em-joao-pessoa","status":"publish","type":"post","link":"https:\/\/sindaopcpb.org.br\/index.php\/2025\/04\/18\/tragedia-idoso-com-alzheimer-morre-afogado-nas-tres-lagoas-em-joao-pessoa\/","title":{"rendered":"TRAG\u00c9DIA: idoso com Alzheimer morre afogado nas Tr\u00eas Lagoas, em Jo\u00e3o Pessoa"},"content":{"rendered":"<p><img width=\"1024\" height=\"630\" src=\"https:\/\/www.pbagora.com.br\/storage\/2025\/04\/bea12cc1041191c637d11a4a5d750f09-e1744989175763-1024x630-1.jpeg\" class=\"attachment-large size-large wp-post-image\" alt=\"\" style=\"margin-bottom: 20px;\" decoding=\"async\" loading=\"lazy\" srcset=\"https:\/\/www.pbagora.com.br\/storage\/2025\/04\/bea12cc1041191c637d11a4a5d750f09-e1744989175763-1024x630-1.jpeg 1024w, https:\/\/www.pbagora.com.br\/storage\/2025\/04\/bea12cc1041191c637d11a4a5d750f09-e1744989175763-1024x630-1-300x185.jpeg 300w, https:\/\/www.pbagora.com.br\/storage\/2025\/04\/bea12cc1041191c637d11a4a5d750f09-e1744989175763-1024x630-1-150x92.jpeg 150w, https:\/\/www.pbagora.com.br\/storage\/2025\/04\/bea12cc1041191c637d11a4a5d750f09-e1744989175763-1024x630-1-768x473.jpeg 768w, https:\/\/www.pbagora.com.br\/storage\/2025\/04\/bea12cc1041191c637d11a4a5d750f09-e1744989175763-1024x630-1-380x234.jpeg 380w, https:\/\/www.pbagora.com.br\/storage\/2025\/04\/bea12cc1041191c637d11a4a5d750f09-e1744989175763-1024x630-1-800x492.jpeg 800w, https:\/\/www.pbagora.com.br\/storage\/2025\/04\/bea12cc1041191c637d11a4a5d750f09-e1744989175763-1024x630-1-80x50.jpeg 80w, https:\/\/www.pbagora.com.br\/storage\/2025\/04\/bea12cc1041191c637d11a4a5d750f09-e1744989175763-1024x630-1-760x468.jpeg 760w, https:\/\/www.pbagora.com.br\/storage\/2025\/04\/bea12cc1041191c637d11a4a5d750f09-e1744989175763-1024x630-1-600x369.jpeg 600w\" sizes=\"auto, (max-width: 1024px) 100vw, 1024px\" \/><\/p>\n<p>Um idoso de 84 anos, identificado como Ant\u00f4nio Moreira Sobrinho, morreu afogado na manh\u00e3 desta sexta-feira (18) em uma das lagoas da regi\u00e3o conhecida como Tr\u00eas Lagoas, localizada no bairro Ernani S\u00e1tiro, na Zona Sul de Jo\u00e3o Pessoa. De acordo com informa\u00e7\u00f5es da Pol\u00edcia Militar e de testemunhas, o idoso teria entrado na \u00e1gua com a inten\u00e7\u00e3o de tomar banho e acabou se afogando.<\/p>\n\n\n\n<p>Segundo relatos de familiares, Ant\u00f4nio sofria de Alzheimer e havia sa\u00eddo de casa por volta das 7h20 da manh\u00e3. Testemunhas informaram que ele apresentava sinais de embriaguez ao chegar \u00e0 \u00e1rea e que entrou sozinho na lagoa. Momentos depois, come\u00e7ou a se debater, demonstrando dificuldades para se manter na superf\u00edcie.<\/p>\n\n\n\n<p>O Corpo de Bombeiros foi acionado e, ap\u00f3s buscas que duraram cerca de dez minutos, localizou o corpo da v\u00edtima a cinco metros da margem, em uma parte da lagoa com aproximadamente dois metros de profundidade. A \u00e1rea foi isolada pela Pol\u00edcia Militar at\u00e9 a chegada da per\u00edcia da Pol\u00edcia Civil.<\/p>\n\n\n\n<p>O caso \u00e9 tratado, at\u00e9 o momento, como um acidente, mas a causa oficial da morte s\u00f3 ser\u00e1 confirmada ap\u00f3s a conclus\u00e3o do laudo pericial. Familiares da v\u00edtima estiveram no local por volta do meio-dia e confirmaram a identidade do idoso.<\/p>\n\n\n\n<p><strong><em>PB Agora<\/em><\/strong><\/p>\n","protected":false},"excerpt":{"rendered":"<p><img loading=\"lazy\" decoding=\"async\" width=\"1024\" height=\"630\" src=\"https:\/\/www.pbagora.com.br\/storage\/2025\/04\/bea12cc1041191c637d11a4a5d750f09-e1744989175763-1024x630-1.jpeg\" class=\"attachment-large size-large wp-post-image\" alt=\"\" srcset=\"https:\/\/www.pbagora.com.br\/storage\/2025\/04\/bea12cc1041191c637d11a4a5d750f09-e1744989175763-1024x630-1.jpeg 1024w, https:\/\/www.pbagora.com.br\/storage\/2025\/04\/bea12cc1041191c637d11a4a5d750f09-e1744989175763-1024x630-1-300x185.jpeg 300w, https:\/\/www.pbagora.com.br\/storage\/2025\/04\/bea12cc1041191c637d11a4a5d750f09-e1744989175763-1024x630-1-150x92.jpeg 150w, https:\/\/www.pbagora.com.br\/storage\/2025\/04\/bea12cc1041191c637d11a4a5d750f09-e1744989175763-1024x630-1-768x473.jpeg 768w, https:\/\/www.pbagora.com.br\/storage\/2025\/04\/bea12cc1041191c637d11a4a5d750f09-e1744989175763-1024x630-1-380x234.jpeg 380w, https:\/\/www.pbagora.com.br\/storage\/2025\/04\/bea12cc1041191c637d11a4a5d750f09-e1744989175763-1024x630-1-800x492.jpeg 800w, https:\/\/www.pbagora.com.br\/storage\/2025\/04\/bea12cc1041191c637d11a4a5d750f09-e1744989175763-1024x630-1-80x50.jpeg 80w, https:\/\/www.pbagora.com.br\/storage\/2025\/04\/bea12cc1041191c637d11a4a5d750f09-e1744989175763-1024x630-1-760x468.jpeg 760w, https:\/\/www.pbagora.com.br\/storage\/2025\/04\/bea12cc1041191c637d11a4a5d750f09-e1744989175763-1024x630-1-600x369.jpeg 600w\" sizes=\"auto, (max-width: 1024px) 100vw, 1024px\"><\/p>\n<p>Um idoso de 84 anos, identificado como Ant\u00f4nio Moreira Sobrinho, morreu afogado na manh\u00e3 desta sexta-feira (18) em\u2026<\/p>\n","protected":false},"author":123457,"featured_media":0,"comment_status":"closed","ping_status":"closed","sticky":false,"template":"","format":"standard","meta":{"advgb_blocks_editor_width":"","advgb_blocks_columns_visual_guide":"","footnotes":""},"categories":[34],"tags":[10840,35,10839],"class_list":["post-56537","post","type-post","status-publish","format-standard","hentry","category-g1","tag-destaque-centro-03","tag-g1","tag-policial"],"author_meta":{"display_name":"Reda\u00e7\u00e3o","author_link":"https:\/\/sindaopcpb.org.br\/author\/redacao\/"},"featured_img":null,"coauthors":[],"tax_additional":{"categories":{"linked":["<a href=\"https:\/\/sindaopcpb.org.br\/g1\/\" class=\"advgb-post-tax-term\">G1<\/a>"],"unlinked":["<span class=\"advgb-post-tax-term\">G1<\/span>"]},"tags":{"linked":["<a href=\"https:\/\/sindaopcpb.org.br\/g1\/\" class=\"advgb-post-tax-term\">Destaque Centro 03<\/a>","<a href=\"https:\/\/sindaopcpb.org.br\/g1\/\" class=\"advgb-post-tax-term\">g1<\/a>","<a href=\"https:\/\/sindaopcpb.org.br\/g1\/\" class=\"advgb-post-tax-term\">Policial<\/a>"],"unlinked":["<span class=\"advgb-post-tax-term\">Destaque Centro 03<\/span>","<span class=\"advgb-post-tax-term\">g1<\/span>","<span class=\"advgb-post-tax-term\">Policial<\/span>"]}},"comment_count":"0","relative_dates":{"created":"Publicado 1 ano atr\u00e1s","modified":"Atualizado 1 ano atr\u00e1s"},"absolute_dates":{"created":"Publicado em 18 de abril de 2025","modified":"Atualizado em 18 de abril de 2025"},"absolute_dates_time":{"created":"Publicado em 18 de abril de 2025 18:00","modified":"Atualizado em 18 de abril de 2025 18:00"},"featured_img_caption":"","series_order":"","_links":{"self":[{"href":"https:\/\/sindaopcpb.org.br\/index.php\/wp-json\/wp\/v2\/posts\/56537","targetHints":{"allow":["GET"]}}],"collection":[{"href":"https:\/\/sindaopcpb.org.br\/index.php\/wp-json\/wp\/v2\/posts"}],"about":[{"href":"https:\/\/sindaopcpb.org.br\/index.php\/wp-json\/wp\/v2\/types\/post"}],"author":[{"embeddable":true,"href":"https:\/\/sindaopcpb.org.br\/index.php\/wp-json\/wp\/v2\/users\/123457"}],"replies":[{"embeddable":true,"href":"https:\/\/sindaopcpb.org.br\/index.php\/wp-json\/wp\/v2\/comments?post=56537"}],"version-history":[{"count":2,"href":"https:\/\/sindaopcpb.org.br\/index.php\/wp-json\/wp\/v2\/posts\/56537\/revisions"}],"predecessor-version":[{"id":56545,"href":"https:\/\/sindaopcpb.org.br\/index.php\/wp-json\/wp\/v2\/posts\/56537\/revisions\/56545"}],"wp:attachment":[{"href":"https:\/\/sindaopcpb.org.br\/index.php\/wp-json\/wp\/v2\/media?parent=56537"}],"wp:term":[{"taxonomy":"category","embeddable":true,"href":"https:\/\/sindaopcpb.org.br\/index.php\/wp-json\/wp\/v2\/categories?post=56537"},{"taxonomy":"post_tag","embeddable":true,"href":"https:\/\/sindaopcpb.org.br\/index.php\/wp-json\/wp\/v2\/tags?post=56537"}],"curies":[{"name":"wp","href":"https:\/\/api.w.org\/{rel}","templated":true}]}}