{"id":56483,"date":"2025-04-16T13:50:43","date_gmt":"2025-04-16T16:50:43","guid":{"rendered":"https:\/\/www.pbagora.com.br\/?p=896018"},"modified":"2025-04-16T16:00:43","modified_gmt":"2025-04-16T19:00:43","slug":"empresaria-de-25-anos-morre-apos-se-envolver-em-acidente-na-br-230-no-sertao","status":"publish","type":"post","link":"https:\/\/sindaopcpb.org.br\/index.php\/2025\/04\/16\/empresaria-de-25-anos-morre-apos-se-envolver-em-acidente-na-br-230-no-sertao\/","title":{"rendered":"Empres\u00e1ria de 25 anos morre ap\u00f3s se envolver em acidente na BR-230 no Sert\u00e3o"},"content":{"rendered":"<p><img width=\"1024\" height=\"576\" src=\"https:\/\/www.pbagora.com.br\/storage\/2025\/04\/WhatsApp-Image-2025-04-16-at-12.25.44-1024x576.jpeg\" class=\"attachment-large size-large wp-post-image\" alt=\"\" style=\"margin-bottom: 20px;\" decoding=\"async\" srcset=\"https:\/\/www.pbagora.com.br\/storage\/2025\/04\/WhatsApp-Image-2025-04-16-at-12.25.44-1024x576.jpeg 1024w, https:\/\/www.pbagora.com.br\/storage\/2025\/04\/WhatsApp-Image-2025-04-16-at-12.25.44-300x169.jpeg 300w, https:\/\/www.pbagora.com.br\/storage\/2025\/04\/WhatsApp-Image-2025-04-16-at-12.25.44-150x84.jpeg 150w, https:\/\/www.pbagora.com.br\/storage\/2025\/04\/WhatsApp-Image-2025-04-16-at-12.25.44-768x432.jpeg 768w, https:\/\/www.pbagora.com.br\/storage\/2025\/04\/WhatsApp-Image-2025-04-16-at-12.25.44-1536x864.jpeg 1536w, https:\/\/www.pbagora.com.br\/storage\/2025\/04\/WhatsApp-Image-2025-04-16-at-12.25.44-380x214.jpeg 380w, https:\/\/www.pbagora.com.br\/storage\/2025\/04\/WhatsApp-Image-2025-04-16-at-12.25.44-800x450.jpeg 800w, https:\/\/www.pbagora.com.br\/storage\/2025\/04\/WhatsApp-Image-2025-04-16-at-12.25.44-1160x653.jpeg 1160w, https:\/\/www.pbagora.com.br\/storage\/2025\/04\/WhatsApp-Image-2025-04-16-at-12.25.44-80x46.jpeg 80w, https:\/\/www.pbagora.com.br\/storage\/2025\/04\/WhatsApp-Image-2025-04-16-at-12.25.44-760x428.jpeg 760w, https:\/\/www.pbagora.com.br\/storage\/2025\/04\/WhatsApp-Image-2025-04-16-at-12.25.44-600x338.jpeg 600w, https:\/\/www.pbagora.com.br\/storage\/2025\/04\/WhatsApp-Image-2025-04-16-at-12.25.44.jpeg 1600w\" sizes=\"(max-width: 1024px) 100vw, 1024px\" \/><\/p>\n<p>Um grave acidente registrado na manh\u00e3 desta quarta-feira (16), tirou a vida de uma jovem empres\u00e1ria de 25 anos, no trecho da BR-230 que liga os munic\u00edpios de Malta e Condado, no Sert\u00e3o da Para\u00edba.<\/p>\n\n\n\n<p>De acordo com informa\u00e7\u00f5es da Pol\u00edcia Rodovi\u00e1ria Federal, o fato ocorreu por volta das 9h40, no km 372 da rodovia, no sentido S\u00e3o Bentinho. O ve\u00edculo conduzido pela empres\u00e1ria colidiu com um caminh\u00e3o e provocou a interdi\u00e7\u00e3o da pista nos dois sentidos.<\/p>\n\n\n\n<p>A jovem foi socorrida em estado grave por equipes de resgate, mas n\u00e3o resistiu aos ferimentos e morreu logo ap\u00f3s o atendimento. A morte causou grande como\u00e7\u00e3o nas redes sociais. A v\u00edtima, identificada como Joyce da Rocha Cavalcante, era conhecida na cidade de Patos por atuar no ramo de assess\u00f3rios para celulares.<\/p>\n\n\n\n<p><strong><em>PB Agora<\/em><\/strong><\/p>\n","protected":false},"excerpt":{"rendered":"<p><img loading=\"lazy\" decoding=\"async\" width=\"1024\" height=\"576\" src=\"https:\/\/www.pbagora.com.br\/storage\/2025\/04\/WhatsApp-Image-2025-04-16-at-12.25.44-1024x576.jpeg\" class=\"attachment-large size-large wp-post-image\" alt=\"\" srcset=\"https:\/\/www.pbagora.com.br\/storage\/2025\/04\/WhatsApp-Image-2025-04-16-at-12.25.44-1024x576.jpeg 1024w, https:\/\/www.pbagora.com.br\/storage\/2025\/04\/WhatsApp-Image-2025-04-16-at-12.25.44-300x169.jpeg 300w, https:\/\/www.pbagora.com.br\/storage\/2025\/04\/WhatsApp-Image-2025-04-16-at-12.25.44-150x84.jpeg 150w, https:\/\/www.pbagora.com.br\/storage\/2025\/04\/WhatsApp-Image-2025-04-16-at-12.25.44-768x432.jpeg 768w, https:\/\/www.pbagora.com.br\/storage\/2025\/04\/WhatsApp-Image-2025-04-16-at-12.25.44-1536x864.jpeg 1536w, https:\/\/www.pbagora.com.br\/storage\/2025\/04\/WhatsApp-Image-2025-04-16-at-12.25.44-380x214.jpeg 380w, https:\/\/www.pbagora.com.br\/storage\/2025\/04\/WhatsApp-Image-2025-04-16-at-12.25.44-800x450.jpeg 800w, https:\/\/www.pbagora.com.br\/storage\/2025\/04\/WhatsApp-Image-2025-04-16-at-12.25.44-1160x653.jpeg 1160w, https:\/\/www.pbagora.com.br\/storage\/2025\/04\/WhatsApp-Image-2025-04-16-at-12.25.44-80x46.jpeg 80w, https:\/\/www.pbagora.com.br\/storage\/2025\/04\/WhatsApp-Image-2025-04-16-at-12.25.44-760x428.jpeg 760w, https:\/\/www.pbagora.com.br\/storage\/2025\/04\/WhatsApp-Image-2025-04-16-at-12.25.44-600x338.jpeg 600w, https:\/\/www.pbagora.com.br\/storage\/2025\/04\/WhatsApp-Image-2025-04-16-at-12.25.44.jpeg 1600w\" sizes=\"auto, (max-width: 1024px) 100vw, 1024px\"><\/p>\n<p>Um grave acidente registrado na manh\u00e3 desta quarta-feira (16), tirou a vida de uma jovem empres\u00e1ria de 25\u2026<\/p>\n","protected":false},"author":123457,"featured_media":0,"comment_status":"closed","ping_status":"closed","sticky":false,"template":"","format":"standard","meta":{"advgb_blocks_editor_width":"","advgb_blocks_columns_visual_guide":"","footnotes":""},"categories":[34],"tags":[35,10839,10847],"class_list":["post-56483","post","type-post","status-publish","format-standard","hentry","category-g1","tag-g1","tag-policial","tag-rodape-03"],"author_meta":{"display_name":"Reda\u00e7\u00e3o","author_link":"https:\/\/sindaopcpb.org.br\/author\/redacao\/"},"featured_img":null,"coauthors":[],"tax_additional":{"categories":{"linked":["<a href=\"https:\/\/sindaopcpb.org.br\/g1\/\" class=\"advgb-post-tax-term\">G1<\/a>"],"unlinked":["<span class=\"advgb-post-tax-term\">G1<\/span>"]},"tags":{"linked":["<a href=\"https:\/\/sindaopcpb.org.br\/g1\/\" class=\"advgb-post-tax-term\">g1<\/a>","<a href=\"https:\/\/sindaopcpb.org.br\/g1\/\" class=\"advgb-post-tax-term\">Policial<\/a>","<a href=\"https:\/\/sindaopcpb.org.br\/g1\/\" class=\"advgb-post-tax-term\">Rodape 03<\/a>"],"unlinked":["<span class=\"advgb-post-tax-term\">g1<\/span>","<span class=\"advgb-post-tax-term\">Policial<\/span>","<span class=\"advgb-post-tax-term\">Rodape 03<\/span>"]}},"comment_count":"0","relative_dates":{"created":"Publicado 1 ano atr\u00e1s","modified":"Atualizado 1 ano atr\u00e1s"},"absolute_dates":{"created":"Publicado em 16 de abril de 2025","modified":"Atualizado em 16 de abril de 2025"},"absolute_dates_time":{"created":"Publicado em 16 de abril de 2025 13:50","modified":"Atualizado em 16 de abril de 2025 16:00"},"featured_img_caption":"","series_order":"","_links":{"self":[{"href":"https:\/\/sindaopcpb.org.br\/index.php\/wp-json\/wp\/v2\/posts\/56483","targetHints":{"allow":["GET"]}}],"collection":[{"href":"https:\/\/sindaopcpb.org.br\/index.php\/wp-json\/wp\/v2\/posts"}],"about":[{"href":"https:\/\/sindaopcpb.org.br\/index.php\/wp-json\/wp\/v2\/types\/post"}],"author":[{"embeddable":true,"href":"https:\/\/sindaopcpb.org.br\/index.php\/wp-json\/wp\/v2\/users\/123457"}],"replies":[{"embeddable":true,"href":"https:\/\/sindaopcpb.org.br\/index.php\/wp-json\/wp\/v2\/comments?post=56483"}],"version-history":[{"count":2,"href":"https:\/\/sindaopcpb.org.br\/index.php\/wp-json\/wp\/v2\/posts\/56483\/revisions"}],"predecessor-version":[{"id":56485,"href":"https:\/\/sindaopcpb.org.br\/index.php\/wp-json\/wp\/v2\/posts\/56483\/revisions\/56485"}],"wp:attachment":[{"href":"https:\/\/sindaopcpb.org.br\/index.php\/wp-json\/wp\/v2\/media?parent=56483"}],"wp:term":[{"taxonomy":"category","embeddable":true,"href":"https:\/\/sindaopcpb.org.br\/index.php\/wp-json\/wp\/v2\/categories?post=56483"},{"taxonomy":"post_tag","embeddable":true,"href":"https:\/\/sindaopcpb.org.br\/index.php\/wp-json\/wp\/v2\/tags?post=56483"}],"curies":[{"name":"wp","href":"https:\/\/api.w.org\/{rel}","templated":true}]}}