{"id":56480,"date":"2025-04-16T14:00:29","date_gmt":"2025-04-16T17:00:29","guid":{"rendered":"https:\/\/www.pbagora.com.br\/?p=895984"},"modified":"2025-04-16T14:00:29","modified_gmt":"2025-04-16T17:00:29","slug":"mulher-e-presa-acusada-de-envolvimento-na-morte-de-jovem-na-cidade-de-patos","status":"publish","type":"post","link":"https:\/\/sindaopcpb.org.br\/index.php\/2025\/04\/16\/mulher-e-presa-acusada-de-envolvimento-na-morte-de-jovem-na-cidade-de-patos\/","title":{"rendered":"Mulher \u00e9 presa acusada de envolvimento na morte de jovem na cidade de Patos"},"content":{"rendered":"<p><img width=\"508\" height=\"484\" src=\"https:\/\/www.pbagora.com.br\/storage\/2025\/04\/Prisao-Patos-1.jpg\" class=\"attachment-large size-large wp-post-image\" alt=\"\" style=\"margin-bottom: 20px;\" decoding=\"async\" loading=\"lazy\" srcset=\"https:\/\/www.pbagora.com.br\/storage\/2025\/04\/Prisao-Patos-1.jpg 508w, https:\/\/www.pbagora.com.br\/storage\/2025\/04\/Prisao-Patos-1-300x286.jpg 300w, https:\/\/www.pbagora.com.br\/storage\/2025\/04\/Prisao-Patos-1-150x143.jpg 150w, https:\/\/www.pbagora.com.br\/storage\/2025\/04\/Prisao-Patos-1-380x362.jpg 380w, https:\/\/www.pbagora.com.br\/storage\/2025\/04\/Prisao-Patos-1-80x76.jpg 80w\" sizes=\"auto, (max-width: 508px) 100vw, 508px\" \/><\/p>\n<p>Uma mulher foi preso nesta quarta-feira (16), acusada de envolvimento na morte de um jovem de 17 anos na cidade de Patos, no Sert\u00e3o paraibano. A pris\u00e3o foi realizado pela equipe da Delegacia de Homic\u00eddios e Entorpecentes &#8211; DHE, em cumprimento ao mandado de pris\u00e3o tempor\u00e1ria, expedido pela vara do Tribunal do J\u00fari da Comarca de Patos, em desfavor de C.S.N.V.<\/p>\n\n\n\n<p>De acordo com a pol\u00edcia, a jovem teria participado do homic\u00eddio de Fl\u00e1vio Jonatan Gomes de Lima, no dia 24 de dezembro de 2024. Fl\u00e1vio foi sequestrado e o seu corpo foi encontrado dois dias depois \u00e0s margem da BR 230, no sentido Patos \/ Santa Gertrudes.<br><\/p>\n\n\n\n<p>A DHE refor\u00e7a que o apoio da sociedade, atrav\u00e9s do disque Den\u00fancia 197, tem sido parte fundamental no aux\u00edlio as for\u00e7as de seguran\u00e7as.<\/p>\n\n\n\n<p><strong><em>Ascom Pol\u00edcia Civil<\/em><\/strong><br><\/p>\n\n\n\n<p><\/p>\n","protected":false},"excerpt":{"rendered":"<p><img decoding=\"async\" width=\"508\" height=\"484\" src=\"https:\/\/www.pbagora.com.br\/storage\/2025\/04\/Prisao-Patos-1.jpg\" class=\"attachment-large size-large wp-post-image\" alt=\"\" loading=\"lazy\" srcset=\"https:\/\/www.pbagora.com.br\/storage\/2025\/04\/Prisao-Patos-1.jpg 508w, https:\/\/www.pbagora.com.br\/storage\/2025\/04\/Prisao-Patos-1-300x286.jpg 300w, https:\/\/www.pbagora.com.br\/storage\/2025\/04\/Prisao-Patos-1-150x143.jpg 150w, https:\/\/www.pbagora.com.br\/storage\/2025\/04\/Prisao-Patos-1-380x362.jpg 380w, https:\/\/www.pbagora.com.br\/storage\/2025\/04\/Prisao-Patos-1-80x76.jpg 80w\" sizes=\"auto, (max-width: 508px) 100vw, 508px\"><\/p>\n<p>Uma mulher foi preso nesta quarta-feira (16), acusada de envolvimento na morte de um jovem de 17 anos\u2026<\/p>\n","protected":false},"author":123457,"featured_media":0,"comment_status":"closed","ping_status":"closed","sticky":false,"template":"","format":"standard","meta":{"advgb_blocks_editor_width":"","advgb_blocks_columns_visual_guide":"","footnotes":""},"categories":[34],"tags":[10841,35,10839],"class_list":["post-56480","post","type-post","status-publish","format-standard","hentry","category-g1","tag-destaque-centro-02","tag-g1","tag-policial"],"author_meta":{"display_name":"Reda\u00e7\u00e3o","author_link":"https:\/\/sindaopcpb.org.br\/author\/redacao\/"},"featured_img":null,"coauthors":[],"tax_additional":{"categories":{"linked":["<a href=\"https:\/\/sindaopcpb.org.br\/g1\/\" class=\"advgb-post-tax-term\">G1<\/a>"],"unlinked":["<span class=\"advgb-post-tax-term\">G1<\/span>"]},"tags":{"linked":["<a href=\"https:\/\/sindaopcpb.org.br\/g1\/\" class=\"advgb-post-tax-term\">Destaque Centro 02<\/a>","<a href=\"https:\/\/sindaopcpb.org.br\/g1\/\" class=\"advgb-post-tax-term\">g1<\/a>","<a href=\"https:\/\/sindaopcpb.org.br\/g1\/\" class=\"advgb-post-tax-term\">Policial<\/a>"],"unlinked":["<span class=\"advgb-post-tax-term\">Destaque Centro 02<\/span>","<span class=\"advgb-post-tax-term\">g1<\/span>","<span class=\"advgb-post-tax-term\">Policial<\/span>"]}},"comment_count":"0","relative_dates":{"created":"Publicado 1 ano atr\u00e1s","modified":"Atualizado 1 ano atr\u00e1s"},"absolute_dates":{"created":"Publicado em 16 de abril de 2025","modified":"Atualizado em 16 de abril de 2025"},"absolute_dates_time":{"created":"Publicado em 16 de abril de 2025 14:00","modified":"Atualizado em 16 de abril de 2025 14:00"},"featured_img_caption":"","series_order":"","_links":{"self":[{"href":"https:\/\/sindaopcpb.org.br\/index.php\/wp-json\/wp\/v2\/posts\/56480","targetHints":{"allow":["GET"]}}],"collection":[{"href":"https:\/\/sindaopcpb.org.br\/index.php\/wp-json\/wp\/v2\/posts"}],"about":[{"href":"https:\/\/sindaopcpb.org.br\/index.php\/wp-json\/wp\/v2\/types\/post"}],"author":[{"embeddable":true,"href":"https:\/\/sindaopcpb.org.br\/index.php\/wp-json\/wp\/v2\/users\/123457"}],"replies":[{"embeddable":true,"href":"https:\/\/sindaopcpb.org.br\/index.php\/wp-json\/wp\/v2\/comments?post=56480"}],"version-history":[{"count":1,"href":"https:\/\/sindaopcpb.org.br\/index.php\/wp-json\/wp\/v2\/posts\/56480\/revisions"}],"predecessor-version":[{"id":56481,"href":"https:\/\/sindaopcpb.org.br\/index.php\/wp-json\/wp\/v2\/posts\/56480\/revisions\/56481"}],"wp:attachment":[{"href":"https:\/\/sindaopcpb.org.br\/index.php\/wp-json\/wp\/v2\/media?parent=56480"}],"wp:term":[{"taxonomy":"category","embeddable":true,"href":"https:\/\/sindaopcpb.org.br\/index.php\/wp-json\/wp\/v2\/categories?post=56480"},{"taxonomy":"post_tag","embeddable":true,"href":"https:\/\/sindaopcpb.org.br\/index.php\/wp-json\/wp\/v2\/tags?post=56480"}],"curies":[{"name":"wp","href":"https:\/\/api.w.org\/{rel}","templated":true}]}}