{"id":56478,"date":"2025-04-16T14:11:11","date_gmt":"2025-04-16T17:11:11","guid":{"rendered":"https:\/\/www.pbagora.com.br\/?p=896010"},"modified":"2025-04-16T14:11:11","modified_gmt":"2025-04-16T17:11:11","slug":"seguranca-jogo-entre-botafogo-da-paraiba-e-flamengo-vai-contar-com-super-camera-no-almeidao","status":"publish","type":"post","link":"https:\/\/sindaopcpb.org.br\/index.php\/2025\/04\/16\/seguranca-jogo-entre-botafogo-da-paraiba-e-flamengo-vai-contar-com-super-camera-no-almeidao\/","title":{"rendered":"Seguran\u00e7a: jogo entre Botafogo da Para\u00edba e Flamengo vai contar com \u2018super c\u00e2mera\u2019 no Almeid\u00e3o"},"content":{"rendered":"<p><img width=\"1024\" height=\"682\" src=\"https:\/\/www.pbagora.com.br\/storage\/2025\/04\/unnamed-49-1024x682.jpg\" class=\"attachment-large size-large wp-post-image\" alt=\"\" style=\"margin-bottom: 20px;\" decoding=\"async\" loading=\"lazy\" srcset=\"https:\/\/www.pbagora.com.br\/storage\/2025\/04\/unnamed-49-1024x682.jpg 1024w, https:\/\/www.pbagora.com.br\/storage\/2025\/04\/unnamed-49-300x200.jpg 300w, https:\/\/www.pbagora.com.br\/storage\/2025\/04\/unnamed-49-150x100.jpg 150w, https:\/\/www.pbagora.com.br\/storage\/2025\/04\/unnamed-49-768x512.jpg 768w, https:\/\/www.pbagora.com.br\/storage\/2025\/04\/unnamed-49-1536x1023.jpg 1536w, https:\/\/www.pbagora.com.br\/storage\/2025\/04\/unnamed-49-380x253.jpg 380w, https:\/\/www.pbagora.com.br\/storage\/2025\/04\/unnamed-49-800x533.jpg 800w, https:\/\/www.pbagora.com.br\/storage\/2025\/04\/unnamed-49-1160x773.jpg 1160w, https:\/\/www.pbagora.com.br\/storage\/2025\/04\/unnamed-49-80x53.jpg 80w, https:\/\/www.pbagora.com.br\/storage\/2025\/04\/unnamed-49-760x506.jpg 760w, https:\/\/www.pbagora.com.br\/storage\/2025\/04\/unnamed-49-600x400.jpg 600w, https:\/\/www.pbagora.com.br\/storage\/2025\/04\/unnamed-49.jpg 1600w\" sizes=\"auto, (max-width: 1024px) 100vw, 1024px\" \/><\/p>\n<p>A partida entre o Botafogo da Para\u00edba e o Flamengo do Rio de Janeiro, dentro da 3\u00aa fase da Copa do Brasil, prevista para acontecer no dia 30 de abril no Est\u00e1dio Almeid\u00e3o, em Jo\u00e3o Pessoa, ter\u00e1 uma c\u00e2mera de alta defini\u00e7\u00e3o \u2013 a chamada \u2018super c\u00e2mera\u2019, que vai auxiliar n\u00e3o s\u00f3 na visualiza\u00e7\u00e3o dos torcedores, mas tamb\u00e9m identificar casos de viol\u00eancia dentro e fora do Est\u00e1dio. A medida foi confirmada, na segunda-feira (14), durante a primeira reuni\u00e3o de alinhamento sobre o evento, com representantes das For\u00e7as de Seguran\u00e7a, secretaria Estadual de Esporte e do Botafogo da Para\u00edba.<\/p>\n\n\n\n<p>O monitoramento em tempo real ser\u00e1 controlado pelo Centro Integrado de Comando e Controle de Jo\u00e3o Pessoa (CICC), que vai poder acionar as guarni\u00e7\u00f5es no local, reduzindo o tempo de reposta se for necess\u00e1rio conter algum ato delituoso.<\/p>\n\n\n\n<p>Al\u00e9m da tecnologia, tamb\u00e9m v\u00e3o estar presentes no Almeid\u00e3o policiais militares, civis, bombeiros militares e a equipe do Grupamento T\u00e1tico A\u00e9reo (GTA), para trazer tranquilidade a quem vai prestigiar a partida e evitar eventuais atritos entre as torcidas. Dentro do alinhamento, tamb\u00e9m foi discutida a abertura dos port\u00f5es na sa\u00edda do Est\u00e1dio, j\u00e1 que a expectativa \u00e9 de casa cheia, superando os 18 mil espectadores.<\/p>\n\n\n\n<p>Outras reuni\u00f5es devem ser realizadas pelo grupo respons\u00e1vel pelo planejamento da Seguran\u00e7a na disputa entre o Belo e o Flamengo, at\u00e9 a data da partida e planejamento elaborado pela Secretaria da Seguran\u00e7a ser\u00e1 aplicado nos demais jogos realizados no est\u00e1dio.<\/p>\n\n\n\n<p><strong><em>PB Agora<\/em><\/strong><\/p>\n","protected":false},"excerpt":{"rendered":"<p><img decoding=\"async\" width=\"1024\" height=\"682\" src=\"https:\/\/www.pbagora.com.br\/storage\/2025\/04\/unnamed-49-1024x682.jpg\" class=\"attachment-large size-large wp-post-image\" alt=\"\" loading=\"lazy\" srcset=\"https:\/\/www.pbagora.com.br\/storage\/2025\/04\/unnamed-49-1024x682.jpg 1024w, https:\/\/www.pbagora.com.br\/storage\/2025\/04\/unnamed-49-300x200.jpg 300w, https:\/\/www.pbagora.com.br\/storage\/2025\/04\/unnamed-49-150x100.jpg 150w, https:\/\/www.pbagora.com.br\/storage\/2025\/04\/unnamed-49-768x512.jpg 768w, https:\/\/www.pbagora.com.br\/storage\/2025\/04\/unnamed-49-1536x1023.jpg 1536w, https:\/\/www.pbagora.com.br\/storage\/2025\/04\/unnamed-49-380x253.jpg 380w, https:\/\/www.pbagora.com.br\/storage\/2025\/04\/unnamed-49-800x533.jpg 800w, https:\/\/www.pbagora.com.br\/storage\/2025\/04\/unnamed-49-1160x773.jpg 1160w, https:\/\/www.pbagora.com.br\/storage\/2025\/04\/unnamed-49-80x53.jpg 80w, https:\/\/www.pbagora.com.br\/storage\/2025\/04\/unnamed-49-760x506.jpg 760w, https:\/\/www.pbagora.com.br\/storage\/2025\/04\/unnamed-49-600x400.jpg 600w, https:\/\/www.pbagora.com.br\/storage\/2025\/04\/unnamed-49.jpg 1600w\" sizes=\"auto, (max-width: 1024px) 100vw, 1024px\"><\/p>\n<p>A partida entre o Botafogo da Para\u00edba e o Flamengo do Rio de Janeiro, dentro da 3\u00aa fase\u2026<\/p>\n","protected":false},"author":123457,"featured_media":0,"comment_status":"closed","ping_status":"closed","sticky":false,"template":"","format":"standard","meta":{"advgb_blocks_editor_width":"","advgb_blocks_columns_visual_guide":"","footnotes":""},"categories":[34],"tags":[10841,35,10839],"class_list":["post-56478","post","type-post","status-publish","format-standard","hentry","category-g1","tag-destaque-centro-02","tag-g1","tag-policial"],"author_meta":{"display_name":"Reda\u00e7\u00e3o","author_link":"https:\/\/sindaopcpb.org.br\/author\/redacao\/"},"featured_img":null,"coauthors":[],"tax_additional":{"categories":{"linked":["<a href=\"https:\/\/sindaopcpb.org.br\/g1\/\" class=\"advgb-post-tax-term\">G1<\/a>"],"unlinked":["<span class=\"advgb-post-tax-term\">G1<\/span>"]},"tags":{"linked":["<a href=\"https:\/\/sindaopcpb.org.br\/g1\/\" class=\"advgb-post-tax-term\">Destaque Centro 02<\/a>","<a href=\"https:\/\/sindaopcpb.org.br\/g1\/\" class=\"advgb-post-tax-term\">g1<\/a>","<a href=\"https:\/\/sindaopcpb.org.br\/g1\/\" class=\"advgb-post-tax-term\">Policial<\/a>"],"unlinked":["<span class=\"advgb-post-tax-term\">Destaque Centro 02<\/span>","<span class=\"advgb-post-tax-term\">g1<\/span>","<span class=\"advgb-post-tax-term\">Policial<\/span>"]}},"comment_count":"0","relative_dates":{"created":"Publicado 1 ano atr\u00e1s","modified":"Atualizado 1 ano atr\u00e1s"},"absolute_dates":{"created":"Publicado em 16 de abril de 2025","modified":"Atualizado em 16 de abril de 2025"},"absolute_dates_time":{"created":"Publicado em 16 de abril de 2025 14:11","modified":"Atualizado em 16 de abril de 2025 14:11"},"featured_img_caption":"","series_order":"","_links":{"self":[{"href":"https:\/\/sindaopcpb.org.br\/index.php\/wp-json\/wp\/v2\/posts\/56478","targetHints":{"allow":["GET"]}}],"collection":[{"href":"https:\/\/sindaopcpb.org.br\/index.php\/wp-json\/wp\/v2\/posts"}],"about":[{"href":"https:\/\/sindaopcpb.org.br\/index.php\/wp-json\/wp\/v2\/types\/post"}],"author":[{"embeddable":true,"href":"https:\/\/sindaopcpb.org.br\/index.php\/wp-json\/wp\/v2\/users\/123457"}],"replies":[{"embeddable":true,"href":"https:\/\/sindaopcpb.org.br\/index.php\/wp-json\/wp\/v2\/comments?post=56478"}],"version-history":[{"count":1,"href":"https:\/\/sindaopcpb.org.br\/index.php\/wp-json\/wp\/v2\/posts\/56478\/revisions"}],"predecessor-version":[{"id":56479,"href":"https:\/\/sindaopcpb.org.br\/index.php\/wp-json\/wp\/v2\/posts\/56478\/revisions\/56479"}],"wp:attachment":[{"href":"https:\/\/sindaopcpb.org.br\/index.php\/wp-json\/wp\/v2\/media?parent=56478"}],"wp:term":[{"taxonomy":"category","embeddable":true,"href":"https:\/\/sindaopcpb.org.br\/index.php\/wp-json\/wp\/v2\/categories?post=56478"},{"taxonomy":"post_tag","embeddable":true,"href":"https:\/\/sindaopcpb.org.br\/index.php\/wp-json\/wp\/v2\/tags?post=56478"}],"curies":[{"name":"wp","href":"https:\/\/api.w.org\/{rel}","templated":true}]}}