{"id":56473,"date":"2025-04-16T12:20:37","date_gmt":"2025-04-16T15:20:37","guid":{"rendered":"https:\/\/www.pbagora.com.br\/?p=895967"},"modified":"2025-04-16T14:11:37","modified_gmt":"2025-04-16T17:11:37","slug":"prf-captura-dois-foragidos-da-justica-e-retira-veiculos-adulterados-de-circulacao-na-pb","status":"publish","type":"post","link":"https:\/\/sindaopcpb.org.br\/index.php\/2025\/04\/16\/prf-captura-dois-foragidos-da-justica-e-retira-veiculos-adulterados-de-circulacao-na-pb\/","title":{"rendered":"PRF captura dois foragidos da justi\u00e7a e retira ve\u00edculos adulterados de circula\u00e7\u00e3o na PB"},"content":{"rendered":"<p><img width=\"977\" height=\"662\" src=\"https:\/\/www.pbagora.com.br\/storage\/2025\/04\/WhatsApp-Image-2025-04-16-at-10.53.25.jpeg\" class=\"attachment-large size-large wp-post-image\" alt=\"\" style=\"margin-bottom: 20px;\" decoding=\"async\" loading=\"lazy\" srcset=\"https:\/\/www.pbagora.com.br\/storage\/2025\/04\/WhatsApp-Image-2025-04-16-at-10.53.25.jpeg 977w, https:\/\/www.pbagora.com.br\/storage\/2025\/04\/WhatsApp-Image-2025-04-16-at-10.53.25-300x203.jpeg 300w, https:\/\/www.pbagora.com.br\/storage\/2025\/04\/WhatsApp-Image-2025-04-16-at-10.53.25-150x102.jpeg 150w, https:\/\/www.pbagora.com.br\/storage\/2025\/04\/WhatsApp-Image-2025-04-16-at-10.53.25-768x520.jpeg 768w, https:\/\/www.pbagora.com.br\/storage\/2025\/04\/WhatsApp-Image-2025-04-16-at-10.53.25-380x257.jpeg 380w, https:\/\/www.pbagora.com.br\/storage\/2025\/04\/WhatsApp-Image-2025-04-16-at-10.53.25-800x542.jpeg 800w, https:\/\/www.pbagora.com.br\/storage\/2025\/04\/WhatsApp-Image-2025-04-16-at-10.53.25-80x54.jpeg 80w, https:\/\/www.pbagora.com.br\/storage\/2025\/04\/WhatsApp-Image-2025-04-16-at-10.53.25-760x515.jpeg 760w, https:\/\/www.pbagora.com.br\/storage\/2025\/04\/WhatsApp-Image-2025-04-16-at-10.53.25-600x407.jpeg 600w\" sizes=\"auto, (max-width: 977px) 100vw, 977px\" \/><\/p>\n<p><em>As ocorr\u00eancias distintas se deram nos munic\u00edpios de Cabedelo, Alhandra e Queimadas<\/em><\/p>\n\n\n\n<p>Para\u00edba (PB), 16\/04\/2025 &#8211; A Pol\u00edcia Rodovi\u00e1ria Federal (PRF) na Para\u00edba realizou, em menos de seis horas de atua\u00e7\u00e3o, por meio de fiscaliza\u00e7\u00f5es empregadas na \u00faltima ter\u00e7a-feira (15), do litoral ao agreste paraibano, a apreens\u00e3o de um autom\u00f3vel modelo Volvo XC60 que circulava adulterado e a de um Jeep Renegade com registro de furto. Em ocorr\u00eancias distintas, dois indiv\u00edduos com mandado de pris\u00e3o por pens\u00e3o aliment\u00edcia foram encaminhados \u00e0 Delegacia de Pol\u00edcia.<\/p>\n\n\n\n<p>Em Cabedelo (PB), por volta das 10h10, no quil\u00f4metro tr\u00eas da BR-230, policiais abordaram um ve\u00edculo Volvo XC60. Durante a fiscaliza\u00e7\u00e3o, constatou-se que as placas aparentes divergiam da identifica\u00e7\u00e3o veicular, revelando sinais de adultera\u00e7\u00e3o. O condutor, um homem de 51 anos, confessou ter substitu\u00eddo as placas devido a restri\u00e7\u00f5es judiciais e d\u00e9bitos do autom\u00f3vel, adquirido por valor inferior ao de mercado. Diante dos fatos, o ve\u00edculo e o envolvido foram encaminhados \u00e0 Delegacia de Pol\u00edcia Judici\u00e1ria, onde poder\u00e1 responder criminalmente por adultera\u00e7\u00e3o de sinal identificador.<\/p>\n\n\n\n<p>J\u00e1 em Alhandra (PB), cerca de 30 minutos ap\u00f3s a ocorr\u00eancia anterior, no km 107 da BR-101, uma equipe da PRF abordou um conjunto de ve\u00edculos, um cavalo trator VW\/19.320 tracionando um semirreboque. Durante a fiscaliza\u00e7\u00e3o, em consulta aos sistemas de seguran\u00e7a, foi constatado um mandado de pris\u00e3o em aberto por pens\u00e3o aliment\u00edcia em desfavor do condutor, um homem de 44 anos. Ap\u00f3s a confirma\u00e7\u00e3o da identidade, foi dada voz de pris\u00e3o ao indiv\u00edduo, que foi conduzido \u00e0 Delegacia de Pol\u00edcia Judici\u00e1ria, onde ficar\u00e1 \u00e0 disposi\u00e7\u00e3o para cumprimento da pena imposta.<\/p>\n\n\n\n<p>No munic\u00edpio de Queimadas (PB), por volta das 13h, no km 147 da BR-104, agentes da PRF, em a\u00e7\u00e3o conjunta com a Pol\u00edcia Militar, abordaram um ve\u00edculo Jeep Renegade. A fiscaliza\u00e7\u00e3o revelou ind\u00edcios de adultera\u00e7\u00e3o, levantando suspeitas. Ap\u00f3s averigua\u00e7\u00e3o detalhada dos elementos de identifica\u00e7\u00e3o, foram constatadas altera\u00e7\u00f5es nos seus elementos, divergindo das caracter\u00edsticas originais. A an\u00e1lise aprofundada identificou o ve\u00edculo original, com registro de furto ocorrido em mar\u00e7o de 2025 na capital paraibana, Jo\u00e3o Pessoa. O condutor, um homem de 34 anos, informou ter adquirido o ve\u00edculo recentemente sem realizar a devida transfer\u00eancia. Diante da constata\u00e7\u00e3o de recepta\u00e7\u00e3o de ve\u00edculo adulterado, o condutor foi encaminhado \u00e0 Delegacia de Pol\u00edcia para as medidas legais cab\u00edveis. Ele poder\u00e1 responder criminalmente por recepta\u00e7\u00e3o.<\/p>\n\n\n\n<p>A \u00faltima ocorr\u00eancia registrada se desenvolveu em Cabedelo, \u00e0s 15h16, no quil\u00f4metro nove da BR-230, quando policiais rodovi\u00e1rios federais abordaram um ve\u00edculo VW Polo Track. Durante a fiscaliza\u00e7\u00e3o e consulta aos sistemas, constatou-se que o condutor, um homem de 51 anos, possu\u00eda uma restri\u00e7\u00e3o judicial referente \u00e0 pens\u00e3o aliment\u00edcia. Diante da confirma\u00e7\u00e3o da pend\u00eancia, o indiv\u00edduo foi encaminhado \u00e0 Delegacia de Pol\u00edcia para as provid\u00eancias legais.<\/p>\n","protected":false},"excerpt":{"rendered":"<p><img loading=\"lazy\" decoding=\"async\" width=\"977\" height=\"662\" src=\"https:\/\/www.pbagora.com.br\/storage\/2025\/04\/WhatsApp-Image-2025-04-16-at-10.53.25.jpeg\" class=\"attachment-large size-large wp-post-image\" alt=\"\" srcset=\"https:\/\/www.pbagora.com.br\/storage\/2025\/04\/WhatsApp-Image-2025-04-16-at-10.53.25.jpeg 977w, https:\/\/www.pbagora.com.br\/storage\/2025\/04\/WhatsApp-Image-2025-04-16-at-10.53.25-300x203.jpeg 300w, https:\/\/www.pbagora.com.br\/storage\/2025\/04\/WhatsApp-Image-2025-04-16-at-10.53.25-150x102.jpeg 150w, https:\/\/www.pbagora.com.br\/storage\/2025\/04\/WhatsApp-Image-2025-04-16-at-10.53.25-768x520.jpeg 768w, https:\/\/www.pbagora.com.br\/storage\/2025\/04\/WhatsApp-Image-2025-04-16-at-10.53.25-380x257.jpeg 380w, https:\/\/www.pbagora.com.br\/storage\/2025\/04\/WhatsApp-Image-2025-04-16-at-10.53.25-800x542.jpeg 800w, https:\/\/www.pbagora.com.br\/storage\/2025\/04\/WhatsApp-Image-2025-04-16-at-10.53.25-80x54.jpeg 80w, https:\/\/www.pbagora.com.br\/storage\/2025\/04\/WhatsApp-Image-2025-04-16-at-10.53.25-760x515.jpeg 760w, https:\/\/www.pbagora.com.br\/storage\/2025\/04\/WhatsApp-Image-2025-04-16-at-10.53.25-600x407.jpeg 600w\" sizes=\"auto, (max-width: 977px) 100vw, 977px\"><\/p>\n<p>As ocorr\u00eancias distintas se deram nos munic\u00edpios de Cabedelo, Alhandra e Queimadas Para\u00edba (PB), 16\/04\/2025 \u2013 A Pol\u00edcia\u2026<\/p>\n","protected":false},"author":123457,"featured_media":0,"comment_status":"closed","ping_status":"closed","sticky":false,"template":"","format":"standard","meta":{"advgb_blocks_editor_width":"","advgb_blocks_columns_visual_guide":"","footnotes":""},"categories":[34],"tags":[35,10839,10848],"class_list":["post-56473","post","type-post","status-publish","format-standard","hentry","category-g1","tag-g1","tag-policial","tag-rodape-01"],"author_meta":{"display_name":"Reda\u00e7\u00e3o","author_link":"https:\/\/sindaopcpb.org.br\/author\/redacao\/"},"featured_img":null,"coauthors":[],"tax_additional":{"categories":{"linked":["<a href=\"https:\/\/sindaopcpb.org.br\/g1\/\" class=\"advgb-post-tax-term\">G1<\/a>"],"unlinked":["<span class=\"advgb-post-tax-term\">G1<\/span>"]},"tags":{"linked":["<a href=\"https:\/\/sindaopcpb.org.br\/g1\/\" class=\"advgb-post-tax-term\">g1<\/a>","<a href=\"https:\/\/sindaopcpb.org.br\/g1\/\" class=\"advgb-post-tax-term\">Policial<\/a>","<a href=\"https:\/\/sindaopcpb.org.br\/g1\/\" class=\"advgb-post-tax-term\">Rodape 01<\/a>"],"unlinked":["<span class=\"advgb-post-tax-term\">g1<\/span>","<span class=\"advgb-post-tax-term\">Policial<\/span>","<span class=\"advgb-post-tax-term\">Rodape 01<\/span>"]}},"comment_count":"0","relative_dates":{"created":"Publicado 1 ano atr\u00e1s","modified":"Atualizado 1 ano atr\u00e1s"},"absolute_dates":{"created":"Publicado em 16 de abril de 2025","modified":"Atualizado em 16 de abril de 2025"},"absolute_dates_time":{"created":"Publicado em 16 de abril de 2025 12:20","modified":"Atualizado em 16 de abril de 2025 14:11"},"featured_img_caption":"","series_order":"","_links":{"self":[{"href":"https:\/\/sindaopcpb.org.br\/index.php\/wp-json\/wp\/v2\/posts\/56473","targetHints":{"allow":["GET"]}}],"collection":[{"href":"https:\/\/sindaopcpb.org.br\/index.php\/wp-json\/wp\/v2\/posts"}],"about":[{"href":"https:\/\/sindaopcpb.org.br\/index.php\/wp-json\/wp\/v2\/types\/post"}],"author":[{"embeddable":true,"href":"https:\/\/sindaopcpb.org.br\/index.php\/wp-json\/wp\/v2\/users\/123457"}],"replies":[{"embeddable":true,"href":"https:\/\/sindaopcpb.org.br\/index.php\/wp-json\/wp\/v2\/comments?post=56473"}],"version-history":[{"count":2,"href":"https:\/\/sindaopcpb.org.br\/index.php\/wp-json\/wp\/v2\/posts\/56473\/revisions"}],"predecessor-version":[{"id":56477,"href":"https:\/\/sindaopcpb.org.br\/index.php\/wp-json\/wp\/v2\/posts\/56473\/revisions\/56477"}],"wp:attachment":[{"href":"https:\/\/sindaopcpb.org.br\/index.php\/wp-json\/wp\/v2\/media?parent=56473"}],"wp:term":[{"taxonomy":"category","embeddable":true,"href":"https:\/\/sindaopcpb.org.br\/index.php\/wp-json\/wp\/v2\/categories?post=56473"},{"taxonomy":"post_tag","embeddable":true,"href":"https:\/\/sindaopcpb.org.br\/index.php\/wp-json\/wp\/v2\/tags?post=56473"}],"curies":[{"name":"wp","href":"https:\/\/api.w.org\/{rel}","templated":true}]}}