{"id":56469,"date":"2025-04-16T10:40:42","date_gmt":"2025-04-16T13:40:42","guid":{"rendered":"https:\/\/www.pbagora.com.br\/?p=895954"},"modified":"2025-04-16T10:40:42","modified_gmt":"2025-04-16T13:40:42","slug":"prf-reforca-seguranca-e-combate-ao-crime-nas-brs-da-paraiba-durante-feriadao","status":"publish","type":"post","link":"https:\/\/sindaopcpb.org.br\/index.php\/2025\/04\/16\/prf-reforca-seguranca-e-combate-ao-crime-nas-brs-da-paraiba-durante-feriadao\/","title":{"rendered":"PRF refor\u00e7a seguran\u00e7a e combate ao crime nas BRs da Para\u00edba durante feriad\u00e3o"},"content":{"rendered":"<p><img width=\"1024\" height=\"733\" src=\"https:\/\/www.pbagora.com.br\/storage\/2025\/03\/PRF-1024x733.jpeg\" class=\"attachment-large size-large wp-post-image\" alt=\"\" style=\"margin-bottom: 20px;\" decoding=\"async\" loading=\"lazy\" srcset=\"https:\/\/www.pbagora.com.br\/storage\/2025\/03\/PRF-1024x733.jpeg 1024w, https:\/\/www.pbagora.com.br\/storage\/2025\/03\/PRF-300x215.jpeg 300w, https:\/\/www.pbagora.com.br\/storage\/2025\/03\/PRF-150x107.jpeg 150w, https:\/\/www.pbagora.com.br\/storage\/2025\/03\/PRF-768x550.jpeg 768w, https:\/\/www.pbagora.com.br\/storage\/2025\/03\/PRF-380x272.jpeg 380w, https:\/\/www.pbagora.com.br\/storage\/2025\/03\/PRF-800x572.jpeg 800w, https:\/\/www.pbagora.com.br\/storage\/2025\/03\/PRF-80x58.jpeg 80w, https:\/\/www.pbagora.com.br\/storage\/2025\/03\/PRF-760x544.jpeg 760w, https:\/\/www.pbagora.com.br\/storage\/2025\/03\/PRF-600x429.jpeg 600w, https:\/\/www.pbagora.com.br\/storage\/2025\/03\/PRF.jpeg 1118w\" sizes=\"auto, (max-width: 1024px) 100vw, 1024px\" \/><\/p>\n<p><br>A Pol\u00edcia Rodovi\u00e1ria Federal (PRF) na Para\u00edba iniciou, no \u00faltimo dia 11 de abril, a Opera\u00e7\u00e3o Semana Santa e Tiradentes, que seguir\u00e1 at\u00e9 o dia 21 de abril. Com os dois feriados coincidindo neste ano, formando um grande feriad\u00e3o, a expectativa \u00e9 de aumento significativo no fluxo de ve\u00edculos pelas rodovias federais que cortam o estado.<\/p>\n\n\n\n<p>A a\u00e7\u00e3o tem como objetivo principal refor\u00e7ar a seguran\u00e7a vi\u00e1ria e combater crimes nas estradas, garantindo mais tranquilidade para os motoristas e passageiros que viajam durante o per\u00edodo.<\/p>\n\n\n\n<p>Principais estrat\u00e9gias da opera\u00e7\u00e3o:<br>\ud83d\ude94 Refor\u00e7o no policiamento<br>Agentes da PRF estar\u00e3o presentes em pontos estrat\u00e9gicos das BRs, com a\u00e7\u00f5es intensificadas nos trechos com maior movimento e hist\u00f3rico de ocorr\u00eancias.<\/p>\n\n\n\n<p>\ud83d\udd0d Fiscaliza\u00e7\u00e3o rigorosa do tr\u00e2nsito<br>Ser\u00e3o realizadas blitzes educativas e repressivas, com foco em infra\u00e7\u00f5es como excesso de velocidade, ultrapassagens perigosas, falta do uso do cinto de seguran\u00e7a e dire\u00e7\u00e3o sob efeito de \u00e1lcool.<\/p>\n\n\n\n<p>\ud83d\udce2 Campanhas de conscientiza\u00e7\u00e3o<br>A PRF tamb\u00e9m promover\u00e1 a\u00e7\u00f5es educativas para orientar condutores e passageiros sobre pr\u00e1ticas seguras no tr\u00e2nsito, incentivando comportamentos respons\u00e1veis ao volante.<\/p>\n\n\n\n<p>\ud83d\udea8 Combate ao crime<br>Durante o per\u00edodo da opera\u00e7\u00e3o, haver\u00e1 tamb\u00e9m refor\u00e7o no enfrentamento \u00e0 criminalidade, com fiscaliza\u00e7\u00f5es voltadas \u00e0 apreens\u00e3o de il\u00edcitos, recupera\u00e7\u00e3o de ve\u00edculos roubados e pris\u00e3o de foragidos da Justi\u00e7a.<\/p>\n\n\n\n<p>Dicas e orienta\u00e7\u00f5es ao p\u00fablico<br>A PRF orienta quem for pegar a estrada durante o feriado a seguir algumas recomenda\u00e7\u00f5es importantes:<\/p>\n\n\n\n<p>Respeite as leis de tr\u00e2nsito e os limites de velocidade;<\/p>\n\n\n\n<p>Nunca dirija sob efeito de \u00e1lcool;<\/p>\n\n\n\n<p>Evite ultrapassagens perigosas ou em locais proibidos;<\/p>\n\n\n\n<p>Mantenha aten\u00e7\u00e3o redobrada \u00e0 sinaliza\u00e7\u00e3o e \u00e0s condi\u00e7\u00f5es da via;<\/p>\n\n\n\n<p>Em caso de d\u00favidas ou emerg\u00eancias, ligue para o 191 ou utilize os canais oficiais da PRF, como o WhatsApp institucional.<\/p>\n\n\n\n<p>A PRF refor\u00e7a seu compromisso com a seguran\u00e7a vi\u00e1ria e lembra que a preven\u00e7\u00e3o de acidentes depende da responsabilidade de todos os usu\u00e1rios das rodovias.<\/p>\n","protected":false},"excerpt":{"rendered":"<p><img decoding=\"async\" width=\"1024\" height=\"733\" src=\"https:\/\/www.pbagora.com.br\/storage\/2025\/03\/PRF-1024x733.jpeg\" class=\"attachment-large size-large wp-post-image\" alt=\"\" loading=\"lazy\" srcset=\"https:\/\/www.pbagora.com.br\/storage\/2025\/03\/PRF-1024x733.jpeg 1024w, https:\/\/www.pbagora.com.br\/storage\/2025\/03\/PRF-300x215.jpeg 300w, https:\/\/www.pbagora.com.br\/storage\/2025\/03\/PRF-150x107.jpeg 150w, https:\/\/www.pbagora.com.br\/storage\/2025\/03\/PRF-768x550.jpeg 768w, https:\/\/www.pbagora.com.br\/storage\/2025\/03\/PRF-380x272.jpeg 380w, https:\/\/www.pbagora.com.br\/storage\/2025\/03\/PRF-800x572.jpeg 800w, https:\/\/www.pbagora.com.br\/storage\/2025\/03\/PRF-80x58.jpeg 80w, https:\/\/www.pbagora.com.br\/storage\/2025\/03\/PRF-760x544.jpeg 760w, https:\/\/www.pbagora.com.br\/storage\/2025\/03\/PRF-600x429.jpeg 600w, https:\/\/www.pbagora.com.br\/storage\/2025\/03\/PRF.jpeg 1118w\" sizes=\"auto, (max-width: 1024px) 100vw, 1024px\"><\/p>\n<p>A Pol\u00edcia Rodovi\u00e1ria Federal (PRF) na Para\u00edba iniciou, no \u00faltimo dia 11 de abril, a Opera\u00e7\u00e3o Semana Santa\u2026<\/p>\n","protected":false},"author":123457,"featured_media":0,"comment_status":"closed","ping_status":"closed","sticky":false,"template":"","format":"standard","meta":{"advgb_blocks_editor_width":"","advgb_blocks_columns_visual_guide":"","footnotes":""},"categories":[34],"tags":[10845,35,10839],"class_list":["post-56469","post","type-post","status-publish","format-standard","hentry","category-g1","tag-destaque-centro-01","tag-g1","tag-policial"],"author_meta":{"display_name":"Reda\u00e7\u00e3o","author_link":"https:\/\/sindaopcpb.org.br\/author\/redacao\/"},"featured_img":null,"coauthors":[],"tax_additional":{"categories":{"linked":["<a href=\"https:\/\/sindaopcpb.org.br\/g1\/\" class=\"advgb-post-tax-term\">G1<\/a>"],"unlinked":["<span class=\"advgb-post-tax-term\">G1<\/span>"]},"tags":{"linked":["<a href=\"https:\/\/sindaopcpb.org.br\/g1\/\" class=\"advgb-post-tax-term\">Destaque Centro 01<\/a>","<a href=\"https:\/\/sindaopcpb.org.br\/g1\/\" class=\"advgb-post-tax-term\">g1<\/a>","<a href=\"https:\/\/sindaopcpb.org.br\/g1\/\" class=\"advgb-post-tax-term\">Policial<\/a>"],"unlinked":["<span class=\"advgb-post-tax-term\">Destaque Centro 01<\/span>","<span class=\"advgb-post-tax-term\">g1<\/span>","<span class=\"advgb-post-tax-term\">Policial<\/span>"]}},"comment_count":"0","relative_dates":{"created":"Publicado 1 ano atr\u00e1s","modified":"Atualizado 1 ano atr\u00e1s"},"absolute_dates":{"created":"Publicado em 16 de abril de 2025","modified":"Atualizado em 16 de abril de 2025"},"absolute_dates_time":{"created":"Publicado em 16 de abril de 2025 10:40","modified":"Atualizado em 16 de abril de 2025 10:40"},"featured_img_caption":"","series_order":"","_links":{"self":[{"href":"https:\/\/sindaopcpb.org.br\/index.php\/wp-json\/wp\/v2\/posts\/56469","targetHints":{"allow":["GET"]}}],"collection":[{"href":"https:\/\/sindaopcpb.org.br\/index.php\/wp-json\/wp\/v2\/posts"}],"about":[{"href":"https:\/\/sindaopcpb.org.br\/index.php\/wp-json\/wp\/v2\/types\/post"}],"author":[{"embeddable":true,"href":"https:\/\/sindaopcpb.org.br\/index.php\/wp-json\/wp\/v2\/users\/123457"}],"replies":[{"embeddable":true,"href":"https:\/\/sindaopcpb.org.br\/index.php\/wp-json\/wp\/v2\/comments?post=56469"}],"version-history":[{"count":1,"href":"https:\/\/sindaopcpb.org.br\/index.php\/wp-json\/wp\/v2\/posts\/56469\/revisions"}],"predecessor-version":[{"id":56470,"href":"https:\/\/sindaopcpb.org.br\/index.php\/wp-json\/wp\/v2\/posts\/56469\/revisions\/56470"}],"wp:attachment":[{"href":"https:\/\/sindaopcpb.org.br\/index.php\/wp-json\/wp\/v2\/media?parent=56469"}],"wp:term":[{"taxonomy":"category","embeddable":true,"href":"https:\/\/sindaopcpb.org.br\/index.php\/wp-json\/wp\/v2\/categories?post=56469"},{"taxonomy":"post_tag","embeddable":true,"href":"https:\/\/sindaopcpb.org.br\/index.php\/wp-json\/wp\/v2\/tags?post=56469"}],"curies":[{"name":"wp","href":"https:\/\/api.w.org\/{rel}","templated":true}]}}