{"id":56461,"date":"2025-04-16T08:58:33","date_gmt":"2025-04-16T11:58:33","guid":{"rendered":"https:\/\/www.pbagora.com.br\/?p=895927"},"modified":"2025-04-16T12:20:33","modified_gmt":"2025-04-16T15:20:33","slug":"mulher-e-filhos-sao-resgatados-apos-12-anos-em-carcere-privado-na-pb","status":"publish","type":"post","link":"https:\/\/sindaopcpb.org.br\/index.php\/2025\/04\/16\/mulher-e-filhos-sao-resgatados-apos-12-anos-em-carcere-privado-na-pb\/","title":{"rendered":"Mulher e filhos s\u00e3o resgatados ap\u00f3s 12 anos em c\u00e1rcere privado na PB"},"content":{"rendered":"<p><img width=\"618\" height=\"330\" src=\"https:\/\/www.pbagora.com.br\/storage\/2025\/04\/Captura-de-tela-2025-04-16-075908.png\" class=\"attachment-large size-large wp-post-image\" alt=\"\" style=\"margin-bottom: 20px;\" decoding=\"async\" loading=\"lazy\" srcset=\"https:\/\/www.pbagora.com.br\/storage\/2025\/04\/Captura-de-tela-2025-04-16-075908.png 618w, https:\/\/www.pbagora.com.br\/storage\/2025\/04\/Captura-de-tela-2025-04-16-075908-300x160.png 300w, https:\/\/www.pbagora.com.br\/storage\/2025\/04\/Captura-de-tela-2025-04-16-075908-150x80.png 150w, https:\/\/www.pbagora.com.br\/storage\/2025\/04\/Captura-de-tela-2025-04-16-075908-380x203.png 380w, https:\/\/www.pbagora.com.br\/storage\/2025\/04\/Captura-de-tela-2025-04-16-075908-80x42.png 80w, https:\/\/www.pbagora.com.br\/storage\/2025\/04\/Captura-de-tela-2025-04-16-075908-600x320.png 600w\" sizes=\"auto, (max-width: 618px) 100vw, 618px\" \/><\/p>\n<p>Um homem foi preso na manh\u00e3 de ontem, ter\u00e7a-feira (15), no munic\u00edpio de Santa Rita, na Grande Jo\u00e3o Pessoa, suspeito de manter a companheira e os dois filhos dela em c\u00e1rcere privado por mais de 12 anos. A v\u00edtima, hoje com 28 anos, era impedida de sair de casa, usar telefone celular ou manter qualquer tipo de contato com familiares e amigos. Durante todo esse per\u00edodo, ela tamb\u00e9m sofreu viol\u00eancia f\u00edsica e psicol\u00f3gica.<\/p>\n\n\n\n<p>Segundo a Delegacia da Mulher, a v\u00edtima conseguiu pedir socorro ap\u00f3s o suspeito, sob efeito de \u00e1lcool, deixar o celular e a chave da casa ao alcance dela. Aproveitando o momento em que ele dormia, a mulher acionou a Pol\u00edcia Militar, que foi at\u00e9 o local e realizou o resgate dela e dos filhos, de 11 e 4 anos.<\/p>\n\n\n\n<p>De acordo com a delegada respons\u00e1vel, a mulher vivia sob constante vigil\u00e2ncia, amea\u00e7as e agress\u00f5es, sendo submetida a um ambiente de completo controle. Em um dos epis\u00f3dios mais recentes, o homem chegou a cortar os cabelos da v\u00edtima com uma faca. Ap\u00f3s o resgate, ela foi encaminhada a atendimento especializado, enquanto as crian\u00e7as ficaram sob os cuidados do Conselho Tutelar.<\/p>\n\n\n\n<p>O suspeito foi levado ao Instituto de Pol\u00edcia Cient\u00edfica (IPC) para exame de corpo de delito e, em seguida, apresentado \u00e0 autoridade policial. Ele permanece preso e deve responder por c\u00e1rcere privado, les\u00e3o corporal e viol\u00eancia dom\u00e9stica, com base na Lei Maria da Penha.<\/p>\n\n\n\n<p>O caso gerou como\u00e7\u00e3o nas redes sociais e reacendeu a discuss\u00e3o sobre os ciclos de viol\u00eancia dom\u00e9stica e a import\u00e2ncia da den\u00fancia. A delegada refor\u00e7ou a import\u00e2ncia da atua\u00e7\u00e3o da sociedade e das for\u00e7as de seguran\u00e7a para o desfecho do caso.<\/p>\n\n\n\n<p><strong><em>Reda\u00e7\u00e3o<\/em><\/strong><\/p>\n","protected":false},"excerpt":{"rendered":"<p><img decoding=\"async\" width=\"618\" height=\"330\" src=\"https:\/\/www.pbagora.com.br\/storage\/2025\/04\/Captura-de-tela-2025-04-16-075908.png\" class=\"attachment-large size-large wp-post-image\" alt=\"\" loading=\"lazy\" srcset=\"https:\/\/www.pbagora.com.br\/storage\/2025\/04\/Captura-de-tela-2025-04-16-075908.png 618w, https:\/\/www.pbagora.com.br\/storage\/2025\/04\/Captura-de-tela-2025-04-16-075908-300x160.png 300w, https:\/\/www.pbagora.com.br\/storage\/2025\/04\/Captura-de-tela-2025-04-16-075908-150x80.png 150w, https:\/\/www.pbagora.com.br\/storage\/2025\/04\/Captura-de-tela-2025-04-16-075908-380x203.png 380w, https:\/\/www.pbagora.com.br\/storage\/2025\/04\/Captura-de-tela-2025-04-16-075908-80x42.png 80w, https:\/\/www.pbagora.com.br\/storage\/2025\/04\/Captura-de-tela-2025-04-16-075908-600x320.png 600w\" sizes=\"auto, (max-width: 618px) 100vw, 618px\"><\/p>\n<p>Um homem foi preso na manh\u00e3 de ontem, ter\u00e7a-feira (15), no munic\u00edpio de Santa Rita, na Grande Jo\u00e3o\u2026<\/p>\n","protected":false},"author":123457,"featured_media":0,"comment_status":"closed","ping_status":"closed","sticky":false,"template":"","format":"standard","meta":{"advgb_blocks_editor_width":"","advgb_blocks_columns_visual_guide":"","footnotes":""},"categories":[34],"tags":[35,10839,10847],"class_list":["post-56461","post","type-post","status-publish","format-standard","hentry","category-g1","tag-g1","tag-policial","tag-rodape-03"],"author_meta":{"display_name":"Reda\u00e7\u00e3o","author_link":"https:\/\/sindaopcpb.org.br\/author\/redacao\/"},"featured_img":null,"coauthors":[],"tax_additional":{"categories":{"linked":["<a href=\"https:\/\/sindaopcpb.org.br\/g1\/\" class=\"advgb-post-tax-term\">G1<\/a>"],"unlinked":["<span class=\"advgb-post-tax-term\">G1<\/span>"]},"tags":{"linked":["<a href=\"https:\/\/sindaopcpb.org.br\/g1\/\" class=\"advgb-post-tax-term\">g1<\/a>","<a href=\"https:\/\/sindaopcpb.org.br\/g1\/\" class=\"advgb-post-tax-term\">Policial<\/a>","<a href=\"https:\/\/sindaopcpb.org.br\/g1\/\" class=\"advgb-post-tax-term\">Rodape 03<\/a>"],"unlinked":["<span class=\"advgb-post-tax-term\">g1<\/span>","<span class=\"advgb-post-tax-term\">Policial<\/span>","<span class=\"advgb-post-tax-term\">Rodape 03<\/span>"]}},"comment_count":"0","relative_dates":{"created":"Publicado 1 ano atr\u00e1s","modified":"Atualizado 1 ano atr\u00e1s"},"absolute_dates":{"created":"Publicado em 16 de abril de 2025","modified":"Atualizado em 16 de abril de 2025"},"absolute_dates_time":{"created":"Publicado em 16 de abril de 2025 08:58","modified":"Atualizado em 16 de abril de 2025 12:20"},"featured_img_caption":"","series_order":"","_links":{"self":[{"href":"https:\/\/sindaopcpb.org.br\/index.php\/wp-json\/wp\/v2\/posts\/56461","targetHints":{"allow":["GET"]}}],"collection":[{"href":"https:\/\/sindaopcpb.org.br\/index.php\/wp-json\/wp\/v2\/posts"}],"about":[{"href":"https:\/\/sindaopcpb.org.br\/index.php\/wp-json\/wp\/v2\/types\/post"}],"author":[{"embeddable":true,"href":"https:\/\/sindaopcpb.org.br\/index.php\/wp-json\/wp\/v2\/users\/123457"}],"replies":[{"embeddable":true,"href":"https:\/\/sindaopcpb.org.br\/index.php\/wp-json\/wp\/v2\/comments?post=56461"}],"version-history":[{"count":2,"href":"https:\/\/sindaopcpb.org.br\/index.php\/wp-json\/wp\/v2\/posts\/56461\/revisions"}],"predecessor-version":[{"id":56475,"href":"https:\/\/sindaopcpb.org.br\/index.php\/wp-json\/wp\/v2\/posts\/56461\/revisions\/56475"}],"wp:attachment":[{"href":"https:\/\/sindaopcpb.org.br\/index.php\/wp-json\/wp\/v2\/media?parent=56461"}],"wp:term":[{"taxonomy":"category","embeddable":true,"href":"https:\/\/sindaopcpb.org.br\/index.php\/wp-json\/wp\/v2\/categories?post=56461"},{"taxonomy":"post_tag","embeddable":true,"href":"https:\/\/sindaopcpb.org.br\/index.php\/wp-json\/wp\/v2\/tags?post=56461"}],"curies":[{"name":"wp","href":"https:\/\/api.w.org\/{rel}","templated":true}]}}