{"id":56447,"date":"2025-04-16T06:14:46","date_gmt":"2025-04-16T09:14:46","guid":{"rendered":"https:\/\/www.pbagora.com.br\/?p=895898"},"modified":"2025-04-16T09:00:46","modified_gmt":"2025-04-16T12:00:46","slug":"acidente-entre-caminhao-e-carreta-na-grande-joao-pessoa-deixa-uma-pessoa-ferida","status":"publish","type":"post","link":"https:\/\/sindaopcpb.org.br\/index.php\/2025\/04\/16\/acidente-entre-caminhao-e-carreta-na-grande-joao-pessoa-deixa-uma-pessoa-ferida\/","title":{"rendered":"Acidente entre caminh\u00e3o e carreta, na Grande Jo\u00e3o Pessoa, deixa uma pessoa ferida"},"content":{"rendered":"<p><img width=\"936\" height=\"442\" src=\"https:\/\/www.pbagora.com.br\/storage\/2025\/04\/Sem-titulo-15.jpg\" class=\"attachment-large size-large wp-post-image\" alt=\"\" style=\"margin-bottom: 20px;\" decoding=\"async\" loading=\"lazy\" srcset=\"https:\/\/www.pbagora.com.br\/storage\/2025\/04\/Sem-titulo-15.jpg 936w, https:\/\/www.pbagora.com.br\/storage\/2025\/04\/Sem-titulo-15-300x142.jpg 300w, https:\/\/www.pbagora.com.br\/storage\/2025\/04\/Sem-titulo-15-150x71.jpg 150w, https:\/\/www.pbagora.com.br\/storage\/2025\/04\/Sem-titulo-15-768x363.jpg 768w, https:\/\/www.pbagora.com.br\/storage\/2025\/04\/Sem-titulo-15-380x179.jpg 380w, https:\/\/www.pbagora.com.br\/storage\/2025\/04\/Sem-titulo-15-800x378.jpg 800w, https:\/\/www.pbagora.com.br\/storage\/2025\/04\/Sem-titulo-15-80x38.jpg 80w, https:\/\/www.pbagora.com.br\/storage\/2025\/04\/Sem-titulo-15-760x359.jpg 760w, https:\/\/www.pbagora.com.br\/storage\/2025\/04\/Sem-titulo-15-600x283.jpg 600w\" sizes=\"auto, (max-width: 936px) 100vw, 936px\" \/><\/p>\n<p><\/p>\n\n\n\n<p>Uma colis\u00e3o entre um caminh\u00e3o que bateu na traseira de uma carreta no fim da tarde de ontem (15), pr\u00f3ximo ao Hospital Metropolitano Dom Jos\u00e9 de Maria Pires, em Santa Rita, na Regi\u00e3o Metropolitana de Jo\u00e3o Pessoa, deixou uma pessoa ferida, deixou uma pessoa ferida.<\/p>\n\n\n\n<p>O Servi\u00e7o de Atendimento M\u00f3vel de Urg\u00eancia (Samu) foi acionado para realizar o resgate do motorista, que ficou preso \u00e0s ferragens. Ao ser atendido, a v\u00edtima foi socorrida para o Hospital de Emerg\u00eancia e Trauma de Jo\u00e3o Pessoa.<\/p>\n\n\n\n<p>Por conta do acidente, um grande congestionamento foi gerado entre Jo\u00e3o Pessoa e Campina Grande. Com isso, a Pol\u00edcia Rodovi\u00e1ria Federal (PRF) tamb\u00e9m foi acionada. O tr\u00e2nsito foi desviado pela BR-101, com retorno pelo munic\u00edpio de Lucena.<\/p>\n\n\n\n<p>Reda\u00e7\u00e3o<\/p>\n","protected":false},"excerpt":{"rendered":"<p><img loading=\"lazy\" decoding=\"async\" width=\"936\" height=\"442\" src=\"https:\/\/www.pbagora.com.br\/storage\/2025\/04\/Sem-titulo-15.jpg\" class=\"attachment-large size-large wp-post-image\" alt=\"\" srcset=\"https:\/\/www.pbagora.com.br\/storage\/2025\/04\/Sem-titulo-15.jpg 936w, https:\/\/www.pbagora.com.br\/storage\/2025\/04\/Sem-titulo-15-300x142.jpg 300w, https:\/\/www.pbagora.com.br\/storage\/2025\/04\/Sem-titulo-15-150x71.jpg 150w, https:\/\/www.pbagora.com.br\/storage\/2025\/04\/Sem-titulo-15-768x363.jpg 768w, https:\/\/www.pbagora.com.br\/storage\/2025\/04\/Sem-titulo-15-380x179.jpg 380w, https:\/\/www.pbagora.com.br\/storage\/2025\/04\/Sem-titulo-15-800x378.jpg 800w, https:\/\/www.pbagora.com.br\/storage\/2025\/04\/Sem-titulo-15-80x38.jpg 80w, https:\/\/www.pbagora.com.br\/storage\/2025\/04\/Sem-titulo-15-760x359.jpg 760w, https:\/\/www.pbagora.com.br\/storage\/2025\/04\/Sem-titulo-15-600x283.jpg 600w\" sizes=\"auto, (max-width: 936px) 100vw, 936px\"><\/p>\n<p>Uma colis\u00e3o entre um caminh\u00e3o que bateu na traseira de uma carreta no fim da tarde de ontem\u2026<\/p>\n","protected":false},"author":123457,"featured_media":0,"comment_status":"closed","ping_status":"closed","sticky":false,"template":"","format":"standard","meta":{"advgb_blocks_editor_width":"","advgb_blocks_columns_visual_guide":"","footnotes":""},"categories":[34],"tags":[10841,35,10839],"class_list":["post-56447","post","type-post","status-publish","format-standard","hentry","category-g1","tag-destaque-centro-02","tag-g1","tag-policial"],"author_meta":{"display_name":"Reda\u00e7\u00e3o","author_link":"https:\/\/sindaopcpb.org.br\/author\/redacao\/"},"featured_img":null,"coauthors":[],"tax_additional":{"categories":{"linked":["<a href=\"https:\/\/sindaopcpb.org.br\/g1\/\" class=\"advgb-post-tax-term\">G1<\/a>"],"unlinked":["<span class=\"advgb-post-tax-term\">G1<\/span>"]},"tags":{"linked":["<a href=\"https:\/\/sindaopcpb.org.br\/g1\/\" class=\"advgb-post-tax-term\">Destaque Centro 02<\/a>","<a href=\"https:\/\/sindaopcpb.org.br\/g1\/\" class=\"advgb-post-tax-term\">g1<\/a>","<a href=\"https:\/\/sindaopcpb.org.br\/g1\/\" class=\"advgb-post-tax-term\">Policial<\/a>"],"unlinked":["<span class=\"advgb-post-tax-term\">Destaque Centro 02<\/span>","<span class=\"advgb-post-tax-term\">g1<\/span>","<span class=\"advgb-post-tax-term\">Policial<\/span>"]}},"comment_count":"0","relative_dates":{"created":"Publicado 1 ano atr\u00e1s","modified":"Atualizado 1 ano atr\u00e1s"},"absolute_dates":{"created":"Publicado em 16 de abril de 2025","modified":"Atualizado em 16 de abril de 2025"},"absolute_dates_time":{"created":"Publicado em 16 de abril de 2025 06:14","modified":"Atualizado em 16 de abril de 2025 09:00"},"featured_img_caption":"","series_order":"","_links":{"self":[{"href":"https:\/\/sindaopcpb.org.br\/index.php\/wp-json\/wp\/v2\/posts\/56447","targetHints":{"allow":["GET"]}}],"collection":[{"href":"https:\/\/sindaopcpb.org.br\/index.php\/wp-json\/wp\/v2\/posts"}],"about":[{"href":"https:\/\/sindaopcpb.org.br\/index.php\/wp-json\/wp\/v2\/types\/post"}],"author":[{"embeddable":true,"href":"https:\/\/sindaopcpb.org.br\/index.php\/wp-json\/wp\/v2\/users\/123457"}],"replies":[{"embeddable":true,"href":"https:\/\/sindaopcpb.org.br\/index.php\/wp-json\/wp\/v2\/comments?post=56447"}],"version-history":[{"count":3,"href":"https:\/\/sindaopcpb.org.br\/index.php\/wp-json\/wp\/v2\/posts\/56447\/revisions"}],"predecessor-version":[{"id":56459,"href":"https:\/\/sindaopcpb.org.br\/index.php\/wp-json\/wp\/v2\/posts\/56447\/revisions\/56459"}],"wp:attachment":[{"href":"https:\/\/sindaopcpb.org.br\/index.php\/wp-json\/wp\/v2\/media?parent=56447"}],"wp:term":[{"taxonomy":"category","embeddable":true,"href":"https:\/\/sindaopcpb.org.br\/index.php\/wp-json\/wp\/v2\/categories?post=56447"},{"taxonomy":"post_tag","embeddable":true,"href":"https:\/\/sindaopcpb.org.br\/index.php\/wp-json\/wp\/v2\/tags?post=56447"}],"curies":[{"name":"wp","href":"https:\/\/api.w.org\/{rel}","templated":true}]}}