{"id":56438,"date":"2025-04-15T16:50:53","date_gmt":"2025-04-15T19:50:53","guid":{"rendered":"https:\/\/www.pbagora.com.br\/?p=895865"},"modified":"2025-04-15T16:50:53","modified_gmt":"2025-04-15T19:50:53","slug":"apos-12-anos-foragida-travesti-acusada-de-estupro-em-pernambuco-e-presa-na-paraiba","status":"publish","type":"post","link":"https:\/\/sindaopcpb.org.br\/index.php\/2025\/04\/15\/apos-12-anos-foragida-travesti-acusada-de-estupro-em-pernambuco-e-presa-na-paraiba\/","title":{"rendered":"Ap\u00f3s 12 anos foragida, travesti acusada de estupro em Pernambuco \u00e9 presa na Para\u00edba"},"content":{"rendered":"<p><img width=\"768\" height=\"432\" src=\"https:\/\/www.pbagora.com.br\/storage\/2025\/04\/travesti-presa.jpeg\" class=\"attachment-large size-large wp-post-image\" alt=\"\" style=\"margin-bottom: 20px;\" decoding=\"async\" srcset=\"https:\/\/www.pbagora.com.br\/storage\/2025\/04\/travesti-presa.jpeg 768w, https:\/\/www.pbagora.com.br\/storage\/2025\/04\/travesti-presa-300x169.jpeg 300w, https:\/\/www.pbagora.com.br\/storage\/2025\/04\/travesti-presa-150x84.jpeg 150w, https:\/\/www.pbagora.com.br\/storage\/2025\/04\/travesti-presa-380x214.jpeg 380w, https:\/\/www.pbagora.com.br\/storage\/2025\/04\/travesti-presa-80x46.jpeg 80w, https:\/\/www.pbagora.com.br\/storage\/2025\/04\/travesti-presa-760x428.jpeg 760w, https:\/\/www.pbagora.com.br\/storage\/2025\/04\/travesti-presa-600x338.jpeg 600w\" sizes=\"(max-width: 768px) 100vw, 768px\" \/><\/p>\n<p>Na manh\u00e3 desta ter\u00e7a-feira (15), a pol\u00edcia deteve uma travesti que estava foragida h\u00e1 12 anos, acusada de ter praticado um crime de estupro em Pernambuco.<\/p>\n\n\n\n<p>A captura da acusada na regi\u00e3o do Vale do Mamanguape, Litoral Norte, e foi feita por agentes da Pol\u00edcia Civil, atrav\u00e9s da 7\u00aa Delegacia Seccional. Segundo as investiga\u00e7\u00f5es, o crime foi cometido contra uma crian\u00e7a de apenas 12 anos.<\/p>\n\n\n\n<p>A captura foi efetuada ap\u00f3s o recebimento de informa\u00e7\u00f5es que indicavam a presen\u00e7a da foragida na regi\u00e3o do Litoral Norte paraibano. A partir dessas informa\u00e7\u00f5es, os policiais civis iniciaram dilig\u00eancias com o objetivo de localizar e capturar a suspeita.<\/p>\n\n\n\n<p>Ap\u00f3s um trabalho de investiga\u00e7\u00e3o e monitoramento, a equipe policial conseguiu identificar o paradeiro da condenada, que foi localizada e presa.<\/p>\n\n\n\n<p>A presa foi encaminhada ao sistema prisional, onde permanecer\u00e1 \u00e0 disposi\u00e7\u00e3o da Justi\u00e7a.<\/p>\n\n\n\n<p><\/p>\n\n\n\n<p><strong><em>PB Agora<\/em><\/strong><\/p>\n","protected":false},"excerpt":{"rendered":"<p><img loading=\"lazy\" decoding=\"async\" width=\"768\" height=\"432\" src=\"https:\/\/www.pbagora.com.br\/storage\/2025\/04\/travesti-presa.jpeg\" class=\"attachment-large size-large wp-post-image\" alt=\"\" srcset=\"https:\/\/www.pbagora.com.br\/storage\/2025\/04\/travesti-presa.jpeg 768w, https:\/\/www.pbagora.com.br\/storage\/2025\/04\/travesti-presa-300x169.jpeg 300w, https:\/\/www.pbagora.com.br\/storage\/2025\/04\/travesti-presa-150x84.jpeg 150w, https:\/\/www.pbagora.com.br\/storage\/2025\/04\/travesti-presa-380x214.jpeg 380w, https:\/\/www.pbagora.com.br\/storage\/2025\/04\/travesti-presa-80x46.jpeg 80w, https:\/\/www.pbagora.com.br\/storage\/2025\/04\/travesti-presa-760x428.jpeg 760w, https:\/\/www.pbagora.com.br\/storage\/2025\/04\/travesti-presa-600x338.jpeg 600w\" sizes=\"auto, (max-width: 768px) 100vw, 768px\"><\/p>\n<p>Na manh\u00e3 desta ter\u00e7a-feira (15), a pol\u00edcia deteve uma travesti que estava foragida h\u00e1 12 anos, acusada de\u2026<\/p>\n","protected":false},"author":123457,"featured_media":0,"comment_status":"closed","ping_status":"closed","sticky":false,"template":"","format":"standard","meta":{"advgb_blocks_editor_width":"","advgb_blocks_columns_visual_guide":"","footnotes":""},"categories":[34],"tags":[10841,35,10839],"class_list":["post-56438","post","type-post","status-publish","format-standard","hentry","category-g1","tag-destaque-centro-02","tag-g1","tag-policial"],"author_meta":{"display_name":"Reda\u00e7\u00e3o","author_link":"https:\/\/sindaopcpb.org.br\/author\/redacao\/"},"featured_img":null,"coauthors":[],"tax_additional":{"categories":{"linked":["<a href=\"https:\/\/sindaopcpb.org.br\/g1\/\" class=\"advgb-post-tax-term\">G1<\/a>"],"unlinked":["<span class=\"advgb-post-tax-term\">G1<\/span>"]},"tags":{"linked":["<a href=\"https:\/\/sindaopcpb.org.br\/g1\/\" class=\"advgb-post-tax-term\">Destaque Centro 02<\/a>","<a href=\"https:\/\/sindaopcpb.org.br\/g1\/\" class=\"advgb-post-tax-term\">g1<\/a>","<a href=\"https:\/\/sindaopcpb.org.br\/g1\/\" class=\"advgb-post-tax-term\">Policial<\/a>"],"unlinked":["<span class=\"advgb-post-tax-term\">Destaque Centro 02<\/span>","<span class=\"advgb-post-tax-term\">g1<\/span>","<span class=\"advgb-post-tax-term\">Policial<\/span>"]}},"comment_count":"0","relative_dates":{"created":"Publicado 1 ano atr\u00e1s","modified":"Atualizado 1 ano atr\u00e1s"},"absolute_dates":{"created":"Publicado em 15 de abril de 2025","modified":"Atualizado em 15 de abril de 2025"},"absolute_dates_time":{"created":"Publicado em 15 de abril de 2025 16:50","modified":"Atualizado em 15 de abril de 2025 16:50"},"featured_img_caption":"","series_order":"","_links":{"self":[{"href":"https:\/\/sindaopcpb.org.br\/index.php\/wp-json\/wp\/v2\/posts\/56438","targetHints":{"allow":["GET"]}}],"collection":[{"href":"https:\/\/sindaopcpb.org.br\/index.php\/wp-json\/wp\/v2\/posts"}],"about":[{"href":"https:\/\/sindaopcpb.org.br\/index.php\/wp-json\/wp\/v2\/types\/post"}],"author":[{"embeddable":true,"href":"https:\/\/sindaopcpb.org.br\/index.php\/wp-json\/wp\/v2\/users\/123457"}],"replies":[{"embeddable":true,"href":"https:\/\/sindaopcpb.org.br\/index.php\/wp-json\/wp\/v2\/comments?post=56438"}],"version-history":[{"count":2,"href":"https:\/\/sindaopcpb.org.br\/index.php\/wp-json\/wp\/v2\/posts\/56438\/revisions"}],"predecessor-version":[{"id":56451,"href":"https:\/\/sindaopcpb.org.br\/index.php\/wp-json\/wp\/v2\/posts\/56438\/revisions\/56451"}],"wp:attachment":[{"href":"https:\/\/sindaopcpb.org.br\/index.php\/wp-json\/wp\/v2\/media?parent=56438"}],"wp:term":[{"taxonomy":"category","embeddable":true,"href":"https:\/\/sindaopcpb.org.br\/index.php\/wp-json\/wp\/v2\/categories?post=56438"},{"taxonomy":"post_tag","embeddable":true,"href":"https:\/\/sindaopcpb.org.br\/index.php\/wp-json\/wp\/v2\/tags?post=56438"}],"curies":[{"name":"wp","href":"https:\/\/api.w.org\/{rel}","templated":true}]}}