{"id":56380,"date":"2025-04-14T06:19:21","date_gmt":"2025-04-14T09:19:21","guid":{"rendered":"https:\/\/www.pbagora.com.br\/?p=895550"},"modified":"2025-04-14T09:19:21","modified_gmt":"2025-04-14T12:19:21","slug":"apresentado-curso-de-formacao-de-oficiais-2026-da-policia-militar-da-pb-selecao-vai-usar-nota-do-enem","status":"publish","type":"post","link":"https:\/\/sindaopcpb.org.br\/index.php\/2025\/04\/14\/apresentado-curso-de-formacao-de-oficiais-2026-da-policia-militar-da-pb-selecao-vai-usar-nota-do-enem\/","title":{"rendered":"Apresentado Curso de Forma\u00e7\u00e3o de Oficiais 2026 da Pol\u00edcia Militar da PB; sele\u00e7\u00e3o vai usar nota do Enem"},"content":{"rendered":"<p><img width=\"800\" height=\"446\" src=\"https:\/\/www.pbagora.com.br\/storage\/2021\/07\/cfo.jpg\" class=\"attachment-large size-large wp-post-image\" alt=\"\" style=\"margin-bottom: 20px;\" decoding=\"async\" loading=\"lazy\" srcset=\"https:\/\/www.pbagora.com.br\/storage\/2021\/07\/cfo.jpg 800w, https:\/\/www.pbagora.com.br\/storage\/2021\/07\/cfo-300x167.jpg 300w, https:\/\/www.pbagora.com.br\/storage\/2021\/07\/cfo-150x84.jpg 150w, https:\/\/www.pbagora.com.br\/storage\/2021\/07\/cfo-768x428.jpg 768w, https:\/\/www.pbagora.com.br\/storage\/2021\/07\/cfo-380x212.jpg 380w, https:\/\/www.pbagora.com.br\/storage\/2021\/07\/cfo-80x46.jpg 80w, https:\/\/www.pbagora.com.br\/storage\/2021\/07\/cfo-760x424.jpg 760w, https:\/\/www.pbagora.com.br\/storage\/2021\/07\/cfo-600x335.jpg 600w\" sizes=\"auto, (max-width: 800px) 100vw, 800px\" \/><\/p>\n<p><\/p>\n\n\n\n<p>A partir de hoje (14), est\u00e1 aberto o prazo para solicitar a isen\u00e7\u00e3o da taxa de inscri\u00e7\u00e3o no Enem 2025. A orienta\u00e7\u00e3o \u00e9 especialmente importante para candidatos interessados no Curso de Forma\u00e7\u00e3o de Oficiais (CFO) 2026 da Pol\u00edcia Militar da Para\u00edba, anunciado recentemente pelo governo estadual.<\/p>\n\n\n\n<p>Segundo a coordena\u00e7\u00e3o do certame o CFO utilizar\u00e1 as notas do Enem 2025 na fase de avalia\u00e7\u00e3o intelectual, conforme portaria publicada no Di\u00e1rio Oficial do Estado na \u00faltima quinta-feira (10). Por isso, o comando geral da Pol\u00edcia Militar recomenda que todos os interessados fiquem atentos \u00e0s etapas do exame nacional.<\/p>\n\n\n\n<p>At\u00e9 o momento, as datas de inscri\u00e7\u00e3o e de aplica\u00e7\u00e3o das provas do Enem 2025 ainda n\u00e3o foram divulgadas. O edital espec\u00edfico do concurso do CFO tamb\u00e9m n\u00e3o foi publicado, e a data de lan\u00e7amento do documento segue indefinida.<\/p>\n\n\n\n<p>Entre os requisitos para concorrer a uma vaga no CFO est\u00e3o: ter entre 18 e 32 anos no ano da inscri\u00e7\u00e3o e possuir diploma de curso superior no momento da matr\u00edcula no curso de forma\u00e7\u00e3o.<\/p>\n\n\n\n<p>Os candidatos que pretendem concorrer devem acompanhar as pr\u00f3ximas publica\u00e7\u00f5es oficiais para n\u00e3o perder prazos importantes.<\/p>\n\n\n\n<p>Reda\u00e7\u00e3o<\/p>\n","protected":false},"excerpt":{"rendered":"<p><img decoding=\"async\" width=\"800\" height=\"446\" src=\"https:\/\/www.pbagora.com.br\/storage\/2021\/07\/cfo.jpg\" class=\"attachment-large size-large wp-post-image\" alt=\"\" loading=\"lazy\" srcset=\"https:\/\/www.pbagora.com.br\/storage\/2021\/07\/cfo.jpg 800w, https:\/\/www.pbagora.com.br\/storage\/2021\/07\/cfo-300x167.jpg 300w, https:\/\/www.pbagora.com.br\/storage\/2021\/07\/cfo-150x84.jpg 150w, https:\/\/www.pbagora.com.br\/storage\/2021\/07\/cfo-768x428.jpg 768w, https:\/\/www.pbagora.com.br\/storage\/2021\/07\/cfo-380x212.jpg 380w, https:\/\/www.pbagora.com.br\/storage\/2021\/07\/cfo-80x46.jpg 80w, https:\/\/www.pbagora.com.br\/storage\/2021\/07\/cfo-760x424.jpg 760w, https:\/\/www.pbagora.com.br\/storage\/2021\/07\/cfo-600x335.jpg 600w\" sizes=\"auto, (max-width: 800px) 100vw, 800px\"><\/p>\n<p>A partir de hoje (14), est\u00e1 aberto o prazo para solicitar a isen\u00e7\u00e3o da taxa de inscri\u00e7\u00e3o no\u2026<\/p>\n","protected":false},"author":123457,"featured_media":0,"comment_status":"closed","ping_status":"closed","sticky":false,"template":"","format":"standard","meta":{"advgb_blocks_editor_width":"","advgb_blocks_columns_visual_guide":"","footnotes":""},"categories":[34],"tags":[10840,35,10839],"class_list":["post-56380","post","type-post","status-publish","format-standard","hentry","category-g1","tag-destaque-centro-03","tag-g1","tag-policial"],"author_meta":{"display_name":"Reda\u00e7\u00e3o","author_link":"https:\/\/sindaopcpb.org.br\/author\/redacao\/"},"featured_img":null,"coauthors":[],"tax_additional":{"categories":{"linked":["<a href=\"https:\/\/sindaopcpb.org.br\/g1\/\" class=\"advgb-post-tax-term\">G1<\/a>"],"unlinked":["<span class=\"advgb-post-tax-term\">G1<\/span>"]},"tags":{"linked":["<a href=\"https:\/\/sindaopcpb.org.br\/g1\/\" class=\"advgb-post-tax-term\">Destaque Centro 03<\/a>","<a href=\"https:\/\/sindaopcpb.org.br\/g1\/\" class=\"advgb-post-tax-term\">g1<\/a>","<a href=\"https:\/\/sindaopcpb.org.br\/g1\/\" class=\"advgb-post-tax-term\">Policial<\/a>"],"unlinked":["<span class=\"advgb-post-tax-term\">Destaque Centro 03<\/span>","<span class=\"advgb-post-tax-term\">g1<\/span>","<span class=\"advgb-post-tax-term\">Policial<\/span>"]}},"comment_count":"0","relative_dates":{"created":"Publicado 1 ano atr\u00e1s","modified":"Atualizado 1 ano atr\u00e1s"},"absolute_dates":{"created":"Publicado em 14 de abril de 2025","modified":"Atualizado em 14 de abril de 2025"},"absolute_dates_time":{"created":"Publicado em 14 de abril de 2025 06:19","modified":"Atualizado em 14 de abril de 2025 09:19"},"featured_img_caption":"","series_order":"","_links":{"self":[{"href":"https:\/\/sindaopcpb.org.br\/index.php\/wp-json\/wp\/v2\/posts\/56380","targetHints":{"allow":["GET"]}}],"collection":[{"href":"https:\/\/sindaopcpb.org.br\/index.php\/wp-json\/wp\/v2\/posts"}],"about":[{"href":"https:\/\/sindaopcpb.org.br\/index.php\/wp-json\/wp\/v2\/types\/post"}],"author":[{"embeddable":true,"href":"https:\/\/sindaopcpb.org.br\/index.php\/wp-json\/wp\/v2\/users\/123457"}],"replies":[{"embeddable":true,"href":"https:\/\/sindaopcpb.org.br\/index.php\/wp-json\/wp\/v2\/comments?post=56380"}],"version-history":[{"count":2,"href":"https:\/\/sindaopcpb.org.br\/index.php\/wp-json\/wp\/v2\/posts\/56380\/revisions"}],"predecessor-version":[{"id":56389,"href":"https:\/\/sindaopcpb.org.br\/index.php\/wp-json\/wp\/v2\/posts\/56380\/revisions\/56389"}],"wp:attachment":[{"href":"https:\/\/sindaopcpb.org.br\/index.php\/wp-json\/wp\/v2\/media?parent=56380"}],"wp:term":[{"taxonomy":"category","embeddable":true,"href":"https:\/\/sindaopcpb.org.br\/index.php\/wp-json\/wp\/v2\/categories?post=56380"},{"taxonomy":"post_tag","embeddable":true,"href":"https:\/\/sindaopcpb.org.br\/index.php\/wp-json\/wp\/v2\/tags?post=56380"}],"curies":[{"name":"wp","href":"https:\/\/api.w.org\/{rel}","templated":true}]}}