{"id":56358,"date":"2025-04-13T13:13:18","date_gmt":"2025-04-13T16:13:18","guid":{"rendered":"https:\/\/www.pbagora.com.br\/?p=895523"},"modified":"2025-04-13T13:13:18","modified_gmt":"2025-04-13T16:13:18","slug":"acusado-de-homicidio-e-preso-em-flagrante-na-cidade-de-patos","status":"publish","type":"post","link":"https:\/\/sindaopcpb.org.br\/index.php\/2025\/04\/13\/acusado-de-homicidio-e-preso-em-flagrante-na-cidade-de-patos\/","title":{"rendered":"Acusado de homic\u00eddio \u00e9 preso em flagrante na cidade de Patos"},"content":{"rendered":"<p><img width=\"422\" height=\"497\" src=\"https:\/\/www.pbagora.com.br\/storage\/2025\/04\/Prisao-Patos.jpg\" class=\"attachment-large size-large wp-post-image\" alt=\"\" style=\"margin-bottom: 20px;\" decoding=\"async\" srcset=\"https:\/\/www.pbagora.com.br\/storage\/2025\/04\/Prisao-Patos.jpg 422w, https:\/\/www.pbagora.com.br\/storage\/2025\/04\/Prisao-Patos-255x300.jpg 255w, https:\/\/www.pbagora.com.br\/storage\/2025\/04\/Prisao-Patos-127x150.jpg 127w, https:\/\/www.pbagora.com.br\/storage\/2025\/04\/Prisao-Patos-380x448.jpg 380w, https:\/\/www.pbagora.com.br\/storage\/2025\/04\/Prisao-Patos-80x94.jpg 80w, https:\/\/www.pbagora.com.br\/storage\/2025\/04\/Prisao-Patos-68x80.jpg 68w\" sizes=\"(max-width: 422px) 100vw, 422px\" \/><\/p>\n<p>Na manh\u00e3 deste domingo (13), a Delegacia de Homic\u00eddios e Entorpecentes (DHE) de Patos prendeu o principal suspeito de um homic\u00eddio ocorrido por volta das 5h30 no munic\u00edpio. A captura aconteceu cerca de cinco horas depois do crime, por volta das 10h, resultado de uma a\u00e7\u00e3o da equipe de investiga\u00e7\u00e3o.<\/p>\n\n\n\n<p>Assim que foi acionada, a DHE iniciou dilig\u00eancias imediatas, com o apoio do Centro Integrado de Comando e Controle (CICC), que possibilitou a identifica\u00e7\u00e3o e localiza\u00e7\u00e3o do suspeito.<\/p>\n\n\n\n<p>Durante a abordagem, foi apreendida com o suspeito uma arma de fogo artesanal calibre 9 mil\u00edmetro, al\u00e9m de sete muni\u00e7\u00f5es do mesmo calibre. No local do crime, a per\u00edcia tamb\u00e9m recolheu estojos de muni\u00e7\u00e3o semelhante ao calibre apreendido com o acusado, o que refor\u00e7a a conex\u00e3o entre o indiv\u00edduo detido e o homic\u00eddio.<\/p>\n\n\n\n<p>A DHE de Patos ressalta a import\u00e2ncia do trabalho integrado no combate \u00e0 criminalidade e destaca a colabora\u00e7\u00e3o da popula\u00e7\u00e3o como fundamental. Den\u00fancias an\u00f4nimas podem ser feitas atrav\u00e9s do Disque Den\u00fancia 197.<\/p>\n\n\n\n<p><strong><em>Ascom Pol\u00edcia Civil<\/em><\/strong><\/p>\n","protected":false},"excerpt":{"rendered":"<p><img loading=\"lazy\" decoding=\"async\" width=\"422\" height=\"497\" src=\"https:\/\/www.pbagora.com.br\/storage\/2025\/04\/Prisao-Patos.jpg\" class=\"attachment-large size-large wp-post-image\" alt=\"\"><\/p>\n<p>Na manh\u00e3 deste domingo (13), a Delegacia de Homic\u00eddios e Entorpecentes (DHE) de Patos prendeu o principal suspeito\u2026<\/p>\n","protected":false},"author":123457,"featured_media":0,"comment_status":"closed","ping_status":"closed","sticky":false,"template":"","format":"standard","meta":{"advgb_blocks_editor_width":"","advgb_blocks_columns_visual_guide":"","footnotes":""},"categories":[34],"tags":[10845,35,10839],"class_list":["post-56358","post","type-post","status-publish","format-standard","hentry","category-g1","tag-destaque-centro-01","tag-g1","tag-policial"],"author_meta":{"display_name":"Reda\u00e7\u00e3o","author_link":"https:\/\/sindaopcpb.org.br\/author\/redacao\/"},"featured_img":null,"coauthors":[],"tax_additional":{"categories":{"linked":["<a href=\"https:\/\/sindaopcpb.org.br\/g1\/\" class=\"advgb-post-tax-term\">G1<\/a>"],"unlinked":["<span class=\"advgb-post-tax-term\">G1<\/span>"]},"tags":{"linked":["<a href=\"https:\/\/sindaopcpb.org.br\/g1\/\" class=\"advgb-post-tax-term\">Destaque Centro 01<\/a>","<a href=\"https:\/\/sindaopcpb.org.br\/g1\/\" class=\"advgb-post-tax-term\">g1<\/a>","<a href=\"https:\/\/sindaopcpb.org.br\/g1\/\" class=\"advgb-post-tax-term\">Policial<\/a>"],"unlinked":["<span class=\"advgb-post-tax-term\">Destaque Centro 01<\/span>","<span class=\"advgb-post-tax-term\">g1<\/span>","<span class=\"advgb-post-tax-term\">Policial<\/span>"]}},"comment_count":"0","relative_dates":{"created":"Publicado 1 ano atr\u00e1s","modified":"Atualizado 1 ano atr\u00e1s"},"absolute_dates":{"created":"Publicado em 13 de abril de 2025","modified":"Atualizado em 13 de abril de 2025"},"absolute_dates_time":{"created":"Publicado em 13 de abril de 2025 13:13","modified":"Atualizado em 13 de abril de 2025 13:13"},"featured_img_caption":"","series_order":"","_links":{"self":[{"href":"https:\/\/sindaopcpb.org.br\/index.php\/wp-json\/wp\/v2\/posts\/56358","targetHints":{"allow":["GET"]}}],"collection":[{"href":"https:\/\/sindaopcpb.org.br\/index.php\/wp-json\/wp\/v2\/posts"}],"about":[{"href":"https:\/\/sindaopcpb.org.br\/index.php\/wp-json\/wp\/v2\/types\/post"}],"author":[{"embeddable":true,"href":"https:\/\/sindaopcpb.org.br\/index.php\/wp-json\/wp\/v2\/users\/123457"}],"replies":[{"embeddable":true,"href":"https:\/\/sindaopcpb.org.br\/index.php\/wp-json\/wp\/v2\/comments?post=56358"}],"version-history":[{"count":3,"href":"https:\/\/sindaopcpb.org.br\/index.php\/wp-json\/wp\/v2\/posts\/56358\/revisions"}],"predecessor-version":[{"id":56392,"href":"https:\/\/sindaopcpb.org.br\/index.php\/wp-json\/wp\/v2\/posts\/56358\/revisions\/56392"}],"wp:attachment":[{"href":"https:\/\/sindaopcpb.org.br\/index.php\/wp-json\/wp\/v2\/media?parent=56358"}],"wp:term":[{"taxonomy":"category","embeddable":true,"href":"https:\/\/sindaopcpb.org.br\/index.php\/wp-json\/wp\/v2\/categories?post=56358"},{"taxonomy":"post_tag","embeddable":true,"href":"https:\/\/sindaopcpb.org.br\/index.php\/wp-json\/wp\/v2\/tags?post=56358"}],"curies":[{"name":"wp","href":"https:\/\/api.w.org\/{rel}","templated":true}]}}