{"id":56336,"date":"2025-04-13T11:55:27","date_gmt":"2025-04-13T14:55:27","guid":{"rendered":"https:\/\/sindaopcpb.org.br\/?p=56336"},"modified":"2025-04-14T07:31:23","modified_gmt":"2025-04-14T10:31:23","slug":"xxvi-congresso-nacional-da-cobrapol-uma-voz-unificada-pela-policia-civil","status":"publish","type":"post","link":"https:\/\/sindaopcpb.org.br\/index.php\/2025\/04\/13\/xxvi-congresso-nacional-da-cobrapol-uma-voz-unificada-pela-policia-civil\/","title":{"rendered":"XXVI Congresso Nacional da Cobrapol: Uma Voz Unificada pela Pol\u00edcia Civil"},"content":{"rendered":"\r\n<h2 class=\"wp-block-heading\">Contexto do XXVI Congresso Nacional da Cobrapol<\/h2>\r\n\r\n\r\n\r\n<p>O XXVI Congresso Nacional da Cobrapol ocorreu no Hotel Portobello, localizado na regi\u00e3o de Ondina, Salvador, um espa\u00e7o que proporcionou uma atmosfera apropriada para coletar as vozes de policiais civis de todo o Brasil. Este congresso \u00e9 considerado um marco significativo para os profissionais da seguran\u00e7a p\u00fablica, pois serve como um ponto de encontro para a discuss\u00e3o de temas relevantes que impactam diretamente a categoria. A reuni\u00e3o \u00e9 um exemplo da for\u00e7a coletiva e da unidade que a Cobrapol busca representar, reunindo membros que compartilham experi\u00eancias e desafios comuns.<\/p>\r\n\r\n\r\n\r\n<p>A import\u00e2ncia do evento n\u00e3o se limita apenas \u00e0 troca de informa\u00e7\u00f5es, mas tamb\u00e9m \u00e0 constru\u00e7\u00e3o de um espa\u00e7o de reflex\u00e3o sobre as diretrizes e os anseios da categoria policial civil. Durante o congresso, diversos t\u00f3picos foram abordados, incluindo tem\u00e1ticas sobre seguran\u00e7a p\u00fablica, condi\u00e7\u00f5es de trabalho e direitos dos policiais civis, criando um ambiente favor\u00e1vel para o desenvolvimento de propostas e solu\u00e7\u00f5es que visam a melhoria das condi\u00e7\u00f5es de desempenho e prote\u00e7\u00e3o dos profissionais da \u00e1rea. Al\u00e9m disso, eventos como este s\u00e3o fundamentais para fortalecer os la\u00e7os entre os membros, promovendo uma identidade coletiva e uma voz unificada que pode impactar a legisla\u00e7\u00e3o e as pol\u00edticas p\u00fablicas que regem a atua\u00e7\u00e3o da pol\u00edcia civil no Brasil.<\/p>\r\n\r\n\r\n\r\n<p>Assim, o papel da Cobrapol se torna ainda mais relevante neste contexto, ao se posicionar como um organismo representante dos interesses dos policiais civis. A realiza\u00e7\u00e3o de congressos desse porte, como o XXVI Congresso Nacional da Cobrapol, n\u00e3o apenas favorece a troca de experi\u00eancias e conhecimento, mas tamb\u00e9m enfatiza a necessidade de um di\u00e1logo constante entre a categoria e as institui\u00e7\u00f5es afastadas. Essas iniciativas s\u00e3o essenciais para que a voz dos policiais civis seja ouvida e respeitada em todos os n\u00edveis de tomada de decis\u00e3o.<\/p>\r\n\r\n\r\n\r\n<figure class=\"wp-block-image size-large\"><img loading=\"lazy\" decoding=\"async\" class=\"alignnone wp-image-56347 size-full\" src=\"https:\/\/sindaopcpb.org.br\/wp-content\/uploads\/2025\/04\/IMG_0318-scaled-e1744591678767.jpg\" alt=\"\" width=\"1664\" height=\"1018\" title=\"\" srcset=\"https:\/\/sindaopcpb.org.br\/wp-content\/uploads\/2025\/04\/IMG_0318-scaled-e1744591678767.jpg 1664w, https:\/\/sindaopcpb.org.br\/wp-content\/uploads\/2025\/04\/IMG_0318-scaled-e1744591678767-300x184.jpg 300w, https:\/\/sindaopcpb.org.br\/wp-content\/uploads\/2025\/04\/IMG_0318-scaled-e1744591678767-1024x626.jpg 1024w, https:\/\/sindaopcpb.org.br\/wp-content\/uploads\/2025\/04\/IMG_0318-scaled-e1744591678767-768x470.jpg 768w, https:\/\/sindaopcpb.org.br\/wp-content\/uploads\/2025\/04\/IMG_0318-scaled-e1744591678767-1536x940.jpg 1536w\" sizes=\"auto, (max-width: 1664px) 100vw, 1664px\" \/><\/figure>\r\n\r\n\r\n\r\n<h2 class=\"wp-block-heading\">Participa\u00e7\u00e3o de Charles Lustosa e Di\u00e1logo com Adriano Bandeira<\/h2>\r\n\r\n\r\n\r\n<p>No XXVI Congresso Nacional da Cobrapol, a presen\u00e7a de Charles Lustosa, presidente do Sindicato dos Agentes Operacionais de Policia Civil da Para\u00edba (Sindaopcpb), foi not\u00e1vel e emblem\u00e1tica para a categoria. Lustosa trouxe \u00e0 tona diversas reformas e necessidades que afetam diretamente a classe dos policiais civis. Em sua fala, ele destacou a import\u00e2ncia da integra\u00e7\u00e3o entre os sindicatos das pol\u00edcias civis em todo o Brasil, enfatizando que a uni\u00e3o pode gerar um movimento mais forte e coeso na busca por melhores condi\u00e7\u00f5es de trabalho e garantias para os profissionais da seguran\u00e7a p\u00fablica.<\/p>\r\n\r\n\r\n\r\n<p>Durante seu di\u00e1logo com Adriano Bandeira, presidente da Cobrapol, Lustosa apresentou quest\u00f5es cruciais, como a valoriza\u00e7\u00e3o salarial e os desafios enfrentados pelos policiais civis na sua atua\u00e7\u00e3o di\u00e1ria. O ambiente de discuss\u00e3o foi prop\u00edcio para que ambos refletem sobre as demandas comuns \u00e0 categoria e as estrat\u00e9gias que poderiam ser adotadas para enfrentar a realidade atual. A intera\u00e7\u00e3o entre Lustosa e Bandeira evidenciou a urg\u00eancia de um plano unificado que leve em considera\u00e7\u00e3o as particularidades de cada estado, mas que, ao mesmo tempo, se alinhe com uma vis\u00e3o nacional de valoriza\u00e7\u00e3o e apoio aos profissionais de seguran\u00e7a p\u00fablica uma vez que a Para\u00edba se encontra em fase de conclus\u00e3o dos trabalho da comiss\u00e3o da Delegacia Geral sobre a atualiza\u00e7\u00e3o da Lei Org\u00e2nica.<\/p>\r\n\r\n\r\n\r\n<p>A participa\u00e7\u00e3o de Charles Lustosa no congresso sublinhou a necessidade de que as vozes dos policiais civis de diferentes regi\u00f5es se fa\u00e7am ouvir em um f\u00f3rum que visa promover a prote\u00e7\u00e3o e os direitos de todos. Ao enfatizar a relev\u00e2ncia do di\u00e1logo entre os lideres sindicais, Lustosa deixou claro que somente atrav\u00e9s de uma lideran\u00e7a unida e proativa ser\u00e1 poss\u00edvel avan\u00e7ar nas lutas e reivindica\u00e7\u00f5es da categoria. Este encontro n\u00e3o apenas fortaleceu o v\u00ednculo entre os sindicatos, mas tamb\u00e9m estabeleceu um compromisso conjunto em buscar solu\u00e7\u00f5es que atendam \u00e0s necessidades dos policiais civis em todo o pa\u00eds nada disso seria poss\u00edvel sem o apoio de sua categoria na base, sua diretoria que esteve presente no congresso Gilson Marinho e Fabricio de Caldas e o companheiro Erivaldo Henrique do Sindspol-PB e podemos contar com Ant\u00f4nio Targino do Sindspol-PB que assume Secretaria Geral da Cobrapol.<\/p>\r\n\r\n\r\n\r\n<h2 class=\"wp-block-heading\">Temas Fundamentais: Lei Org\u00e2nica Nacional da Pol\u00edcia Civil<\/h2>\r\n\r\n\r\n\r\n<p>No XXVI Congresso Nacional da Cobrapol, um dos temas centrais discutidos foi a Lei Org\u00e2nica Nacional da Pol\u00edcia Civil, uma proposta legislativa que visa modernizar e regulamentar a atividade policial no Brasil. Os participantes do evento enfatizaram a import\u00e2ncia desse instrumento jur\u00eddico na valoriza\u00e7\u00e3o da profiss\u00e3o e na melhoria das condi\u00e7\u00f5es de trabalho dos policiais civis. O projeto de Lei Org\u00e2nica tem como objetivo proporcionar uma estrutura adequada para a atua\u00e7\u00e3o das for\u00e7as policiais, garantindo que suas atribui\u00e7\u00f5es e responsabilidades sejam claramente definidas e respeitadas.<\/p>\r\n\r\n\r\n\r\n<p>A regulamenta\u00e7\u00e3o proposta pela Lei Org\u00e2nica \u00e9 essencial para abordar as quest\u00f5es relacionadas ao impacto social e organizacional das a\u00e7\u00f5es da Pol\u00edcia Civil. Os associados presentes expressaram a necessidade urgente de atualiza\u00e7\u00e3o das normas e diretrizes que regem suas pr\u00e1ticas, o que \u00e9 fundamental para a constru\u00e7\u00e3o de uma pol\u00edcia mais eficiente, transparente e respeitosa com os direitos dos cidad\u00e3os. Al\u00e9m disso, a legisla\u00e7\u00e3o se destaca por promover a valoriza\u00e7\u00e3o do policial civil, que frequentemente enfrenta desafios significativos em sua atua\u00e7\u00e3o cotidiana.<\/p>\r\n\r\n\r\n\r\n<p>Os debates ocorridos durante o congresso revelaram que os policiais civis veem a implementa\u00e7\u00e3o da Lei Org\u00e2nica como uma maneira de fortalecer a imagem da institui\u00e7\u00e3o e criar um quadro legal que favore\u00e7a tanto o exerc\u00edcio das fun\u00e7\u00f5es policiais quanto a prote\u00e7\u00e3o dos direitos dos profissionais. Os participantes compartilharam dados e experi\u00eancias que evidenciaram a necessidade dessa reforma, reafirmando o compromisso da categoria em se unir em torno da busca por melhorias. A Lei Org\u00e2nica Nacional da Pol\u00edcia Civil, portanto, \u00e9 vista como um passo crucial para assegurar que a profiss\u00e3o esteja inserida em um contexto de respeito e valoriza\u00e7\u00e3o adequados.<\/p>\r\n\r\n\r\n\r\n<h2 class=\"wp-block-heading\">Sindicato no \u00daltimo Pleito Eleitoral: Uma Experi\u00eancia Compartilhada<\/h2>\r\n\r\n\r\n\r\n<p>No contexto do \u00faltimo pleito eleitoral, o Sindicato dos Policiais Civis se mostrou um fator determinante para a valoriza\u00e7\u00e3o da categoria e para o fortalecimento da voz da Pol\u00edcia Civil. A presen\u00e7a ativa do sindicato, liderada por representantes como Charles Lustosa, evidenciou a import\u00e2ncia de uma uni\u00e3o em prol de objetivos comuns. O sindicato incentivou seus membros para promover candidatos e propostas que refletissem os interesses dos policiais civis.<\/p>\r\n\r\n\r\n\r\n<p>Os aprendizados adquiridos durante o pleito s\u00e3o valiosos para o futuro. A intera\u00e7\u00e3o com a popula\u00e7\u00e3o e com os pol\u00edticos n\u00e3o apenas melhorou a imagem da Pol\u00edcia Civil, mas tamb\u00e9m abriu um di\u00e1logo sobre as exig\u00eancias e necessidades da categoria. O fortalecimento das alian\u00e7as pol\u00edticas e a conscientiza\u00e7\u00e3o eleitoral foram passos significativos que podem inspirar novas estrat\u00e9gias nas pr\u00f3ximas elei\u00e7\u00f5es. A experi\u00eancia demonstra que o engajamento e a representatividade da categoria s\u00e3o fundamentais para garantir que suas vozes sejam ouvidas e respeitadas na esfera pol\u00edtica e a Cobrapol tem um papel importante neste momento em conhecer cada um desses policias em todo Brasil, essa foi a segunda participa\u00e7\u00e3o de Lustosa em Congresso da Cobrapol debatendo sobre o tema empoderamento politico.<\/p>\r\n\r\n\r\n\r\n<figure class=\"wp-block-image size-large\"><img loading=\"lazy\" decoding=\"async\" class=\"alignnone wp-image-56356 size-full\" src=\"https:\/\/sindaopcpb.org.br\/wp-content\/uploads\/2025\/04\/WhatsApp-Image-2025-04-13-at-11.22.51-e1744591333871.jpeg\" alt=\"\" width=\"1052\" height=\"478\" title=\"\" srcset=\"https:\/\/sindaopcpb.org.br\/wp-content\/uploads\/2025\/04\/WhatsApp-Image-2025-04-13-at-11.22.51-e1744591333871.jpeg 1052w, https:\/\/sindaopcpb.org.br\/wp-content\/uploads\/2025\/04\/WhatsApp-Image-2025-04-13-at-11.22.51-e1744591333871-300x136.jpeg 300w, https:\/\/sindaopcpb.org.br\/wp-content\/uploads\/2025\/04\/WhatsApp-Image-2025-04-13-at-11.22.51-e1744591333871-1024x465.jpeg 1024w, https:\/\/sindaopcpb.org.br\/wp-content\/uploads\/2025\/04\/WhatsApp-Image-2025-04-13-at-11.22.51-e1744591333871-768x349.jpeg 768w\" sizes=\"auto, (max-width: 1052px) 100vw, 1052px\" \/><\/figure>\r\n\r\n\r\n\r\n<figure class=\"wp-block-gallery has-nested-images columns-default is-cropped wp-block-gallery-1 is-layout-flex wp-block-gallery-is-layout-flex\">\r\n<figure class=\"wp-block-image size-large\"><img loading=\"lazy\" decoding=\"async\" data-id=\"56355\" class=\"alignnone wp-image-56355 size-full\" src=\"https:\/\/sindaopcpb.org.br\/wp-content\/uploads\/2025\/04\/WhatsApp-Image-2025-04-13-at-11.24.21-e1744591363834.jpeg\" alt=\"\" width=\"960\" height=\"480\" title=\"\" srcset=\"https:\/\/sindaopcpb.org.br\/wp-content\/uploads\/2025\/04\/WhatsApp-Image-2025-04-13-at-11.24.21-e1744591363834.jpeg 960w, https:\/\/sindaopcpb.org.br\/wp-content\/uploads\/2025\/04\/WhatsApp-Image-2025-04-13-at-11.24.21-e1744591363834-300x150.jpeg 300w, https:\/\/sindaopcpb.org.br\/wp-content\/uploads\/2025\/04\/WhatsApp-Image-2025-04-13-at-11.24.21-e1744591363834-768x384.jpeg 768w\" sizes=\"auto, (max-width: 960px) 100vw, 960px\" \/><\/figure>\r\n\r\n\r\n\r\n<figure class=\"wp-block-image size-large\"><img loading=\"lazy\" decoding=\"async\" data-id=\"56352\" class=\"alignnone wp-image-56352 size-full\" src=\"https:\/\/sindaopcpb.org.br\/wp-content\/uploads\/2025\/04\/WhatsApp-Image-2025-04-13-at-11.24.22-e1744591445797.jpeg\" alt=\"\" width=\"845\" height=\"615\" title=\"\"><\/figure>\r\n\r\n\r\n\r\n<figure class=\"wp-block-image size-large\"><img loading=\"lazy\" decoding=\"async\" data-id=\"56350\" class=\"alignnone wp-image-56350 size-full\" src=\"https:\/\/sindaopcpb.org.br\/wp-content\/uploads\/2025\/04\/WhatsApp-Image-2025-04-13-at-11.27.40-e1744591802806.jpeg\" alt=\"\" width=\"960\" height=\"460\" title=\"\" srcset=\"https:\/\/sindaopcpb.org.br\/wp-content\/uploads\/2025\/04\/WhatsApp-Image-2025-04-13-at-11.27.40-e1744591802806.jpeg 960w, https:\/\/sindaopcpb.org.br\/wp-content\/uploads\/2025\/04\/WhatsApp-Image-2025-04-13-at-11.27.40-e1744591802806-300x144.jpeg 300w, https:\/\/sindaopcpb.org.br\/wp-content\/uploads\/2025\/04\/WhatsApp-Image-2025-04-13-at-11.27.40-e1744591802806-768x368.jpeg 768w\" sizes=\"auto, (max-width: 960px) 100vw, 960px\" \/><\/figure>\r\n\r\n\r\n\r\n<figure class=\"wp-block-image size-large\"><img loading=\"lazy\" decoding=\"async\" data-id=\"56342\" class=\"alignnone wp-image-56342 size-full\" src=\"https:\/\/sindaopcpb.org.br\/wp-content\/uploads\/2025\/04\/IMG_9208-e1744591830702.jpg\" alt=\"\" width=\"1620\" height=\"867\" title=\"\" srcset=\"https:\/\/sindaopcpb.org.br\/wp-content\/uploads\/2025\/04\/IMG_9208-e1744591830702.jpg 1620w, https:\/\/sindaopcpb.org.br\/wp-content\/uploads\/2025\/04\/IMG_9208-e1744591830702-300x161.jpg 300w, https:\/\/sindaopcpb.org.br\/wp-content\/uploads\/2025\/04\/IMG_9208-e1744591830702-1024x548.jpg 1024w, https:\/\/sindaopcpb.org.br\/wp-content\/uploads\/2025\/04\/IMG_9208-e1744591830702-768x411.jpg 768w, https:\/\/sindaopcpb.org.br\/wp-content\/uploads\/2025\/04\/IMG_9208-e1744591830702-1536x822.jpg 1536w\" sizes=\"auto, (max-width: 1620px) 100vw, 1620px\" \/><\/figure>\r\n\r\n\r\n\r\n<figure class=\"wp-block-image size-large\"><img loading=\"lazy\" decoding=\"async\" data-id=\"56339\" class=\"alignnone wp-image-56339 size-full\" src=\"https:\/\/sindaopcpb.org.br\/wp-content\/uploads\/2025\/04\/IMG_9336-e1744591866682.jpg\" alt=\"\" width=\"1620\" height=\"788\" title=\"\" srcset=\"https:\/\/sindaopcpb.org.br\/wp-content\/uploads\/2025\/04\/IMG_9336-e1744591866682.jpg 1620w, https:\/\/sindaopcpb.org.br\/wp-content\/uploads\/2025\/04\/IMG_9336-e1744591866682-300x146.jpg 300w, https:\/\/sindaopcpb.org.br\/wp-content\/uploads\/2025\/04\/IMG_9336-e1744591866682-1024x498.jpg 1024w, https:\/\/sindaopcpb.org.br\/wp-content\/uploads\/2025\/04\/IMG_9336-e1744591866682-768x374.jpg 768w, https:\/\/sindaopcpb.org.br\/wp-content\/uploads\/2025\/04\/IMG_9336-e1744591866682-1536x747.jpg 1536w\" sizes=\"auto, (max-width: 1620px) 100vw, 1620px\" \/><\/figure>\r\n\r\n\r\n\r\n<figure class=\"wp-block-image size-large\"><img loading=\"lazy\" decoding=\"async\" data-id=\"56340\" class=\"alignnone wp-image-56340 size-full\" src=\"https:\/\/sindaopcpb.org.br\/wp-content\/uploads\/2025\/04\/IMG_9248-e1744591893341.jpg\" alt=\"\" width=\"1620\" height=\"907\" title=\"\" srcset=\"https:\/\/sindaopcpb.org.br\/wp-content\/uploads\/2025\/04\/IMG_9248-e1744591893341.jpg 1620w, https:\/\/sindaopcpb.org.br\/wp-content\/uploads\/2025\/04\/IMG_9248-e1744591893341-300x168.jpg 300w, https:\/\/sindaopcpb.org.br\/wp-content\/uploads\/2025\/04\/IMG_9248-e1744591893341-1024x573.jpg 1024w, https:\/\/sindaopcpb.org.br\/wp-content\/uploads\/2025\/04\/IMG_9248-e1744591893341-768x430.jpg 768w, https:\/\/sindaopcpb.org.br\/wp-content\/uploads\/2025\/04\/IMG_9248-e1744591893341-1536x860.jpg 1536w\" sizes=\"auto, (max-width: 1620px) 100vw, 1620px\" \/><\/figure>\r\n\r\n\r\n\r\n<figure class=\"wp-block-image size-large\"><img loading=\"lazy\" decoding=\"async\" data-id=\"56345\" class=\"alignnone wp-image-56345 size-full\" src=\"https:\/\/sindaopcpb.org.br\/wp-content\/uploads\/2025\/04\/IMG_0452-scaled-e1744591922303.jpg\" alt=\"\" width=\"2458\" height=\"943\" title=\"\" srcset=\"https:\/\/sindaopcpb.org.br\/wp-content\/uploads\/2025\/04\/IMG_0452-scaled-e1744591922303.jpg 2458w, https:\/\/sindaopcpb.org.br\/wp-content\/uploads\/2025\/04\/IMG_0452-scaled-e1744591922303-300x115.jpg 300w, https:\/\/sindaopcpb.org.br\/wp-content\/uploads\/2025\/04\/IMG_0452-scaled-e1744591922303-1024x393.jpg 1024w, https:\/\/sindaopcpb.org.br\/wp-content\/uploads\/2025\/04\/IMG_0452-scaled-e1744591922303-768x295.jpg 768w, https:\/\/sindaopcpb.org.br\/wp-content\/uploads\/2025\/04\/IMG_0452-scaled-e1744591922303-1536x589.jpg 1536w, https:\/\/sindaopcpb.org.br\/wp-content\/uploads\/2025\/04\/IMG_0452-scaled-e1744591922303-2048x786.jpg 2048w\" sizes=\"auto, (max-width: 2458px) 100vw, 2458px\" \/><\/figure>\r\n\r\n\r\n\r\n<figure class=\"wp-block-image size-large\"><img loading=\"lazy\" decoding=\"async\" data-id=\"56349\" class=\"alignnone wp-image-56349\" src=\"https:\/\/sindaopcpb.org.br\/wp-content\/uploads\/2025\/04\/IMG_0320-1024x683.jpg\" alt=\"\" width=\"1024\" height=\"683\" title=\"\"><\/figure>\r\n<\/figure>\r\n","protected":false},"excerpt":{"rendered":"<p>XXVI Congresso Nacional da Cobrapol, a presen\u00e7a de Charles Lustosa, presidente do Sindicato dos Policiais Civis da Para\u00edba (Sindaopcpb)<\/p>\n","protected":false},"author":7,"featured_media":56377,"comment_status":"open","ping_status":"open","sticky":false,"template":"","format":"standard","meta":{"advgb_blocks_editor_width":"","advgb_blocks_columns_visual_guide":"","footnotes":""},"categories":[10858,3747,10832],"tags":[10859],"class_list":["post-56336","post","type-post","status-publish","format-standard","has-post-thumbnail","hentry","category-eventos-de-seguranca-publica","category-eventos","category-sindao-pcpb","tag-police-union"],"author_meta":{"display_name":"charles lustosa dos passos","author_link":"https:\/\/sindaopcpb.org.br\/author\/charles\/"},"featured_img":"https:\/\/sindaopcpb.org.br\/wp-content\/uploads\/2025\/04\/IMG_5463-2-1536x2048-1-300x141.jpg","coauthors":[],"tax_additional":{"categories":{"linked":["<a href=\"https:\/\/sindaopcpb.org.br\/eventos-de-seguranca-publica\/\" class=\"advgb-post-tax-term\">Eventos de Seguran\u00e7a P\u00fablica<\/a>","<a href=\"https:\/\/sindaopcpb.org.br\/eventos\/\" class=\"advgb-post-tax-term\">eventos<\/a>","<a href=\"https:\/\/sindaopcpb.org.br\/sindao-pcpb\/\" class=\"advgb-post-tax-term\">Sindao-PCPB<\/a>"],"unlinked":["<span class=\"advgb-post-tax-term\">Eventos de Seguran\u00e7a P\u00fablica<\/span>","<span class=\"advgb-post-tax-term\">eventos<\/span>","<span class=\"advgb-post-tax-term\">Sindao-PCPB<\/span>"]},"tags":{"linked":["<a href=\"https:\/\/sindaopcpb.org.br\/sindao-pcpb\/\" class=\"advgb-post-tax-term\">police union<\/a>"],"unlinked":["<span class=\"advgb-post-tax-term\">police union<\/span>"]}},"comment_count":"0","relative_dates":{"created":"Publicado 1 ano atr\u00e1s","modified":"Atualizado 1 ano atr\u00e1s"},"absolute_dates":{"created":"Publicado em 13 de abril de 2025","modified":"Atualizado em 14 de abril de 2025"},"absolute_dates_time":{"created":"Publicado em 13 de abril de 2025 11:55","modified":"Atualizado em 14 de abril de 2025 07:31"},"featured_img_caption":"","series_order":"","_links":{"self":[{"href":"https:\/\/sindaopcpb.org.br\/index.php\/wp-json\/wp\/v2\/posts\/56336","targetHints":{"allow":["GET"]}}],"collection":[{"href":"https:\/\/sindaopcpb.org.br\/index.php\/wp-json\/wp\/v2\/posts"}],"about":[{"href":"https:\/\/sindaopcpb.org.br\/index.php\/wp-json\/wp\/v2\/types\/post"}],"author":[{"embeddable":true,"href":"https:\/\/sindaopcpb.org.br\/index.php\/wp-json\/wp\/v2\/users\/7"}],"replies":[{"embeddable":true,"href":"https:\/\/sindaopcpb.org.br\/index.php\/wp-json\/wp\/v2\/comments?post=56336"}],"version-history":[{"count":12,"href":"https:\/\/sindaopcpb.org.br\/index.php\/wp-json\/wp\/v2\/posts\/56336\/revisions"}],"predecessor-version":[{"id":56385,"href":"https:\/\/sindaopcpb.org.br\/index.php\/wp-json\/wp\/v2\/posts\/56336\/revisions\/56385"}],"wp:featuredmedia":[{"embeddable":true,"href":"https:\/\/sindaopcpb.org.br\/index.php\/wp-json\/wp\/v2\/media\/56377"}],"wp:attachment":[{"href":"https:\/\/sindaopcpb.org.br\/index.php\/wp-json\/wp\/v2\/media?parent=56336"}],"wp:term":[{"taxonomy":"category","embeddable":true,"href":"https:\/\/sindaopcpb.org.br\/index.php\/wp-json\/wp\/v2\/categories?post=56336"},{"taxonomy":"post_tag","embeddable":true,"href":"https:\/\/sindaopcpb.org.br\/index.php\/wp-json\/wp\/v2\/tags?post=56336"}],"curies":[{"name":"wp","href":"https:\/\/api.w.org\/{rel}","templated":true}]}}