{"id":56331,"date":"2025-04-12T14:28:07","date_gmt":"2025-04-12T17:28:07","guid":{"rendered":"https:\/\/www.pbagora.com.br\/?p=895438"},"modified":"2025-04-12T14:28:07","modified_gmt":"2025-04-12T17:28:07","slug":"vitimas-de-explosao-de-compressor-em-joao-pessoa-seguem-internadas-no-hospital-de-trauma","status":"publish","type":"post","link":"https:\/\/sindaopcpb.org.br\/index.php\/2025\/04\/12\/vitimas-de-explosao-de-compressor-em-joao-pessoa-seguem-internadas-no-hospital-de-trauma\/","title":{"rendered":"V\u00edtimas de explos\u00e3o de compressor em Jo\u00e3o Pessoa seguem internadas no Hospital de Trauma"},"content":{"rendered":"<p><img width=\"900\" height=\"890\" src=\"https:\/\/www.pbagora.com.br\/storage\/2025\/04\/Compressor-1.jpg\" class=\"attachment-large size-large wp-post-image\" alt=\"\" style=\"margin-bottom: 20px;\" decoding=\"async\" loading=\"lazy\" srcset=\"https:\/\/www.pbagora.com.br\/storage\/2025\/04\/Compressor-1.jpg 900w, https:\/\/www.pbagora.com.br\/storage\/2025\/04\/Compressor-1-300x297.jpg 300w, https:\/\/www.pbagora.com.br\/storage\/2025\/04\/Compressor-1-150x148.jpg 150w, https:\/\/www.pbagora.com.br\/storage\/2025\/04\/Compressor-1-768x759.jpg 768w, https:\/\/www.pbagora.com.br\/storage\/2025\/04\/Compressor-1-80x80.jpg 80w, https:\/\/www.pbagora.com.br\/storage\/2025\/04\/Compressor-1-110x110.jpg 110w, https:\/\/www.pbagora.com.br\/storage\/2025\/04\/Compressor-1-380x376.jpg 380w, https:\/\/www.pbagora.com.br\/storage\/2025\/04\/Compressor-1-800x791.jpg 800w, https:\/\/www.pbagora.com.br\/storage\/2025\/04\/Compressor-1-760x752.jpg 760w, https:\/\/www.pbagora.com.br\/storage\/2025\/04\/Compressor-1-600x593.jpg 600w\" sizes=\"auto, (max-width: 900px) 100vw, 900px\" \/><\/p>\n<p>Os dois trabalhadores que foram atingidos pela explos\u00e3o de um compressor em Jo\u00e3o Pessoa permanecem internados no no Hospital de Emerg\u00eancia e Trauma de Jo\u00e3o Pessoa. De acordo com novo boletim divulgado pela unidade hospitalar na manh\u00e3 deste s\u00e1bado, os homens de 48 e 49 anos permanecem no complexo hospitalar com o estado de sa\u00fade considerado regular.<\/p>\n\n\n\n<p>O acidente ocorreu ontem, dentro de uma loja especializada em manuten\u00e7\u00e3o de aparelhos de ar-condicionado residencial, assustando moradores e comerciantes da regi\u00e3o. Segundo informa\u00e7\u00f5es de testemunhas, as v\u00edtimas estavam trabalhando no local no momento do acidente.<\/p>\n\n\n\n<p>Os feridos foram socorridos por equipes do SAMU e do Corpo de Bombeiros e as causas do acidente est\u00e3o sendo investigadas.<\/p>\n\n\n\n<p><strong><em>PB Agora<\/em><\/strong><\/p>\n","protected":false},"excerpt":{"rendered":"<p><img decoding=\"async\" width=\"900\" height=\"890\" src=\"https:\/\/www.pbagora.com.br\/storage\/2025\/04\/Compressor-1.jpg\" class=\"attachment-large size-large wp-post-image\" alt=\"\" loading=\"lazy\"><\/p>\n<p>Os dois trabalhadores que foram atingidos pela explos\u00e3o de um compressor em Jo\u00e3o Pessoa permanecem internados no no\u2026<\/p>\n","protected":false},"author":123457,"featured_media":0,"comment_status":"closed","ping_status":"closed","sticky":false,"template":"","format":"standard","meta":{"advgb_blocks_editor_width":"","advgb_blocks_columns_visual_guide":"","footnotes":""},"categories":[34],"tags":[10841,35,10839],"class_list":["post-56331","post","type-post","status-publish","format-standard","hentry","category-g1","tag-destaque-centro-02","tag-g1","tag-policial"],"author_meta":{"display_name":"Reda\u00e7\u00e3o","author_link":"https:\/\/sindaopcpb.org.br\/author\/redacao\/"},"featured_img":null,"coauthors":[],"tax_additional":{"categories":{"linked":["<a href=\"https:\/\/sindaopcpb.org.br\/g1\/\" class=\"advgb-post-tax-term\">G1<\/a>"],"unlinked":["<span class=\"advgb-post-tax-term\">G1<\/span>"]},"tags":{"linked":["<a href=\"https:\/\/sindaopcpb.org.br\/g1\/\" class=\"advgb-post-tax-term\">Destaque Centro 02<\/a>","<a href=\"https:\/\/sindaopcpb.org.br\/g1\/\" class=\"advgb-post-tax-term\">g1<\/a>","<a href=\"https:\/\/sindaopcpb.org.br\/g1\/\" class=\"advgb-post-tax-term\">Policial<\/a>"],"unlinked":["<span class=\"advgb-post-tax-term\">Destaque Centro 02<\/span>","<span class=\"advgb-post-tax-term\">g1<\/span>","<span class=\"advgb-post-tax-term\">Policial<\/span>"]}},"comment_count":"0","relative_dates":{"created":"Publicado 1 ano atr\u00e1s","modified":"Atualizado 1 ano atr\u00e1s"},"absolute_dates":{"created":"Publicado em 12 de abril de 2025","modified":"Atualizado em 12 de abril de 2025"},"absolute_dates_time":{"created":"Publicado em 12 de abril de 2025 14:28","modified":"Atualizado em 12 de abril de 2025 14:28"},"featured_img_caption":"","series_order":"","_links":{"self":[{"href":"https:\/\/sindaopcpb.org.br\/index.php\/wp-json\/wp\/v2\/posts\/56331","targetHints":{"allow":["GET"]}}],"collection":[{"href":"https:\/\/sindaopcpb.org.br\/index.php\/wp-json\/wp\/v2\/posts"}],"about":[{"href":"https:\/\/sindaopcpb.org.br\/index.php\/wp-json\/wp\/v2\/types\/post"}],"author":[{"embeddable":true,"href":"https:\/\/sindaopcpb.org.br\/index.php\/wp-json\/wp\/v2\/users\/123457"}],"replies":[{"embeddable":true,"href":"https:\/\/sindaopcpb.org.br\/index.php\/wp-json\/wp\/v2\/comments?post=56331"}],"version-history":[{"count":1,"href":"https:\/\/sindaopcpb.org.br\/index.php\/wp-json\/wp\/v2\/posts\/56331\/revisions"}],"predecessor-version":[{"id":56332,"href":"https:\/\/sindaopcpb.org.br\/index.php\/wp-json\/wp\/v2\/posts\/56331\/revisions\/56332"}],"wp:attachment":[{"href":"https:\/\/sindaopcpb.org.br\/index.php\/wp-json\/wp\/v2\/media?parent=56331"}],"wp:term":[{"taxonomy":"category","embeddable":true,"href":"https:\/\/sindaopcpb.org.br\/index.php\/wp-json\/wp\/v2\/categories?post=56331"},{"taxonomy":"post_tag","embeddable":true,"href":"https:\/\/sindaopcpb.org.br\/index.php\/wp-json\/wp\/v2\/tags?post=56331"}],"curies":[{"name":"wp","href":"https:\/\/api.w.org\/{rel}","templated":true}]}}