{"id":56328,"date":"2025-04-12T20:17:33","date_gmt":"2025-04-12T23:17:33","guid":{"rendered":"https:\/\/www.pbagora.com.br\/?p=895483"},"modified":"2025-04-13T08:30:33","modified_gmt":"2025-04-13T11:30:33","slug":"dois-jovens-sao-assassinados-a-tiros-dentro-de-barbearia-na-cidade-de-pedras-de-fogo","status":"publish","type":"post","link":"https:\/\/sindaopcpb.org.br\/index.php\/2025\/04\/12\/dois-jovens-sao-assassinados-a-tiros-dentro-de-barbearia-na-cidade-de-pedras-de-fogo\/","title":{"rendered":"Dois jovens s\u00e3o assassinados a tiros dentro de barbearia na cidade de Pedras de Fogo"},"content":{"rendered":"<p><img width=\"687\" height=\"463\" src=\"https:\/\/www.pbagora.com.br\/storage\/2023\/11\/csm_csm_csm_numol_ipc_paraiba_pb_viatura_homicidio_235df1b1b6_f5403bcde5_1b010ebc90.jpg\" class=\"attachment-large size-large wp-post-image\" alt=\"\" style=\"margin-bottom: 20px;\" decoding=\"async\" srcset=\"https:\/\/www.pbagora.com.br\/storage\/2023\/11\/csm_csm_csm_numol_ipc_paraiba_pb_viatura_homicidio_235df1b1b6_f5403bcde5_1b010ebc90.jpg 687w, https:\/\/www.pbagora.com.br\/storage\/2023\/11\/csm_csm_csm_numol_ipc_paraiba_pb_viatura_homicidio_235df1b1b6_f5403bcde5_1b010ebc90-300x202.jpg 300w, https:\/\/www.pbagora.com.br\/storage\/2023\/11\/csm_csm_csm_numol_ipc_paraiba_pb_viatura_homicidio_235df1b1b6_f5403bcde5_1b010ebc90-150x101.jpg 150w, https:\/\/www.pbagora.com.br\/storage\/2023\/11\/csm_csm_csm_numol_ipc_paraiba_pb_viatura_homicidio_235df1b1b6_f5403bcde5_1b010ebc90-380x256.jpg 380w, https:\/\/www.pbagora.com.br\/storage\/2023\/11\/csm_csm_csm_numol_ipc_paraiba_pb_viatura_homicidio_235df1b1b6_f5403bcde5_1b010ebc90-80x54.jpg 80w, https:\/\/www.pbagora.com.br\/storage\/2023\/11\/csm_csm_csm_numol_ipc_paraiba_pb_viatura_homicidio_235df1b1b6_f5403bcde5_1b010ebc90-600x404.jpg 600w\" sizes=\"(max-width: 687px) 100vw, 687px\" \/><\/p>\n<p>O assassinato de dois jovens assustou a popula\u00e7\u00e3o da cidade de Pedras de Fogo, no Litoral Sul da Para\u00edba, na tarde deste s\u00e1bado (12). De acordo com a Pol\u00edcia Militar, as v\u00edtimas de 20 e 24 anos estavam no interior de uma barbearia quando foram surpreendidas por tr\u00eas homens que chegaram de moto.<\/p>\n\n\n\n<p>Os rapazes foram identificados como C\u00e9sar Augusto F\u00e9lix da Silva e&nbsp;Lucas Henrique Barros. Segundo os primeiros levantamentos realizados no local do crime, Lucas Henrique havia sa\u00eddo recentemente do sistema prisional e j\u00e1 havia sido alvo de uma tentativa de homic\u00eddio.<\/p>\n\n\n\n<p>Os criminosos fugiram logo ap\u00f3s o ataque e\u00a0at\u00e9 o momento n\u00e3o identificados. O caso est\u00e1 sendo investigado e qualquer informa\u00e7\u00e3o que possa ajudar a pol\u00edcia a esclarecer o crime, pode ser transmitida de forma an\u00f4nima atrav\u00e9s do n\u00famero 197 ou do pr\u00f3prio 190 da Pol\u00edcia Militar.<\/p>\n\n\n\n<p><strong><em>PB Agora<\/em><\/strong><\/p>\n\n\n\n<p><\/p>\n","protected":false},"excerpt":{"rendered":"<p><img loading=\"lazy\" decoding=\"async\" width=\"687\" height=\"463\" src=\"https:\/\/www.pbagora.com.br\/storage\/2023\/11\/csm_csm_csm_numol_ipc_paraiba_pb_viatura_homicidio_235df1b1b6_f5403bcde5_1b010ebc90.jpg\" class=\"attachment-large size-large wp-post-image\" alt=\"\"><\/p>\n<p>O assassinato de dois jovens assustou a popula\u00e7\u00e3o da cidade de Pedras de Fogo, no Litoral Sul da\u2026<\/p>\n","protected":false},"author":123457,"featured_media":0,"comment_status":"closed","ping_status":"closed","sticky":false,"template":"","format":"standard","meta":{"advgb_blocks_editor_width":"","advgb_blocks_columns_visual_guide":"","footnotes":""},"categories":[34],"tags":[10841,35,10839],"class_list":["post-56328","post","type-post","status-publish","format-standard","hentry","category-g1","tag-destaque-centro-02","tag-g1","tag-policial"],"author_meta":{"display_name":"Reda\u00e7\u00e3o","author_link":"https:\/\/sindaopcpb.org.br\/author\/redacao\/"},"featured_img":null,"coauthors":[],"tax_additional":{"categories":{"linked":["<a href=\"https:\/\/sindaopcpb.org.br\/g1\/\" class=\"advgb-post-tax-term\">G1<\/a>"],"unlinked":["<span class=\"advgb-post-tax-term\">G1<\/span>"]},"tags":{"linked":["<a href=\"https:\/\/sindaopcpb.org.br\/g1\/\" class=\"advgb-post-tax-term\">Destaque Centro 02<\/a>","<a href=\"https:\/\/sindaopcpb.org.br\/g1\/\" class=\"advgb-post-tax-term\">g1<\/a>","<a href=\"https:\/\/sindaopcpb.org.br\/g1\/\" class=\"advgb-post-tax-term\">Policial<\/a>"],"unlinked":["<span class=\"advgb-post-tax-term\">Destaque Centro 02<\/span>","<span class=\"advgb-post-tax-term\">g1<\/span>","<span class=\"advgb-post-tax-term\">Policial<\/span>"]}},"comment_count":"0","relative_dates":{"created":"Publicado 1 ano atr\u00e1s","modified":"Atualizado 1 ano atr\u00e1s"},"absolute_dates":{"created":"Publicado em 12 de abril de 2025","modified":"Atualizado em 13 de abril de 2025"},"absolute_dates_time":{"created":"Publicado em 12 de abril de 2025 20:17","modified":"Atualizado em 13 de abril de 2025 08:30"},"featured_img_caption":"","series_order":"","_links":{"self":[{"href":"https:\/\/sindaopcpb.org.br\/index.php\/wp-json\/wp\/v2\/posts\/56328","targetHints":{"allow":["GET"]}}],"collection":[{"href":"https:\/\/sindaopcpb.org.br\/index.php\/wp-json\/wp\/v2\/posts"}],"about":[{"href":"https:\/\/sindaopcpb.org.br\/index.php\/wp-json\/wp\/v2\/types\/post"}],"author":[{"embeddable":true,"href":"https:\/\/sindaopcpb.org.br\/index.php\/wp-json\/wp\/v2\/users\/123457"}],"replies":[{"embeddable":true,"href":"https:\/\/sindaopcpb.org.br\/index.php\/wp-json\/wp\/v2\/comments?post=56328"}],"version-history":[{"count":4,"href":"https:\/\/sindaopcpb.org.br\/index.php\/wp-json\/wp\/v2\/posts\/56328\/revisions"}],"predecessor-version":[{"id":56383,"href":"https:\/\/sindaopcpb.org.br\/index.php\/wp-json\/wp\/v2\/posts\/56328\/revisions\/56383"}],"wp:attachment":[{"href":"https:\/\/sindaopcpb.org.br\/index.php\/wp-json\/wp\/v2\/media?parent=56328"}],"wp:term":[{"taxonomy":"category","embeddable":true,"href":"https:\/\/sindaopcpb.org.br\/index.php\/wp-json\/wp\/v2\/categories?post=56328"},{"taxonomy":"post_tag","embeddable":true,"href":"https:\/\/sindaopcpb.org.br\/index.php\/wp-json\/wp\/v2\/tags?post=56328"}],"curies":[{"name":"wp","href":"https:\/\/api.w.org\/{rel}","templated":true}]}}