{"id":56295,"date":"2025-04-11T13:28:29","date_gmt":"2025-04-11T16:28:29","guid":{"rendered":"https:\/\/www.pbagora.com.br\/?p=895286"},"modified":"2025-04-11T13:28:29","modified_gmt":"2025-04-11T16:28:29","slug":"policia-civil-divulga-identidade-de-foragido-acusado-de-roubo-seguido-de-morte-no-sertao-paraibano","status":"publish","type":"post","link":"https:\/\/sindaopcpb.org.br\/index.php\/2025\/04\/11\/policia-civil-divulga-identidade-de-foragido-acusado-de-roubo-seguido-de-morte-no-sertao-paraibano\/","title":{"rendered":"Pol\u00edcia Civil divulga identidade de foragido acusado de roubo seguido de morte no Sert\u00e3o paraibano"},"content":{"rendered":"<p><img width=\"918\" height=\"1024\" src=\"https:\/\/pbagora.s3.amazonaws.com\/2025\/04\/11114659\/WhatsApp-Image-2025-04-11-at-10.13.19-1-918x1024.jpeg\" class=\"attachment-large size-large wp-post-image\" alt=\"\" style=\"margin-bottom: 20px;\" decoding=\"async\" srcset=\"https:\/\/pbagora.s3.amazonaws.com\/2025\/04\/11114659\/WhatsApp-Image-2025-04-11-at-10.13.19-1-918x1024.jpeg 918w, https:\/\/pbagora.s3.amazonaws.com\/2025\/04\/11114659\/WhatsApp-Image-2025-04-11-at-10.13.19-1-269x300.jpeg 269w, https:\/\/pbagora.s3.amazonaws.com\/2025\/04\/11114659\/WhatsApp-Image-2025-04-11-at-10.13.19-1-134x150.jpeg 134w, https:\/\/pbagora.s3.amazonaws.com\/2025\/04\/11114659\/WhatsApp-Image-2025-04-11-at-10.13.19-1-768x857.jpeg 768w, https:\/\/pbagora.s3.amazonaws.com\/2025\/04\/11114659\/WhatsApp-Image-2025-04-11-at-10.13.19-1-380x424.jpeg 380w, https:\/\/pbagora.s3.amazonaws.com\/2025\/04\/11114659\/WhatsApp-Image-2025-04-11-at-10.13.19-1-800x893.jpeg 800w, https:\/\/pbagora.s3.amazonaws.com\/2025\/04\/11114659\/WhatsApp-Image-2025-04-11-at-10.13.19-1-80x89.jpeg 80w, https:\/\/pbagora.s3.amazonaws.com\/2025\/04\/11114659\/WhatsApp-Image-2025-04-11-at-10.13.19-1-72x80.jpeg 72w, https:\/\/pbagora.s3.amazonaws.com\/2025\/04\/11114659\/WhatsApp-Image-2025-04-11-at-10.13.19-1-760x848.jpeg 760w, https:\/\/pbagora.s3.amazonaws.com\/2025\/04\/11114659\/WhatsApp-Image-2025-04-11-at-10.13.19-1-538x600.jpeg 538w, https:\/\/pbagora.s3.amazonaws.com\/2025\/04\/11114659\/WhatsApp-Image-2025-04-11-at-10.13.19-1.jpeg 1129w\" sizes=\"(max-width: 918px) 100vw, 918px\" \/><\/p>\n<p>A\u00a0Pol\u00edcia Civil da Para\u00edba\u00a0divulgou nesta sexta-feira (11), a foto de Raul Soares de Lima, de 24 anos, acusado de envolvimento em um\u00a0roubo seguido de morte\u00a0na cidade de Pianc\u00f3, no sert\u00e3o paraibano. O crime chocou a regi\u00e3o no dia 31 de mar\u00e7o e vitimou uma\u00a0mulher de 42 anos, que foi\u00a0baleada covardemente\u00a0ao tentar fugir de assaltantes que invadiram sua resid\u00eancia.<\/p>\n\n\n\n<p>Segundo o&nbsp;delegado Ilamilton Simpl\u00edcio, da 17\u00aa Delegacia Seccional de Itaporanga, o acusado integra um grupo que&nbsp;invadiu a casa da v\u00edtima&nbsp;para roubar. Em meio ao assalto, a mulher, em&nbsp;desespero, tentou correr, mas foi&nbsp;atingida pelos disparos.<\/p>\n\n\n\n<p>\u201cA Pol\u00edcia Civil, aqui na regi\u00e3o do Vale do Pianc\u00f3 est\u00e1 divulgando a foto e o nome de um dos&nbsp;indiv\u00edduos que participou daquele latroc\u00ednio ocorrido na cidade de Pianc\u00f3, que vitimou uma mulher, uma m\u00e3e de fam\u00edlia de 42 anos de idade. Portanto, com a&nbsp;decreta\u00e7\u00e3o da pris\u00e3o preventiva desse indiv\u00edduo e com a expedi\u00e7\u00e3o de seu mandado de pris\u00e3o,&nbsp;ele passa a ser considerado foragido e procurado\u201d, destacou o delegado.<\/p>\n\n\n\n<p>As for\u00e7as de seguran\u00e7a acreditam que com a divulga\u00e7\u00e3o a sociedade pode contribuir com a pris\u00e3o do acusado. \u201cPol\u00edcia Civil divulga sua foto&nbsp;e seu nome, para que a popula\u00e7\u00e3o possa contribuir no sentido de indicar poss\u00edvel&nbsp;paradeiro desse marginal\u201d, concluiu Ilamilton.<\/p>\n\n\n\n<p>Quem tiver informa\u00e7\u00f5es sobre o paradeiro de Raul Soares de Lima pode\u00a0entrar em contato\u00a0com a\u00a0Delegacia de Pianc\u00f3, ligar para o\u00a0190 (Pol\u00edcia Militar)\u00a0ou\u00a0197 (Pol\u00edcia Civil), de forma\u00a0an\u00f4nima. As investiga\u00e7\u00f5es continuam para\u00a0identificar e prender outros participantes\u00a0do crime. A expectativa \u00e9 que, com a captura do foragido, novas pistas ajudem a\u00a0desarticular\u00a0a quadrilha respons\u00e1vel.<\/p>\n\n\n\n<p><strong><em>PB Agora<\/em><\/strong><\/p>\n","protected":false},"excerpt":{"rendered":"<p><img loading=\"lazy\" decoding=\"async\" width=\"918\" height=\"1024\" src=\"https:\/\/pbagora.s3.amazonaws.com\/2025\/04\/11114659\/WhatsApp-Image-2025-04-11-at-10.13.19-1-918x1024.jpeg\" class=\"attachment-large size-large wp-post-image\" alt=\"\"><\/p>\n<p>A\u00a0Pol\u00edcia Civil da Para\u00edba\u00a0divulgou nesta sexta-feira (11), a foto de Raul Soares de Lima, de 24 anos, acusado\u2026<\/p>\n","protected":false},"author":123457,"featured_media":0,"comment_status":"closed","ping_status":"closed","sticky":false,"template":"","format":"standard","meta":{"advgb_blocks_editor_width":"","advgb_blocks_columns_visual_guide":"","footnotes":""},"categories":[34],"tags":[10840,35,10839],"class_list":["post-56295","post","type-post","status-publish","format-standard","hentry","category-g1","tag-destaque-centro-03","tag-g1","tag-policial"],"author_meta":{"display_name":"Reda\u00e7\u00e3o","author_link":"https:\/\/sindaopcpb.org.br\/author\/redacao\/"},"featured_img":null,"coauthors":[],"tax_additional":{"categories":{"linked":["<a href=\"https:\/\/sindaopcpb.org.br\/g1\/\" class=\"advgb-post-tax-term\">G1<\/a>"],"unlinked":["<span class=\"advgb-post-tax-term\">G1<\/span>"]},"tags":{"linked":["<a href=\"https:\/\/sindaopcpb.org.br\/g1\/\" class=\"advgb-post-tax-term\">Destaque Centro 03<\/a>","<a href=\"https:\/\/sindaopcpb.org.br\/g1\/\" class=\"advgb-post-tax-term\">g1<\/a>","<a href=\"https:\/\/sindaopcpb.org.br\/g1\/\" class=\"advgb-post-tax-term\">Policial<\/a>"],"unlinked":["<span class=\"advgb-post-tax-term\">Destaque Centro 03<\/span>","<span class=\"advgb-post-tax-term\">g1<\/span>","<span class=\"advgb-post-tax-term\">Policial<\/span>"]}},"comment_count":"0","relative_dates":{"created":"Publicado 1 ano atr\u00e1s","modified":"Atualizado 1 ano atr\u00e1s"},"absolute_dates":{"created":"Publicado em 11 de abril de 2025","modified":"Atualizado em 11 de abril de 2025"},"absolute_dates_time":{"created":"Publicado em 11 de abril de 2025 13:28","modified":"Atualizado em 11 de abril de 2025 13:28"},"featured_img_caption":"","series_order":"","_links":{"self":[{"href":"https:\/\/sindaopcpb.org.br\/index.php\/wp-json\/wp\/v2\/posts\/56295","targetHints":{"allow":["GET"]}}],"collection":[{"href":"https:\/\/sindaopcpb.org.br\/index.php\/wp-json\/wp\/v2\/posts"}],"about":[{"href":"https:\/\/sindaopcpb.org.br\/index.php\/wp-json\/wp\/v2\/types\/post"}],"author":[{"embeddable":true,"href":"https:\/\/sindaopcpb.org.br\/index.php\/wp-json\/wp\/v2\/users\/123457"}],"replies":[{"embeddable":true,"href":"https:\/\/sindaopcpb.org.br\/index.php\/wp-json\/wp\/v2\/comments?post=56295"}],"version-history":[{"count":4,"href":"https:\/\/sindaopcpb.org.br\/index.php\/wp-json\/wp\/v2\/posts\/56295\/revisions"}],"predecessor-version":[{"id":56313,"href":"https:\/\/sindaopcpb.org.br\/index.php\/wp-json\/wp\/v2\/posts\/56295\/revisions\/56313"}],"wp:attachment":[{"href":"https:\/\/sindaopcpb.org.br\/index.php\/wp-json\/wp\/v2\/media?parent=56295"}],"wp:term":[{"taxonomy":"category","embeddable":true,"href":"https:\/\/sindaopcpb.org.br\/index.php\/wp-json\/wp\/v2\/categories?post=56295"},{"taxonomy":"post_tag","embeddable":true,"href":"https:\/\/sindaopcpb.org.br\/index.php\/wp-json\/wp\/v2\/tags?post=56295"}],"curies":[{"name":"wp","href":"https:\/\/api.w.org\/{rel}","templated":true}]}}